{"id":14359,"date":"2024-03-22T12:27:27","date_gmt":"2024-03-22T15:27:27","guid":{"rendered":"https:\/\/revistaempresarios.net\/web\/?p=14359"},"modified":"2024-03-22T12:27:27","modified_gmt":"2024-03-22T15:27:27","slug":"pottencial-firma-parceria-com-namu-para-levar-servicos-de-bem-estar-e-saude-a-clientes-de-seguros","status":"publish","type":"post","link":"https:\/\/revistaempresarios.net\/web\/2024\/03\/22\/pottencial-firma-parceria-com-namu-para-levar-servicos-de-bem-estar-e-saude-a-clientes-de-seguros\/","title":{"rendered":"Pottencial firma parceria com Namu para levar servi\u00e7os de bem-estar e sa\u00fade a clientes de seguros"},"content":{"rendered":"<div class=\"itemBody\">\n<div class=\"itemIntroText\">\n<p>Usu\u00e1rios do produto Vida da Pottencial ter\u00e3o acesso a rede de academias, cursos de sa\u00fade e escaneamento facial na plataforma &#8216;one-stop-shop&#8217;<\/p>\n<\/div>\n<div class=\"itemFullText\">\n<p>A Pottencial Seguradora, l\u00edder em seguro garantia no Brasil h\u00e1 sete anos, e a plataforma Namu deram in\u00edcio a uma parceria in\u00e9dita para ofertar servi\u00e7os de sa\u00fade e bem-estar aos seus clientes. Com essa parceria, todos os clientes da Pottencial, inclu\u00eddos no produto Vida, ter\u00e3o acesso \u00e0 plataforma Namu, beneficiando-se de uma experi\u00eancia de usu\u00e1rio otimizada e uma variedade de vantagens. Entre os principais benef\u00edcios, os segurados ter\u00e3o acesso a uma extensa rede com mais de 2 mil academias conveniadas, teleorienta\u00e7\u00e3o com profissionais especializados em \u00e1reas como condicionamento f\u00edsico, nutri\u00e7\u00e3o, psicologia, enfermagem e est\u00e9tica, al\u00e9m orienta\u00e7\u00e3o financeira e jur\u00eddica.<\/p>\n<p>Uma das caracter\u00edsticas distintivas da plataforma Namu \u00e9 seu inovador escaneamento facial, que leva apenas 10 segundos utilizando a c\u00e2mera do celular. Esse recurso oferece alertas sobre os \u00edndices de sa\u00fade e sinais vitais cruciais, incluindo press\u00e3o arterial, batimento card\u00edaco e satura\u00e7\u00e3o, tornando-se uma ferramenta essencial para a vigil\u00e2ncia di\u00e1ria da sa\u00fade. Para atender \u00e0s necessidades imediatas dos usu\u00e1rios, a Namu disponibiliza uma assistente virtual humanizada, dotada de intelig\u00eancia artificial e treinada para responder a qualquer d\u00favida relacionada \u00e0 sa\u00fade e bem-estar a qualquer momento. Al\u00e9m disso, mais de 5 mil aulas, programas e cursos est\u00e3o dispon\u00edveis na plataforma, abrangendo uma ampla variedade de temas, como atividades f\u00edsicas, h\u00e1bitos alimentares saud\u00e1veis e medita\u00e7\u00e3o, entre outros.<\/p>\n<p>Rafael Oliveira, Head do produto Vida da Pottencial, ressalta que a uni\u00e3o das marcas tem o intuito de promover aten\u00e7\u00e3o prim\u00e1ria na qualidade de vida e sa\u00fade das pessoas, atrelados ao cuidado f\u00edsico, mental e nutricional. \u201cEstamos entusiasmados com esta parceria pois ela vai ao encontro do que buscamos oferecer para o nosso cliente: uma experi\u00eancia \u00fanica no mercado de seguros. O foco aqui \u00e9 atuar na preven\u00e7\u00e3o e promover os cuidados iniciais e di\u00e1rios para melhoria na qualidade de vida das pessoas, com solu\u00e7\u00f5es para todas as idades e contextos sociais. A parceria ressalta o nosso comprometimento com o cliente ao oferecer produtos e servi\u00e7os que trazem um impacto positivo no seu dia a dia e v\u00e3o al\u00e9m das coberturas de vida e acidentes\u201d, refor\u00e7a Rafael.<\/p>\n<p>O aplicativo apresenta uma solu\u00e7\u00e3o completa de bem-estar, reunindo uma abordagem hol\u00edstica que se concentra na promo\u00e7\u00e3o de h\u00e1bitos saud\u00e1veis e na preven\u00e7\u00e3o, tudo isso em uma \u00fanica plataforma com \u00f3tima rela\u00e7\u00e3o custo-benef\u00edcio, tornando-o ainda mais atraente e eficiente para os segurados. A parceria tem in\u00edcio imediato e vale para todo o pa\u00eds.<\/p>\n<p>Felipe Machado, Head Comercial da Namu, explica que toda a plataforma \u00e9 desenvolvida com estudos para uma jornada e experi\u00eancia completa do usu\u00e1rio. Os servi\u00e7os se completam e atraem o consumidor como um todo, sendo uma plataforma 100% plural e aderente a todos os perfis e idades. \u201cNotamos que p\u00f3s-pandemia uma parcela mais jovem da popula\u00e7\u00e3o est\u00e1 procurando servi\u00e7os de seguros e quando ele vem atrelado com benef\u00edcios \u00e9 visto como mais completo\u201d, informa.<\/p>\n<p>Rafael acrescenta: \u201cOferecer aos nossos clientes do seguro Vida o acesso \u00e0 plataforma tamb\u00e9m ajudar\u00e1 a popularizar servi\u00e7os pagos, de forma gratuita, que impactam diretamente na sa\u00fade e na qualidade de vida dos segurados. N\u00f3s temos o real desejo de nos aproximar cada vez mais dos nossos clientes\u201d.<\/p>\n<p><strong>Sobre a Pottencial<\/strong><\/p>\n<p>Fundada pela fam\u00edlia Geo em 2010, em Belo Horizonte, a Pottencial \u00e9 l\u00edder nacional do seguro Garantia desde 2017 e a vice-l\u00edder do Fian\u00e7a Locat\u00edcia desde 2018. Al\u00e9m desses produtos, a Pottencial oferece ainda, em todo o pa\u00eds, os seguros Residencial, Empresarial, M\u00e1quinas e Equipamentos, Imobili\u00e1rio, Riscos de Engenharia e Vida. A Pottencial Seguradora tem os pilares de tecnologia, pessoas e foco no cliente como principais aliados no desenvolvimento de solu\u00e7\u00f5es para tornar a contrata\u00e7\u00e3o de um seguro cada vez mais \u00e1gil e simples.<\/p>\n<\/div>\n<\/div>\n<div class=\"e-mailit_toolbox circular  size48\">\n<div class=\"e-mailit_btn_EMAILiT\"><\/div>\n<\/div>\n","protected":false},"excerpt":{"rendered":"<p>Usu\u00e1rios do produto Vida da Pottencial ter\u00e3o acesso a rede de academias, cursos de sa\u00fade e escaneamento facial na plataforma &#8216;one-stop-shop&#8217; A Pottencial Seguradora, l\u00edder em seguro garantia no Brasil h\u00e1 sete anos, e a plataforma Namu deram in\u00edcio a uma parceria in\u00e9dita para ofertar servi\u00e7os de sa\u00fade e bem-estar aos seus clientes. Com essa [&hellip;]<\/p>\n","protected":false},"author":2,"featured_media":14360,"comment_status":"open","ping_status":"open","sticky":false,"template":"","format":"standard","meta":{"_jetpack_memberships_contains_paid_content":false,"_joinchat":[],"footnotes":""},"categories":[51,56,60],"tags":[9252],"featured_image_src":{"landsacpe":["https:\/\/revistaempresarios.net\/web\/wp-content\/uploads\/2024\/03\/89a7012f4c88cc41b66cd7025935d0f8_XL-1140x445.jpg",1140,445,true],"list":["https:\/\/revistaempresarios.net\/web\/wp-content\/uploads\/2024\/03\/89a7012f4c88cc41b66cd7025935d0f8_XL-463x348.jpg",463,348,true],"medium":["https:\/\/revistaempresarios.net\/web\/wp-content\/uploads\/2024\/03\/89a7012f4c88cc41b66cd7025935d0f8_XL-275x300.jpg",275,300,true],"full":["https:\/\/revistaempresarios.net\/web\/wp-content\/uploads\/2024\/03\/89a7012f4c88cc41b66cd7025935d0f8_XL.jpg",1220,1330,false]},"jetpack_sharing_enabled":true,"jetpack_featured_media_url":"https:\/\/revistaempresarios.net\/web\/wp-content\/uploads\/2024\/03\/89a7012f4c88cc41b66cd7025935d0f8_XL.jpg","jetpack-related-posts":[],"_links":{"self":[{"href":"https:\/\/revistaempresarios.net\/web\/wp-json\/wp\/v2\/posts\/14359"}],"collection":[{"href":"https:\/\/revistaempresarios.net\/web\/wp-json\/wp\/v2\/posts"}],"about":[{"href":"https:\/\/revistaempresarios.net\/web\/wp-json\/wp\/v2\/types\/post"}],"author":[{"embeddable":true,"href":"https:\/\/revistaempresarios.net\/web\/wp-json\/wp\/v2\/users\/2"}],"replies":[{"embeddable":true,"href":"https:\/\/revistaempresarios.net\/web\/wp-json\/wp\/v2\/comments?post=14359"}],"version-history":[{"count":1,"href":"https:\/\/revistaempresarios.net\/web\/wp-json\/wp\/v2\/posts\/14359\/revisions"}],"predecessor-version":[{"id":14361,"href":"https:\/\/revistaempresarios.net\/web\/wp-json\/wp\/v2\/posts\/14359\/revisions\/14361"}],"wp:featuredmedia":[{"embeddable":true,"href":"https:\/\/revistaempresarios.net\/web\/wp-json\/wp\/v2\/media\/14360"}],"wp:attachment":[{"href":"https:\/\/revistaempresarios.net\/web\/wp-json\/wp\/v2\/media?parent=14359"}],"wp:term":[{"taxonomy":"category","embeddable":true,"href":"https:\/\/revistaempresarios.net\/web\/wp-json\/wp\/v2\/categories?post=14359"},{"taxonomy":"post_tag","embeddable":true,"href":"https:\/\/revistaempresarios.net\/web\/wp-json\/wp\/v2\/tags?post=14359"}],"curies":[{"name":"wp","href":"https:\/\/api.w.org\/{rel}","templated":true}]}}