{"id":14281,"date":"2024-03-18T17:00:59","date_gmt":"2024-03-18T20:00:59","guid":{"rendered":"https:\/\/revistaempresarios.net\/web\/?p=14281"},"modified":"2024-03-18T17:02:38","modified_gmt":"2024-03-18T20:02:38","slug":"o-titulo-e-a-arte-em-hackear-sistemas-no-mercado-de-trabalho","status":"publish","type":"post","link":"https:\/\/revistaempresarios.net\/web\/2024\/03\/18\/o-titulo-e-a-arte-em-hackear-sistemas-no-mercado-de-trabalho\/","title":{"rendered":"A arte em Hackear sistemas no mercado de trabalho"},"content":{"rendered":"<p>Em 2019 a empreendedora e comunicadora Isa Quartarolli, criou a Women Leadership uma edutech que por meio da educa\u00e7\u00e3o capacita e incentiva mulheres a assumirem cargos de lideran\u00e7a feminina e se tornarem protagonistas das suas vidas. A edutech j\u00e1 conseguiu impactar a vida de mais de 15 mil mulheres com bootcamps, cursos, conte\u00fados e eventos como \u201cElas lideram na tecnologia\u201d, \u201cElas lideram com protagonismo\u201d, \u201cElas lideram &#8211; Semana da lideran\u00e7a feminina\u201d. O evento este ano acontece no m\u00eas do dia internacional das mulheres, mais exatamente dia 19 e levanta pautas sobre sobre o papel do protagonismo e da lideran\u00e7a feminina na sociedade.<\/p>\n<p>Depois de um final de semana protagonizado por grandes estrelas de Hollywood na premia\u00e7\u00e3o do Oscar com vit\u00f3rias merecidas, outras com certas decep\u00e7\u00f5es, fica dif\u00edcil n\u00e3o tra\u00e7ar um paralelo sobre as conquistas femininas apresentadas neste ano e o quanto isso significa na sociedade. Dentro do evento \u201cElas Lideram com protagonismo\u201d os pain\u00e9is ter\u00e3o estrelas da vida real, uma delas \u00e9 Val Paulino, Empres\u00e1ria de sucesso, a maranhense\u00a0 pode ser considerada uma entusiasta em seu ramo. Diretora comercial de um dos maiores grupos empresariais do Maranh\u00e3o \u2013 que re\u00fane constru\u00e7\u00e3o, infraestrutura e log\u00edstica, ind\u00fastria e distribui\u00e7\u00e3o de a\u00e7o, ind\u00fastria de PVC e presta\u00e7\u00e3o de servi\u00e7o \u2013 Val afirma n\u00e3o existir emo\u00e7\u00e3o maior em seu trabalho do que apertar a m\u00e3o dos que adquirem um im\u00f3vel pela primeira vez. Por isso sua \u00e1rea de a\u00e7\u00e3o preferida s\u00e3o os empreendimentos de moradia popular, a chamada faixa \u201csuper econ\u00f4mica\u201d do mercado imobili\u00e1rio. \u201cPoder sair do aluguel ou de uma situa\u00e7\u00e3o habitacional prec\u00e1ria \u00e9 uma enorme conquista\u201d, ressalta.<\/p>\n<p>Val se lembra ent\u00e3o de seus 19 anos, quando realizou o sonho da casa pr\u00f3pria \u2013 financiado pela Caixa Econ\u00f4mica Federal. \u201cEu tinha chegado em S\u00e3o Lu\u00eds havia dois anos, morava na casa de uma prima, trabalhava em uma concession\u00e1ria de carros durante o dia e estudava a noite\u201d, conta. Antes disso, por\u00e9m, existe toda uma trajet\u00f3ria de supera\u00e7\u00e3o. (trecho retirado de entrevista cedida para a revista Forbes).<\/p>\n<p>Inspirada em trajet\u00f3rias fant\u00e1sticas como essa o \u201cElas lideram com protagonismo\u201d\u00a0 tem como prop\u00f3sito incentivar mulheres de todo o Brasil a se tornarem protagonistas das suas vidas e fortalecerem seu papel como l\u00edderes na sociedade, al\u00e9m disso, no evento ser\u00e1 discutido como desenvolver habilidades para hackear o sistema corporativo e discutir quais mudan\u00e7as necess\u00e1rias para a nova era do feminino no mercado de trabalho.<\/p>\n<p>Dentre os nomes das convidadas para palestrar est\u00e3o: Erika Mello (Gerente S\u00eanior de Branding na Genial Care), Ilana Fernandes\u00a0(Gerente de Sistemas da Ra\u00edzen), Luciana Marcelino (Rela\u00e7\u00f5es P\u00fablicas e Estrategista de Posicionamento de Marca), (Nadia L\u00e9aut\u00e9 Legrix\u00a0 (Fundadora da Blend Inspire), Marcele Gianmarino (Gerente de Diversidade da Sephora), Pryscilla Paiva (Apresentadora e Jornalista), Val Paulino (CEO na VP Neg\u00f3cios Imobili\u00e1rios) Isa Quartarolli (Fundadora Women Leadership), entre outras personalidades.<br \/>\n\u201cFalar de lideran\u00e7a feminina, equidade de g\u00eanero e da import\u00e2ncia do papel da mulher na sociedade \u00e9 algo que n\u00e3o deve apenas ser lembrado no m\u00eas de mar\u00e7o, e sim, o ano inteiro. Nesta quinta edi\u00e7\u00e3o do evento, a programa\u00e7\u00e3o do evento inclui palestras e pain\u00e9is onde vamos trazer um panorama geral do passado, presente e futuro da mulher e discutir sobre seu protagonismo no mundo\u201d, complementa Isa Quartarolli.<\/p>\n<p>Dentre estes pain\u00e9is, assuntos como enfrentar desafios corporativos e equil\u00edbrio entre vida pessoal e profissional s\u00e3o temas abordados pelas profissionais convidadas, al\u00e9m de an\u00e1lises e novidades sobre o mercado de trabalho.<\/p>\n<p>&nbsp;<\/p>\n<p>Vem com a gente?<\/p>\n<p>SERVI\u00c7O:<\/p>\n<p>Data: 19 de mar\u00e7o<\/p>\n<p>Local: Rua Corop\u00e9, 87, Pinheiros &#8211; S\u00e3o Paulo<br \/>\nHor\u00e1rio: 19h \u00e0s 22h<br \/>\nMais informa\u00e7\u00f5es e inscri\u00e7\u00f5es: <a href=\"https:\/\/elas.womenleadership.com.br\/#content\">https:\/\/elas.womenleadership.com.br\/#content<\/a><\/p>\n<p>Sobre Women Leadership:<\/p>\n<p>Fundada em 2019, a edutech que por meio da educa\u00e7\u00e3o promove eventos, bootcamps, cursos, conte\u00fados e networking para incentivar a lideran\u00e7a feminina na nova economia. O prop\u00f3sito \u00e9 fomentar o protagonismo feminino atrav\u00e9s da lideran\u00e7a. A WL conta com mais de 15 mil mulheres impactadas com os eventos e bootcamps presenciais e online. A startup conta com grandes parceiros apoiadores como Sebrae\/PR, Cubo Ita\u00fa, Loft, Movile, LinkedIn, EBANX, Olist, Grupo Botic\u00e1rio, Ambev, Ita\u00fa\u00a0 entre outros.<\/p>\n","protected":false},"excerpt":{"rendered":"<p>Em 2019 a empreendedora e comunicadora Isa Quartarolli, criou a Women Leadership uma edutech que por meio da educa\u00e7\u00e3o capacita e incentiva mulheres a assumirem cargos de lideran\u00e7a feminina e se tornarem protagonistas das suas vidas. A edutech j\u00e1 conseguiu impactar a vida de mais de 15 mil mulheres com bootcamps, cursos, conte\u00fados e eventos [&hellip;]<\/p>\n","protected":false},"author":2,"featured_media":14282,"comment_status":"open","ping_status":"open","sticky":false,"template":"","format":"standard","meta":{"_jetpack_memberships_contains_paid_content":false,"footnotes":""},"categories":[51,56,58,60],"tags":[],"featured_image_src":{"landsacpe":["https:\/\/revistaempresarios.net\/web\/wp-content\/uploads\/2024\/03\/13031316_WhatsApp_I.jpeg-630x445.jpeg",630,445,true],"list":["https:\/\/revistaempresarios.net\/web\/wp-content\/uploads\/2024\/03\/13031316_WhatsApp_I.jpeg-463x348.jpeg",463,348,true],"medium":["https:\/\/revistaempresarios.net\/web\/wp-content\/uploads\/2024\/03\/13031316_WhatsApp_I.jpeg-300x300.jpeg",300,300,true],"full":["https:\/\/revistaempresarios.net\/web\/wp-content\/uploads\/2024\/03\/13031316_WhatsApp_I.jpeg.jpeg",630,630,false]},"jetpack_sharing_enabled":true,"jetpack_featured_media_url":"https:\/\/revistaempresarios.net\/web\/wp-content\/uploads\/2024\/03\/13031316_WhatsApp_I.jpeg.jpeg","jetpack-related-posts":[],"_links":{"self":[{"href":"https:\/\/revistaempresarios.net\/web\/wp-json\/wp\/v2\/posts\/14281"}],"collection":[{"href":"https:\/\/revistaempresarios.net\/web\/wp-json\/wp\/v2\/posts"}],"about":[{"href":"https:\/\/revistaempresarios.net\/web\/wp-json\/wp\/v2\/types\/post"}],"author":[{"embeddable":true,"href":"https:\/\/revistaempresarios.net\/web\/wp-json\/wp\/v2\/users\/2"}],"replies":[{"embeddable":true,"href":"https:\/\/revistaempresarios.net\/web\/wp-json\/wp\/v2\/comments?post=14281"}],"version-history":[{"count":3,"href":"https:\/\/revistaempresarios.net\/web\/wp-json\/wp\/v2\/posts\/14281\/revisions"}],"predecessor-version":[{"id":14285,"href":"https:\/\/revistaempresarios.net\/web\/wp-json\/wp\/v2\/posts\/14281\/revisions\/14285"}],"wp:featuredmedia":[{"embeddable":true,"href":"https:\/\/revistaempresarios.net\/web\/wp-json\/wp\/v2\/media\/14282"}],"wp:attachment":[{"href":"https:\/\/revistaempresarios.net\/web\/wp-json\/wp\/v2\/media?parent=14281"}],"wp:term":[{"taxonomy":"category","embeddable":true,"href":"https:\/\/revistaempresarios.net\/web\/wp-json\/wp\/v2\/categories?post=14281"},{"taxonomy":"post_tag","embeddable":true,"href":"https:\/\/revistaempresarios.net\/web\/wp-json\/wp\/v2\/tags?post=14281"}],"curies":[{"name":"wp","href":"https:\/\/api.w.org\/{rel}","templated":true}]}}