{"id":14229,"date":"2024-03-15T07:59:42","date_gmt":"2024-03-15T10:59:42","guid":{"rendered":"https:\/\/revistaempresarios.net\/web\/?p=14229"},"modified":"2024-03-15T07:59:42","modified_gmt":"2024-03-15T10:59:42","slug":"como-o-marketing-pode-ajudar-jovens-a-se-encaixar-no-mundo","status":"publish","type":"post","link":"https:\/\/revistaempresarios.net\/web\/2024\/03\/15\/como-o-marketing-pode-ajudar-jovens-a-se-encaixar-no-mundo\/","title":{"rendered":"Como o Marketing pode ajudar jovens a se encaixar no mundo"},"content":{"rendered":"<section>\n<h4>Metade dos adolescentes dizem n\u00e3o ter um lugar no mundo e a sensa\u00e7\u00e3o de solid\u00e3o est\u00e1 sendo amplificada pela liquidez da realidade digital<\/h4>\n<p>Criar a sensa\u00e7\u00e3o de pertencimento e fazer com que as pessoas se reconhe\u00e7am como partes importantes de um grupo ou comunidade: este \u00e9 um dos objetivos mais importantes do Marketing moderno, sobretudo nos canais digitais. Igualmente importante \u00e9 a meta de estabelecer conex\u00f5es mais assertivas com o p\u00fablico jovem, os consumidores do futuro. Mas qual \u00e9 a rela\u00e7\u00e3o entre estas duas tarefas?<\/p>\n<p>Durante um painel apresentado no evento SXSW, nos Estados Unidos, Katya Hancock, diretora executiva da ONG Young Futures, compartilhou dados alarmantes sobre a solid\u00e3o relatada pelas gera\u00e7\u00f5es mais jovens. Atualmente, 50% dos adolescentes sentem que n\u00e3o se encaixam, n\u00e3o tem um lugar no mundo, e 25% dizem que se sentem muito solit\u00e1rios o tempo todo ou a maior parte do tempo.<\/p>\n<p>Neste panorama, seria de se esperar que a internet, local onde os adolescentes passam boa parte de seu dia-a-dia, fizesse o papel de um agente conciliador, integrando-os a comunidades relacionadas aos interesses de cada indiv\u00edduo. No entanto, Emily Weinstein, pesquisadora de Harvard, comenta que a tecnologia est\u00e1 amplificando situa\u00e7\u00f5es de tens\u00e3o.<\/p>\n<p>Nos \u00faltimos anos, termos como \u201cFear Of Missing Out\u201d (FOMO), que descreve o medo gerado pela possibilidade de perder algum evento ou novidade, e \u201cKnowledge of Missing Out\u201d (KOMO), utilizado para descrever a ansiedade desencadeada pela ci\u00eancia de que estamos perdendo alguma coisa, evidenciam que os membros das novas gera\u00e7\u00f5es sabem e sentem quando s\u00e3o exclu\u00eddos de certas situa\u00e7\u00f5es.<\/p>\n<p>O que isso tem a ver com o Marketing? Segundo Luiz Menezes, fundador da Trope, os membros da Young GenZ (13 aos 17 anos) s\u00e3o grandes consumidores e produtores de conte\u00fado. Em fun\u00e7\u00e3o disso, \u00e9 importante que os adultos \u2013 o que inclui as marcas que dialogam com este p\u00fablico \u2013 ofere\u00e7am espa\u00e7o para que os jovens se expressem e deem assist\u00eancia ao que for necess\u00e1rio, agindo como aliados e buscando estabelecer conex\u00f5es com os problemas e pensamentos dos adolescentes.<\/p>\n<p>Menezes completa pontuando que boa parte dos GenZ sofre de ansiedade, depress\u00e3o e problemas psicol\u00f3gicos, e portanto, o apoio para lidar de forma mais saud\u00e1vel com as redes sociais se faz extremamente necess\u00e1rio, principalmente pensando no efeito KOMO.<\/p>\n<\/section>\n","protected":false},"excerpt":{"rendered":"<p>Metade dos adolescentes dizem n\u00e3o ter um lugar no mundo e a sensa\u00e7\u00e3o de solid\u00e3o est\u00e1 sendo amplificada pela liquidez da realidade digital Criar a sensa\u00e7\u00e3o de pertencimento e fazer com que as pessoas se reconhe\u00e7am como partes importantes de um grupo ou comunidade: este \u00e9 um dos objetivos mais importantes do Marketing moderno, sobretudo [&hellip;]<\/p>\n","protected":false},"author":2,"featured_media":14230,"comment_status":"open","ping_status":"open","sticky":false,"template":"","format":"standard","meta":{"_jetpack_memberships_contains_paid_content":false,"footnotes":""},"categories":[51,60],"tags":[9194],"featured_image_src":{"landsacpe":["https:\/\/revistaempresarios.net\/web\/wp-content\/uploads\/2024\/03\/Como-o-Marketing-pode-ajudar-jovens-a-se-encaixar-no-mundo-jpg-935x445.webp",935,445,true],"list":["https:\/\/revistaempresarios.net\/web\/wp-content\/uploads\/2024\/03\/Como-o-Marketing-pode-ajudar-jovens-a-se-encaixar-no-mundo-jpg-463x348.webp",463,348,true],"medium":["https:\/\/revistaempresarios.net\/web\/wp-content\/uploads\/2024\/03\/Como-o-Marketing-pode-ajudar-jovens-a-se-encaixar-no-mundo-jpg-300x231.webp",300,231,true],"full":["https:\/\/revistaempresarios.net\/web\/wp-content\/uploads\/2024\/03\/Como-o-Marketing-pode-ajudar-jovens-a-se-encaixar-no-mundo-jpg.webp",935,720,false]},"jetpack_sharing_enabled":true,"jetpack_featured_media_url":"https:\/\/revistaempresarios.net\/web\/wp-content\/uploads\/2024\/03\/Como-o-Marketing-pode-ajudar-jovens-a-se-encaixar-no-mundo-jpg.webp","jetpack-related-posts":[],"_links":{"self":[{"href":"https:\/\/revistaempresarios.net\/web\/wp-json\/wp\/v2\/posts\/14229"}],"collection":[{"href":"https:\/\/revistaempresarios.net\/web\/wp-json\/wp\/v2\/posts"}],"about":[{"href":"https:\/\/revistaempresarios.net\/web\/wp-json\/wp\/v2\/types\/post"}],"author":[{"embeddable":true,"href":"https:\/\/revistaempresarios.net\/web\/wp-json\/wp\/v2\/users\/2"}],"replies":[{"embeddable":true,"href":"https:\/\/revistaempresarios.net\/web\/wp-json\/wp\/v2\/comments?post=14229"}],"version-history":[{"count":1,"href":"https:\/\/revistaempresarios.net\/web\/wp-json\/wp\/v2\/posts\/14229\/revisions"}],"predecessor-version":[{"id":14231,"href":"https:\/\/revistaempresarios.net\/web\/wp-json\/wp\/v2\/posts\/14229\/revisions\/14231"}],"wp:featuredmedia":[{"embeddable":true,"href":"https:\/\/revistaempresarios.net\/web\/wp-json\/wp\/v2\/media\/14230"}],"wp:attachment":[{"href":"https:\/\/revistaempresarios.net\/web\/wp-json\/wp\/v2\/media?parent=14229"}],"wp:term":[{"taxonomy":"category","embeddable":true,"href":"https:\/\/revistaempresarios.net\/web\/wp-json\/wp\/v2\/categories?post=14229"},{"taxonomy":"post_tag","embeddable":true,"href":"https:\/\/revistaempresarios.net\/web\/wp-json\/wp\/v2\/tags?post=14229"}],"curies":[{"name":"wp","href":"https:\/\/api.w.org\/{rel}","templated":true}]}}