{"id":14070,"date":"2024-03-06T09:16:11","date_gmt":"2024-03-06T12:16:11","guid":{"rendered":"https:\/\/revistaempresarios.net\/web\/?p=14070"},"modified":"2024-03-06T09:16:11","modified_gmt":"2024-03-06T12:16:11","slug":"dia-da-mulher-mulheres-que-fazem-a-diferenca","status":"publish","type":"post","link":"https:\/\/revistaempresarios.net\/web\/2024\/03\/06\/dia-da-mulher-mulheres-que-fazem-a-diferenca\/","title":{"rendered":"Dia da Mulher: mulheres que fazem a diferen\u00e7a"},"content":{"rendered":"<p>Juliana Vasconcellos \u00e9 carioca, com mais de 15 anos de experi\u00eancia \u00e0 frente da superintend\u00eancia de shopping centers. Inaugurou o Am\u00e9ricas Shopping, no Recreio dos Bandeirantes, em 2014, e viu de perto o processo de crescimento e matura\u00e7\u00e3o do bairro e do empreendimento ao longo da \u00faltima d\u00e9cada, consolidando o equipamento como um dos principais centros de compras, lazer e servi\u00e7os da regi\u00e3o, na Zona Oeste do Rio de Janeiro. Psic\u00f3loga de forma\u00e7\u00e3o, com MBA em Auditoria, Controladoria e Finan\u00e7as pela FGV, Juliana come\u00e7ou a carreira na \u00e1rea financeira de shopping centers em 1999.<\/p>\n<p>Nascida no Rio de Janeiro, ap\u00f3s passagens por diversos estados brasileiros, foi convidada a voltar para sua cidade natal, com o desafio de inaugurar o Am\u00e9ricas Shopping, onde esteve \u00e0 frente at\u00e9 2019. No cargo, acompanhou o processo de conclus\u00e3o das obras e comercializa\u00e7\u00e3o do empreendimento. Ao longo dos anos participou da consolida\u00e7\u00e3o do empreendimento por meio da chegada de marcas relevantes do varejo nacional e da realiza\u00e7\u00e3o de grandes eventos, que contribuem para o aumento do fluxo do empreendimento. Em 2023, Juliana retornou ao Am\u00e9ricas Shopping. Vem trabalhando, ao longo dos anos, habilidades que todo superintendente deve ter, como negocia\u00e7\u00e3o, foco na experi\u00eancia do cliente e gest\u00e3o eficiente. \u201cComo mulher e m\u00e3e, \u00e9 sempre um desafio atuar na lideran\u00e7a de shopping centers. E os desafios me motivam!\u201d, refor\u00e7a a executiva.<\/p>\n","protected":false},"excerpt":{"rendered":"<p>Juliana Vasconcellos \u00e9 carioca, com mais de 15 anos de experi\u00eancia \u00e0 frente da superintend\u00eancia de shopping centers. Inaugurou o Am\u00e9ricas Shopping, no Recreio dos Bandeirantes, em 2014, e viu de perto o processo de crescimento e matura\u00e7\u00e3o do bairro e do empreendimento ao longo da \u00faltima d\u00e9cada, consolidando o equipamento como um dos principais [&hellip;]<\/p>\n","protected":false},"author":2,"featured_media":14071,"comment_status":"open","ping_status":"open","sticky":false,"template":"","format":"standard","meta":{"_jetpack_memberships_contains_paid_content":false,"footnotes":""},"categories":[51,56,60],"tags":[9123],"featured_image_src":{"landsacpe":["https:\/\/revistaempresarios.net\/web\/wp-content\/uploads\/2024\/03\/a4b71b26-11dd-4e7c-af78-12c27aac84b5-1140x445.jpg",1140,445,true],"list":["https:\/\/revistaempresarios.net\/web\/wp-content\/uploads\/2024\/03\/a4b71b26-11dd-4e7c-af78-12c27aac84b5-463x348.jpg",463,348,true],"medium":["https:\/\/revistaempresarios.net\/web\/wp-content\/uploads\/2024\/03\/a4b71b26-11dd-4e7c-af78-12c27aac84b5-300x200.jpg",300,200,true],"full":["https:\/\/revistaempresarios.net\/web\/wp-content\/uploads\/2024\/03\/a4b71b26-11dd-4e7c-af78-12c27aac84b5.jpg",1600,1066,false]},"jetpack_sharing_enabled":true,"jetpack_featured_media_url":"https:\/\/revistaempresarios.net\/web\/wp-content\/uploads\/2024\/03\/a4b71b26-11dd-4e7c-af78-12c27aac84b5.jpg","jetpack-related-posts":[],"_links":{"self":[{"href":"https:\/\/revistaempresarios.net\/web\/wp-json\/wp\/v2\/posts\/14070"}],"collection":[{"href":"https:\/\/revistaempresarios.net\/web\/wp-json\/wp\/v2\/posts"}],"about":[{"href":"https:\/\/revistaempresarios.net\/web\/wp-json\/wp\/v2\/types\/post"}],"author":[{"embeddable":true,"href":"https:\/\/revistaempresarios.net\/web\/wp-json\/wp\/v2\/users\/2"}],"replies":[{"embeddable":true,"href":"https:\/\/revistaempresarios.net\/web\/wp-json\/wp\/v2\/comments?post=14070"}],"version-history":[{"count":1,"href":"https:\/\/revistaempresarios.net\/web\/wp-json\/wp\/v2\/posts\/14070\/revisions"}],"predecessor-version":[{"id":14072,"href":"https:\/\/revistaempresarios.net\/web\/wp-json\/wp\/v2\/posts\/14070\/revisions\/14072"}],"wp:featuredmedia":[{"embeddable":true,"href":"https:\/\/revistaempresarios.net\/web\/wp-json\/wp\/v2\/media\/14071"}],"wp:attachment":[{"href":"https:\/\/revistaempresarios.net\/web\/wp-json\/wp\/v2\/media?parent=14070"}],"wp:term":[{"taxonomy":"category","embeddable":true,"href":"https:\/\/revistaempresarios.net\/web\/wp-json\/wp\/v2\/categories?post=14070"},{"taxonomy":"post_tag","embeddable":true,"href":"https:\/\/revistaempresarios.net\/web\/wp-json\/wp\/v2\/tags?post=14070"}],"curies":[{"name":"wp","href":"https:\/\/api.w.org\/{rel}","templated":true}]}}