{"id":13973,"date":"2024-02-25T17:49:04","date_gmt":"2024-02-25T20:49:04","guid":{"rendered":"https:\/\/revistaempresarios.net\/web\/?p=13973"},"modified":"2024-02-25T17:49:04","modified_gmt":"2024-02-25T20:49:04","slug":"marcelo-melo-estreia-no-rio-open-com-novo-patrocinio-de-marca-esportiva","status":"publish","type":"post","link":"https:\/\/revistaempresarios.net\/web\/2024\/02\/25\/marcelo-melo-estreia-no-rio-open-com-novo-patrocinio-de-marca-esportiva\/","title":{"rendered":"Marcelo Melo estreia no Rio Open com novo patroc\u00ednio de marca esportiva"},"content":{"rendered":"<p>Alto Giro, marca refer\u00eancia em moda fitness e beachwear, firma parceria como nova patrocinadora de Marcelo Melo<\/p>\n<p>A Alto Giro, refer\u00eancia em moda fitness e beachwear, tem o prazer de anunciar sua mais recente parceria com o tenista Marcelo Melo, marcando sua estreia sob o patroc\u00ednio da marca durante a 10\u00aa edi\u00e7\u00e3o do Rio Open. O torneio, aguardado por f\u00e3s de todo o mundo, ser\u00e1 realizado no Rio de Janeiro de 17 a 25 de fevereiro.<\/p>\n<p>Reconhecido como o tenista brasileiro com o maior n\u00famero de t\u00edtulos e ocupante do posto de n\u00famero 1 do mundo por 56 semanas, acumula grandes conquistas, incluindo 37 t\u00edtulos de n\u00edvel ATP em duplas e 9 vit\u00f3rias em torneios ATP Masters 1000. Seus resultados mais relevantes incluem os campeonatos de Roland Garros em 2015 e de Wimbledon em 2017, consolidando sua posi\u00e7\u00e3o como um dos maiores nomes do esporte.<\/p>\n<p>Apesar de ser o primeiro atleta da modalidade a receber o patroc\u00ednio da marca, a Alto Giro j\u00e1 patrocina grandes nomes do beach tennis, incluindo os campe\u00f5es mundiais Andr\u00e9 Baran e a dupla Rafa e Patty. Essa colabora\u00e7\u00e3o com Marcelo Melo representa um passo significativo para a marca, refor\u00e7ando seu papel como uma apoiadora e patrocinadora de atletas e eventos esportivos de alto n\u00edvel.<\/p>\n<p>&#8220;Sempre acreditei que o esporte e a moda tem o poder de transformar. Com essa combina\u00e7\u00e3o, conseguimos expressar nossa paix\u00e3o pelo movimento e pela alta performance, que s\u00f3 \u00e9 poss\u00edvel atrav\u00e9s do comprometimento cont\u00ednuo que a Alto Giro tem em trazer inova\u00e7\u00e3o, tecnologia de ponta e seguran\u00e7a ao nosso consumidor&#8221;, relata Edson Recco, Diretor da Alto Giro.<\/p>\n<p>Marcelo far\u00e1 sua estreia sob o patroc\u00ednio da marca nesta semana, utilizando uma roupa desenvolvida com tecnologia de ponta e inova\u00e7\u00e3o t\u00eaxtil. Fabricada com tecidos de alta performance, ir\u00e1 proporcionar uma melhor respirabilidade, prote\u00e7\u00e3o UV e liberdade de movimento.<\/p>\n<p>\u201cEstou muito feliz e honrado com essa nova parceria e em integrar esse projeto pioneiro da Alto Giro em sua estreia no t\u00eanis ao acreditar no nosso esporte. Muito contente em ser o primeiro jogador a usar as roupas e por fazer isso em um torneio t\u00e3o especial para mim, como \u00e9 o Rio Open. Acredito que vamos trilhar um caminho de muito sucesso juntos daqui para frente. E estarei sempre pronto a colaborar com as cole\u00e7\u00f5es, com a tecnologia, para que a Alto Giro possa ser refer\u00eancia e fazer as melhores roupas de t\u00eanis do mercado brasileiro&#8221;, afirma Marcelo.<\/p>\n<p>Esse novo patroc\u00ednio representa mais um marco na jornada da marca como grande apoiadora de esporte e atletas brasileiros, possibilitando a alta performance em campeonatos e treinos.<\/p>\n<p><strong>Sobre a Alto Giro<\/strong><\/p>\n<p>No mercado h\u00e1 quatro d\u00e9cadas, a Alto Giro \u00e9 refer\u00eancia na confec\u00e7\u00e3o de roupas fitness e beachwear. Atrav\u00e9s da sinergia entre fornecedores, colaboradores e parceiros, a empresa desenvolve produtos de qualidade premium, com o que h\u00e1 de mais inovador em tecnologia do setor.<\/p>\n<p>Com sede em Maring\u00e1, no Paran\u00e1, e atua\u00e7\u00e3o em mais de tr\u00eas estados brasileiros e treze pa\u00edses, atrav\u00e9s de lojas pr\u00f3prias e multimarcas, a empresa fundada pelo casal Edson e Josete Recco e atualmente sob gest\u00e3o de Edson Filho e Claudia Reis, \u00e9 reconhecida pela gest\u00e3o \u00e9tica, responsabilidade social e valoriza\u00e7\u00e3o de pessoas.<\/p>\n<p>Com cole\u00e7\u00f5es inspiradas pela moda, hist\u00f3ria, cultura, arte, e na sociedade, a Alto Giro analisa o mercado e entende o momento atual para entregar o que o p\u00fablico procura, precisa e deseja, com lan\u00e7amentos exclusivos, inova\u00e7\u00e3o constante com foco na liberdade e no conforto dos praticantes e amantes de atividades f\u00edsicas e esportes.<\/p>\n<p>Sempre em busca da amplia\u00e7\u00e3o de seu portf\u00f3lio, a empresa conta com collabs importantes com celebridades e influenciadoras, como Sabrina Sato e Th\u00e1ssia Naves e com patroc\u00ednio a importantes atletas de alta performance, como Andr\u00e9 Baran, e a dupla Rafa e Patty, ambos campe\u00f5es mundiais de beach tennis.<\/p>\n<p><strong>Mais informa\u00e7\u00f5es: https:\/\/www.altogiro.com.br<\/strong><\/p>\n<p><strong>Instagram: https:\/\/instagram.com\/altogiro<\/strong><\/p>\n","protected":false},"excerpt":{"rendered":"<p>Alto Giro, marca refer\u00eancia em moda fitness e beachwear, firma parceria como nova patrocinadora de Marcelo Melo A Alto Giro, refer\u00eancia em moda fitness e beachwear, tem o prazer de anunciar sua mais recente parceria com o tenista Marcelo Melo, marcando sua estreia sob o patroc\u00ednio da marca durante a 10\u00aa edi\u00e7\u00e3o do Rio Open. [&hellip;]<\/p>\n","protected":false},"author":2,"featured_media":13974,"comment_status":"open","ping_status":"open","sticky":false,"template":"","format":"standard","meta":{"_jetpack_memberships_contains_paid_content":false,"footnotes":""},"categories":[1],"tags":[9092],"featured_image_src":{"landsacpe":["https:\/\/revistaempresarios.net\/web\/wp-content\/uploads\/2024\/02\/75d78285-6666-4820-bbce-15dc15079da4-1140x445.jpg",1140,445,true],"list":["https:\/\/revistaempresarios.net\/web\/wp-content\/uploads\/2024\/02\/75d78285-6666-4820-bbce-15dc15079da4-463x348.jpg",463,348,true],"medium":["https:\/\/revistaempresarios.net\/web\/wp-content\/uploads\/2024\/02\/75d78285-6666-4820-bbce-15dc15079da4-300x225.jpg",300,225,true],"full":["https:\/\/revistaempresarios.net\/web\/wp-content\/uploads\/2024\/02\/75d78285-6666-4820-bbce-15dc15079da4.jpg",1280,960,false]},"jetpack_sharing_enabled":true,"jetpack_featured_media_url":"https:\/\/revistaempresarios.net\/web\/wp-content\/uploads\/2024\/02\/75d78285-6666-4820-bbce-15dc15079da4.jpg","jetpack-related-posts":[],"_links":{"self":[{"href":"https:\/\/revistaempresarios.net\/web\/wp-json\/wp\/v2\/posts\/13973"}],"collection":[{"href":"https:\/\/revistaempresarios.net\/web\/wp-json\/wp\/v2\/posts"}],"about":[{"href":"https:\/\/revistaempresarios.net\/web\/wp-json\/wp\/v2\/types\/post"}],"author":[{"embeddable":true,"href":"https:\/\/revistaempresarios.net\/web\/wp-json\/wp\/v2\/users\/2"}],"replies":[{"embeddable":true,"href":"https:\/\/revistaempresarios.net\/web\/wp-json\/wp\/v2\/comments?post=13973"}],"version-history":[{"count":1,"href":"https:\/\/revistaempresarios.net\/web\/wp-json\/wp\/v2\/posts\/13973\/revisions"}],"predecessor-version":[{"id":13975,"href":"https:\/\/revistaempresarios.net\/web\/wp-json\/wp\/v2\/posts\/13973\/revisions\/13975"}],"wp:featuredmedia":[{"embeddable":true,"href":"https:\/\/revistaempresarios.net\/web\/wp-json\/wp\/v2\/media\/13974"}],"wp:attachment":[{"href":"https:\/\/revistaempresarios.net\/web\/wp-json\/wp\/v2\/media?parent=13973"}],"wp:term":[{"taxonomy":"category","embeddable":true,"href":"https:\/\/revistaempresarios.net\/web\/wp-json\/wp\/v2\/categories?post=13973"},{"taxonomy":"post_tag","embeddable":true,"href":"https:\/\/revistaempresarios.net\/web\/wp-json\/wp\/v2\/tags?post=13973"}],"curies":[{"name":"wp","href":"https:\/\/api.w.org\/{rel}","templated":true}]}}