{"id":13965,"date":"2024-02-21T15:43:15","date_gmt":"2024-02-21T18:43:15","guid":{"rendered":"https:\/\/revistaempresarios.net\/web\/?p=13965"},"modified":"2024-02-21T15:43:51","modified_gmt":"2024-02-21T18:43:51","slug":"brasil-realizara-um-dos-maiores-eventos-de-esg-do-mundo","status":"publish","type":"post","link":"https:\/\/revistaempresarios.net\/web\/2024\/02\/21\/brasil-realizara-um-dos-maiores-eventos-de-esg-do-mundo\/","title":{"rendered":"Brasil realizar\u00e1 um dos maiores eventos de ESG do mundo"},"content":{"rendered":"<p>Entre os temas do evento est\u00e3o: mudan\u00e7as clim\u00e1ticas, ondas de calor, transi\u00e7\u00e3o energ\u00e9tica, energias renov\u00e1veis, cr\u00e9dito de carbono, cidades sustent\u00e1veis, economia circular, economia verde, economia azul, hidrog\u00eanio verde, direito ambiental, biodiversidade, combate ao racismo, sa\u00fade mental e bem-estar, diversidade e inclus\u00e3o, direitos humanos, intelig\u00eancia artificial e ESG, governan\u00e7a corporativa, investimentos sustent\u00e1veis, entre outros<\/p>\n<p>No cen\u00e1rio da sustentabilidade, o Brasil est\u00e1 prestes a sediar o Congresso Nacional de ESG, um evento que promete explorar novos caminhos em busca de pr\u00e1ticas empresariais mais respons\u00e1veis e inovadoras. Programado para os dias 11 e 12 de setembro, o congresso ter\u00e1 como palco a cidade de S\u00e3o Paulo, o maior centro econ\u00f4mico do pa\u00eds.<\/p>\n<p>Esse evento reunir\u00e1 l\u00edderes empresariais, governamentais, investidores e profissionais, oferecendo um ambiente prop\u00edcio para a discuss\u00e3o de estrat\u00e9gias inovadoras e a partilha de casos no campo da sustentabilidade e governan\u00e7a ambiental, social e corporativa (ESG). O evento visa fomentar a troca de ideias, aprendizado e networking entre os principais interessados em consolidar a sustentabilidade e o ESG como pilares fundamentais dos neg\u00f3cios modernos.<\/p>\n<p>O evento conta com o apoio na realiza\u00e7\u00e3o da Confedera\u00e7\u00e3o Nacional da Ind\u00fastria (CNI), da Confedera\u00e7\u00e3o Nacional do Com\u00e9rcio (CNC), da Confedera\u00e7\u00e3o das Associa\u00e7\u00f5es Comerciais e Empresariais do Brasil (CACB), do Conselho Federal de Administra\u00e7\u00e3o (CFA), do Conselho Federal da Ordem dos Advogados do Brasil (OAB Nacional), da Confedera\u00e7\u00e3o Nacional de Sa\u00fade (CNSa\u00fade), da Federa\u00e7\u00e3o Nacional das Empresas de Resseguros (Fenaber), da Associa\u00e7\u00e3o Brasileira de Marketing e Neg\u00f3cios (ABMN), da C\u00e2mara de Com\u00e9rcio Italiana de S\u00e3o Paulo (Italcam) entre outras, o congresso representa milhares de profissionais e organiza\u00e7\u00f5es comprometidos com essas tem\u00e1ticas.<\/p>\n<p>Sob o tema central &#8220;A Era da Jornada ESG &#8211; Impulsionando um Futuro Sustent\u00e1vel, Diante dos Desafios de Governan\u00e7a Ambiental, Social e de Corporativa&#8221;, os participantes ter\u00e3o a oportunidade de explorar uma ampla gama de t\u00f3picos, desde mitiga\u00e7\u00e3o das mudan\u00e7as clim\u00e1ticas at\u00e9 inclus\u00e3o social, sa\u00fade mental, governan\u00e7a respons\u00e1vel e integra\u00e7\u00e3o de metas ESG nas opera\u00e7\u00f5es organizacionais.<\/p>\n<p>O Congresso Nacional de ESG busca n\u00e3o apenas promover a conscientiza\u00e7\u00e3o, mas tamb\u00e9m impulsionar a colabora\u00e7\u00e3o e o avan\u00e7o das pr\u00e1ticas de ESG em todas as esferas da atividade econ\u00f4mica e social. Alinhando-se aos Objetivos de Desenvolvimento Sustent\u00e1vel (ODS) da ONU, o evento visa contribuir para a constru\u00e7\u00e3o de um mundo mais justo, sustent\u00e1vel e inclusivo.<\/p>\n<p>Com mais de 66 palestrantes confirmados, incluindo l\u00edderes de empresariais, tais como: Dra. Jeane Tsuitsui, Presidente do Grupo Fleury, Fabio Roth, CEO Grupo 5\u00e0sec Brasil, Marcelle Paiva, Rafael Morais, CFO da Caixa Vida e Previd\u00eancia, Esa\u00fa Borba, Superintendente da BB Seguros, Marcelle Paiva, COO Am\u00e9rica Latina da Oracle, Kin Honda, Diretor de ESG da KPMG, Julio Vieira, Diretor Comercial do Hcor,\u00a0Ricardo Mota, Diretor de Comunica\u00e7\u00e3o da Hapvida, Hamilton Felix, Vice-Presidente Setor P\u00fablico Am\u00e9rica Latina da DocSign, Luis Guggenberger, Presidente do Instituto Ultra, Sylvio Mode, Presidente da Autodesk, Denise Saboya, Diretora de ESG da Deloitte, David Canassa, Diretor Executivo da Reservas Votorantim, B\u00e1rbara Bueno, Diretora Executiva do Instituto Camargo Corr\u00eaa, Arthur Mitke, Vice-Presidente de Sinistros, Opera\u00e7\u00f5es e CX da Axa Seguros, Carolina Gra\u00e7a, Head de Sustentabilidade Am\u00e9rica Latina da Bayer, Cesar Sanches, Head de Sustentabilidade da B3 &#8211; Bolsa de Valores Brasileira, Paloma Capanema, Head de ESG e Sustentabilidade da Coty, Laurent Delache, CEO da Foundever Brasil, Andressa Borba, Diretora de Comunica\u00e7\u00e3o Corporativa e Impacto Positivo da Leroy Merlin, C\u00edntia Moraes Marin, Diretora de Comunica\u00e7\u00e3o e Sustentabilidade da Afya Educacional, entre outros.<\/p>\n<p>O congresso tamb\u00e9m contar\u00e1 com uma \u00e1rea de exposi\u00e7\u00e3o, onde empresas, institui\u00e7\u00f5es governamentais e organiza\u00e7\u00f5es do terceiro setor poder\u00e3o compartilhar seus cases e iniciativas de sustentabilidade e pr\u00e1ticas ESG.<\/p>\n<p>&#8220;A sustentabilidade e o ESG n\u00e3o s\u00e3o apenas escolhas, mas uma necessidade para organiza\u00e7\u00f5es que buscam prosperar em um mundo em constante transforma\u00e7\u00e3o. Este congresso \u00e9 uma plataforma essencial para inspirar l\u00edderes a trilharem novos caminhos em dire\u00e7\u00e3o a um futuro mais sustent\u00e1vel para todos&#8221;, ressaltou Cristiano Lag\u00f4as, presidente da Associa\u00e7\u00e3o Brasileira de ESG, respons\u00e1vel pela realiza\u00e7\u00e3o do evento.<\/p>\n<p>Para mais informa\u00e7\u00f5es sobre o congresso, incluindo detalhes sobre palestrantes, programa\u00e7\u00e3o e expositores, basta acessar:\u00a0www.congressodeesg.org.br<\/p>\n<p><strong>Sobre o Congresso Nacional de ESG<\/strong><\/p>\n<p>O Congresso Nacional de ESG \u00e9 um encontro anual que re\u00fane l\u00edderes empresariais, governamentais, investidores, personalidades e profissionais para discutir e promover pr\u00e1ticas de ESG no ambiente corporativo. Tem o objetivo de oferecer uma plataforma para a troca de conhecimentos, experi\u00eancias e melhores pr\u00e1ticas, auxiliando as empresas na incorpora\u00e7\u00e3o de princ\u00edpios de sustentabilidade e ESG em suas opera\u00e7\u00f5es e estrat\u00e9gias de neg\u00f3cios.<\/p>\n<p>Para mais informa\u00e7\u00f5es, basta acessar: www.congressodeesg.org.br<\/p>\n<p><strong>Sobre a Associa\u00e7\u00e3o Brasileira de ESG<\/strong><\/p>\n<p>A Associa\u00e7\u00e3o Brasileira de ESG \u00e9 uma entidade sem fins lucrativos que congrega e representa pessoas f\u00edsicas e jur\u00eddicas comprometidas com os padr\u00f5es e boas pr\u00e1ticas ESG &#8211; ambiental, social e de governan\u00e7a. Seu objetivo \u00e9 contribuir para que o Brasil seja um protagonista mundial em pr\u00e1ticas ESG, deixando um legado para um mundo mais justo, sustent\u00e1vel e inclusivo.<\/p>\n<p>Para mais informa\u00e7\u00f5es, basta acessar: www.associacaoesg.org.br<\/p>\n<p>Website: https:\/\/www.congressodeesg.org.br<\/p>\n<p>&nbsp;<\/p>\n","protected":false},"excerpt":{"rendered":"<p>Entre os temas do evento est\u00e3o: mudan\u00e7as clim\u00e1ticas, ondas de calor, transi\u00e7\u00e3o energ\u00e9tica, energias renov\u00e1veis, cr\u00e9dito de carbono, cidades sustent\u00e1veis, economia circular, economia verde, economia azul, hidrog\u00eanio verde, direito ambiental, biodiversidade, combate ao racismo, sa\u00fade mental e bem-estar, diversidade e inclus\u00e3o, direitos humanos, intelig\u00eancia artificial e ESG, governan\u00e7a corporativa, investimentos sustent\u00e1veis, entre outros No cen\u00e1rio [&hellip;]<\/p>\n","protected":false},"author":2,"featured_media":13966,"comment_status":"open","ping_status":"open","sticky":false,"template":"","format":"standard","meta":{"_jetpack_memberships_contains_paid_content":false,"footnotes":""},"categories":[51,54,57,60,1],"tags":[],"featured_image_src":{"landsacpe":["https:\/\/revistaempresarios.net\/web\/wp-content\/uploads\/2024\/02\/e6a7415f-bc64-4815-acaa-3de737e4aecd-1140x445.jpg",1140,445,true],"list":["https:\/\/revistaempresarios.net\/web\/wp-content\/uploads\/2024\/02\/e6a7415f-bc64-4815-acaa-3de737e4aecd-463x348.jpg",463,348,true],"medium":["https:\/\/revistaempresarios.net\/web\/wp-content\/uploads\/2024\/02\/e6a7415f-bc64-4815-acaa-3de737e4aecd-300x267.jpg",300,267,true],"full":["https:\/\/revistaempresarios.net\/web\/wp-content\/uploads\/2024\/02\/e6a7415f-bc64-4815-acaa-3de737e4aecd-scaled.jpg",2560,2276,false]},"jetpack_sharing_enabled":true,"jetpack_featured_media_url":"https:\/\/revistaempresarios.net\/web\/wp-content\/uploads\/2024\/02\/e6a7415f-bc64-4815-acaa-3de737e4aecd-scaled.jpg","jetpack-related-posts":[],"_links":{"self":[{"href":"https:\/\/revistaempresarios.net\/web\/wp-json\/wp\/v2\/posts\/13965"}],"collection":[{"href":"https:\/\/revistaempresarios.net\/web\/wp-json\/wp\/v2\/posts"}],"about":[{"href":"https:\/\/revistaempresarios.net\/web\/wp-json\/wp\/v2\/types\/post"}],"author":[{"embeddable":true,"href":"https:\/\/revistaempresarios.net\/web\/wp-json\/wp\/v2\/users\/2"}],"replies":[{"embeddable":true,"href":"https:\/\/revistaempresarios.net\/web\/wp-json\/wp\/v2\/comments?post=13965"}],"version-history":[{"count":1,"href":"https:\/\/revistaempresarios.net\/web\/wp-json\/wp\/v2\/posts\/13965\/revisions"}],"predecessor-version":[{"id":13967,"href":"https:\/\/revistaempresarios.net\/web\/wp-json\/wp\/v2\/posts\/13965\/revisions\/13967"}],"wp:featuredmedia":[{"embeddable":true,"href":"https:\/\/revistaempresarios.net\/web\/wp-json\/wp\/v2\/media\/13966"}],"wp:attachment":[{"href":"https:\/\/revistaempresarios.net\/web\/wp-json\/wp\/v2\/media?parent=13965"}],"wp:term":[{"taxonomy":"category","embeddable":true,"href":"https:\/\/revistaempresarios.net\/web\/wp-json\/wp\/v2\/categories?post=13965"},{"taxonomy":"post_tag","embeddable":true,"href":"https:\/\/revistaempresarios.net\/web\/wp-json\/wp\/v2\/tags?post=13965"}],"curies":[{"name":"wp","href":"https:\/\/api.w.org\/{rel}","templated":true}]}}