{"id":13754,"date":"2023-12-01T12:32:16","date_gmt":"2023-12-01T15:32:16","guid":{"rendered":"https:\/\/revistaempresarios.net\/web\/?p=13754"},"modified":"2023-12-01T12:32:16","modified_gmt":"2023-12-01T15:32:16","slug":"mentoria-de-compras-conjuntas-atrai-demanda-de-mais-de-300-empresas-no-brasil-conheca-o-modelo-de-negocio","status":"publish","type":"post","link":"https:\/\/revistaempresarios.net\/web\/2023\/12\/01\/mentoria-de-compras-conjuntas-atrai-demanda-de-mais-de-300-empresas-no-brasil-conheca-o-modelo-de-negocio\/","title":{"rendered":"Mentoria de compras conjuntas atrai demanda de mais de 300 empresas no Brasil; conhe\u00e7a o modelo de neg\u00f3cio"},"content":{"rendered":"<div class=\"itemBody\">\n<div class=\"itemIntroText\">\n<p>Levantamento da \u00c1rea Central contabiliza resultados de programa de incentivo e acelera\u00e7\u00e3o de compras conjuntas (Acelera) aplicados em grupos de neg\u00f3cios de 10 setores e 7 estados neg\u00f3cio pessoas<\/p>\n<\/div>\n<div class=\"itemFullText\">\n<p>A \u00c1rea Central, especialista em tecnologias e intelig\u00eancia para neg\u00f3cios, encerra 2023 com um marco importante em sua hist\u00f3ria. A companhia catarinense alcan\u00e7ou a marca de 300 empresas de dez segmentos diferentes impactadas pela Acelera, sua solu\u00e7\u00e3o de mentoria, capacita\u00e7\u00e3o, networking, e acelera\u00e7\u00e3o de compras conjuntas \u2014 modalidade de compra em que empresas se unem para adquirir produtos com maior poder de negocia\u00e7\u00e3o.<\/p>\n<p>Completando tr\u00eas anos de atividade, a Acelera j\u00e1 concluiu 19 turmas formadas por gestores e funcion\u00e1rios de redes associativas, franquias e centrais de neg\u00f3cios de sete estados: Santa Catarina, Minas Gerais, Esp\u00edrito Santo, Rio Grande do Sul, Rio Grande do Norte, Paran\u00e1 e Goi\u00e1s. Os grupos empresariais s\u00e3o de setores diversos, como minera\u00e7\u00e3o, metal-mec\u00e2nico, supermercados, lojas de materiais de constru\u00e7\u00e3o, pet shops e veterin\u00e1rias, farm\u00e1cia magistral, motorhome, pneus e Ensino Superior.<\/p>\n<p>De acordo com Jonatan da Costa, CEO da \u00c1rea Central, no per\u00edodo da mentoria com os grupos de neg\u00f3cios j\u00e1 foram movimentados mais de R$ 5 milh\u00f5es em compras conjuntas na aprendizagem do uso da estrat\u00e9gia.<\/p>\n<p>O valor movimentado durante as mentorias \u00e9 simb\u00f3lico, uma vez que o potencial financeiro \u00e9 muito maior. Com mais de 200 clientes, que representam dez mil empresas usu\u00e1rias da plataforma de gest\u00e3o AC Hub, a \u00c1rea Central contabilizou em 2022 mais de R$ 70 bilh\u00f5es em transa\u00e7\u00f5es de compras realizadas por redes associativas dentro de sua plataforma de gest\u00e3o.<\/p>\n<p>\u201cEm m\u00e9dia, as compras conjuntas geram economia de 5% a 15% (desconto dos produtos) em compara\u00e7\u00e3o aos pre\u00e7os pagos pelas empresas em compras individuais. Demonstrando ser uma estrat\u00e9gia de sucesso para esses grupos de neg\u00f3cios\u201d, afirma.<\/p>\n<p>Compra inteligente<\/p>\n<p>A aceleradora trabalha com especialistas de dados, que ajudam essas redes a conhecerem os potenciais do modelo de compra e os ajuda a explorarem e analisarem as informa\u00e7\u00f5es geradas pelo conjunto de empresas que comp\u00f5em o neg\u00f3cio. Assim, elas s\u00e3o capazes de obter melhores resultados e dados mais confi\u00e1veis para a tomada de decis\u00f5es de forma mais r\u00e1pida e assertiva.<\/p>\n<p>\u201cEntendemos a Acelera como um impulsionador do crescimento m\u00fatuo do mercado brasileiro de redes e centrais de neg\u00f3cios. Queremos educar o setor, fomentar o associativismo, e fornecer subs\u00eddios para que esses grupos melhorem seu posicionamento de marca e competividade\u201d, afirma.<\/p>\n<p>O programa de acelera\u00e7\u00e3o contempla principalmente grupos empresariais e sindicatos que re\u00fanem, no m\u00ednimo, dez empresas associadas e t\u00eam grandes volumes de compra. Mas pode envolver empresas avulsas, que se juntam a outras e passam a convergir. \u201cNossa proposta \u00e9 que dentro de seis meses, indiferente do n\u00edvel de maturidade que a empresa tenha, ela consiga fazer suas primeiras compras conjuntas e transforme o seu neg\u00f3cio\u201d.<\/p>\n<p>Para isso, a \u00c1rea Central desenvolveu uma metodologia em oito fases: alinhamento de expectativas; sensibiliza\u00e7\u00e3o com o grupo; capta\u00e7\u00e3o de informa\u00e7\u00f5es das empresas participantes; prepara\u00e7\u00e3o dos gestores; defini\u00e7\u00e3o das compras e negocia\u00e7\u00e3o com fornecedores; realiza\u00e7\u00e3o das compras conjuntas; e coleta de resultados.<\/p>\n<p>Desde ent\u00e3o, em tr\u00eas anos, a Acelera j\u00e1 realizou cerca de 300 treinamentos e mais de 5 milh\u00f5es de compras conjuntas. Ao todo, foram efetivados em torno de 600 pedidos, com mais de tr\u00eas mil produtos cotados e tr\u00eas mil adquiridos pelas empresas participantes.<\/p>\n<\/div>\n<\/div>\n<div class=\"e-mailit_toolbox circular  size48\">\n<div class=\"e-mailit_btn_EMAILiT\"><\/div>\n<\/div>\n","protected":false},"excerpt":{"rendered":"<p>Levantamento da \u00c1rea Central contabiliza resultados de programa de incentivo e acelera\u00e7\u00e3o de compras conjuntas (Acelera) aplicados em grupos de neg\u00f3cios de 10 setores e 7 estados neg\u00f3cio pessoas A \u00c1rea Central, especialista em tecnologias e intelig\u00eancia para neg\u00f3cios, encerra 2023 com um marco importante em sua hist\u00f3ria. A companhia catarinense alcan\u00e7ou a marca de [&hellip;]<\/p>\n","protected":false},"author":2,"featured_media":13755,"comment_status":"open","ping_status":"open","sticky":false,"template":"","format":"standard","meta":{"_jetpack_memberships_contains_paid_content":false,"footnotes":""},"categories":[51,54,57,60],"tags":[9052],"featured_image_src":{"landsacpe":["https:\/\/revistaempresarios.net\/web\/wp-content\/uploads\/2023\/12\/9340d9a576bfef894ee72aef7c78d7d5_XL-1140x445.jpg",1140,445,true],"list":["https:\/\/revistaempresarios.net\/web\/wp-content\/uploads\/2023\/12\/9340d9a576bfef894ee72aef7c78d7d5_XL-463x348.jpg",463,348,true],"medium":["https:\/\/revistaempresarios.net\/web\/wp-content\/uploads\/2023\/12\/9340d9a576bfef894ee72aef7c78d7d5_XL-300x205.jpg",300,205,true],"full":["https:\/\/revistaempresarios.net\/web\/wp-content\/uploads\/2023\/12\/9340d9a576bfef894ee72aef7c78d7d5_XL.jpg",1220,835,false]},"jetpack_sharing_enabled":true,"jetpack_featured_media_url":"https:\/\/revistaempresarios.net\/web\/wp-content\/uploads\/2023\/12\/9340d9a576bfef894ee72aef7c78d7d5_XL.jpg","jetpack-related-posts":[],"_links":{"self":[{"href":"https:\/\/revistaempresarios.net\/web\/wp-json\/wp\/v2\/posts\/13754"}],"collection":[{"href":"https:\/\/revistaempresarios.net\/web\/wp-json\/wp\/v2\/posts"}],"about":[{"href":"https:\/\/revistaempresarios.net\/web\/wp-json\/wp\/v2\/types\/post"}],"author":[{"embeddable":true,"href":"https:\/\/revistaempresarios.net\/web\/wp-json\/wp\/v2\/users\/2"}],"replies":[{"embeddable":true,"href":"https:\/\/revistaempresarios.net\/web\/wp-json\/wp\/v2\/comments?post=13754"}],"version-history":[{"count":1,"href":"https:\/\/revistaempresarios.net\/web\/wp-json\/wp\/v2\/posts\/13754\/revisions"}],"predecessor-version":[{"id":13756,"href":"https:\/\/revistaempresarios.net\/web\/wp-json\/wp\/v2\/posts\/13754\/revisions\/13756"}],"wp:featuredmedia":[{"embeddable":true,"href":"https:\/\/revistaempresarios.net\/web\/wp-json\/wp\/v2\/media\/13755"}],"wp:attachment":[{"href":"https:\/\/revistaempresarios.net\/web\/wp-json\/wp\/v2\/media?parent=13754"}],"wp:term":[{"taxonomy":"category","embeddable":true,"href":"https:\/\/revistaempresarios.net\/web\/wp-json\/wp\/v2\/categories?post=13754"},{"taxonomy":"post_tag","embeddable":true,"href":"https:\/\/revistaempresarios.net\/web\/wp-json\/wp\/v2\/tags?post=13754"}],"curies":[{"name":"wp","href":"https:\/\/api.w.org\/{rel}","templated":true}]}}