{"id":13454,"date":"2023-11-10T14:34:01","date_gmt":"2023-11-10T17:34:01","guid":{"rendered":"https:\/\/revistaempresarios.net\/web\/?p=13454"},"modified":"2023-11-10T14:34:01","modified_gmt":"2023-11-10T17:34:01","slug":"gigantes-chinesas-que-aderiram-ao-remessa-conforme-devem-movimentar-a-black-friday-2023","status":"publish","type":"post","link":"https:\/\/revistaempresarios.net\/web\/2023\/11\/10\/gigantes-chinesas-que-aderiram-ao-remessa-conforme-devem-movimentar-a-black-friday-2023\/","title":{"rendered":"Gigantes Chinesas que Aderiram ao Remessa Conforme Devem Movimentar a Black Friday 2023"},"content":{"rendered":"<div class=\"itemBody\">\n<div class=\"itemIntroText\">\n<p>Empresas nacionais devem se atentar a din\u00e2mica da data para n\u00e3o perderem espa\u00e7o para Amazon, Shein, Shoppe, AliExpress.<\/p>\n<\/div>\n<div class=\"itemFullText\">\n<p>Nos \u00faltimos anos, a Black Friday passou a ser uma data muito esperada pelos brasileiros, tanto pelos consumidores que n\u00e3o perdem a oportunidade de fazer uma compra, mas principalmente pelos empreendedores, empres\u00e1rios e grandes varejistas que enxergam essa data como o pontap\u00e9 inicial para as vendas de fim de ano. Assim, pode-se dizer que a data abre a temporada de compras &#8211; necess\u00e1rias ou sup\u00e9rfluas \u2013 j\u00e1 que todos est\u00e3o sendo impactado diariamente com promo\u00e7\u00f5es e novidades das suas lojas preferidas. E quem resiste a uma boa promo\u00e7\u00e3o aparecendo o tempo todo na tela do seu smartphone?<\/p>\n<p>Segundo Jackson Campos, especialista em com\u00e9rcio exterior \u201cas pessoas j\u00e1 est\u00e3o comprando mais pela internet e com a Black Friday batendo \u00e0 porta, elas v\u00e3o aproveitar as promo\u00e7\u00f5es e o clima de compras gerados pela data para adquirir produtos ainda mais baratos, o que impacta diretamente no aumento no volume de vendas e movimenta a economia\u201d. Para ele, as gigantes chinesas que j\u00e1 aderiram ao Remessa Conforme ser\u00e3o as grandes respons\u00e1veis pelo aumento de vendas na Black Friday 2023.<\/p>\n<p>De acordo com a Associa\u00e7\u00e3o Brasileira de Com\u00e9rcio Eletr\u00f4nico, as expectativas para a Black Friday 2023 s\u00e3o positivas. Ainda de acordo com a pesquisa, o faturamento do e-commerce deve aumentar 10% em 2023 e somente no primeiro semestre deste ano, o faturamento das vendas nesse segmento alcan\u00e7ou a marca de R\uff04 80,4 bilh\u00f5es. \u201cUma coisa \u00e9 certa: as pessoas querem comprar e as empresas que oferecerem mais benef\u00edcios ser\u00e3o as grandes vitoriosas no pr\u00f3ximo 24 de novembro e por isso, as empresas brasileiras precisam estar dispostas a competir de maneira saud\u00e1vel, priorizando o consumidor para n\u00e3o ficarem para tr\u00e1s daquelas que ir\u00e3o vender mais barato e com isen\u00e7\u00e3o de impostos, entregando no prazo\u201d \u2013 afirma categoricamente o especialista.<\/p>\n<p>Contudo, Campos refor\u00e7a que o aumento da demanda durante a data tamb\u00e9m coloca em evid\u00eancia os desafios log\u00edsticos enfrentados pelas empresas nacionais e internacionais. \u201cEmbora o mercado digital tenha ampliado as oportunidades de exporta\u00e7\u00e3o e facilitando a movimenta\u00e7\u00e3o de compras, ele tamb\u00e9m trouxe desafios log\u00edsticos. A demanda por entregas r\u00e1pidas e confi\u00e1veis tornou-se mais que essencial, levando as empresas a investirem ainda mais para atender \u00e0s expectativas dos potenciais consumidores\u201d, esclarece.<\/p>\n<p>A log\u00edstica de transporte e distribui\u00e7\u00e3o de mercadorias se torna fundamental nesse per\u00edodo para garantir que os produtos cheguem \u00e0s lojas e aos consumidores a tempo. E para isso, o especialista destaca que as empresas nacionais devem garantir um estoque adequado, prever com precis\u00e3o a demanda, coordenar a produ\u00e7\u00e3o, rever condi\u00e7\u00f5es de canais de distribui\u00e7\u00e3o, estrat\u00e9gias de log\u00edsticas e certificar que as mercadorias estejam prontas dentro do prazo. \u201cOutro ponto a ser destacado \u00e9 que as empresas que aderiram ao programa Remessa Conforme conseguem agilizar o processo de libera\u00e7\u00e3o alfandeg\u00e1ria, j\u00e1 que fazem o envio antecipado de informa\u00e7\u00f5es \u00e0 Receita Federal, o que reduz consideravelmente o tempo que os produtos passam retidos na alfandega, tornando assim todo o processo de importa\u00e7\u00e3o mais eficiente e a entrega mais r\u00e1pida \u2013 outro desafio para as empresas nacionais\u201d \u2013 comenta.<\/p>\n<p>Ou seja, o consumidor que aprendeu a fazer compras online e espera a Black Friday para fazer compras est\u00e1 cada vez mais exigente e de olho no que as empresas est\u00e3o ofertando. Por isso, o empres\u00e1rio deve estar atento a tudo para come\u00e7ar a temporada de vendas de fim de ano com o p\u00e9 direito. \u201cEntender a movimenta\u00e7\u00e3o do mercado, o perfil do seu consumidor e batalhar para oferecer descontos justos, produtos com qualidade e efic\u00e1cia na entrega \u00e9 a miss\u00e3o daqueles que desejam vender mais e fidelizar os clientes brasileiros\u201d \u2013 conclui Campos.<\/p>\n<p>Sobre o autor: Jackson Campos, Diretor de Rela\u00e7\u00f5es Institucionais da AGL Cargo, autor do livro Venda por telefone sem precisar visitar: Um guia para servi\u00e7os de com\u00e9rcio exterior, Campos atua com com\u00e9rcio exterior e rela\u00e7\u00f5es governamentais h\u00e1 anos, o que o coloca em posi\u00e7\u00e3o de destaque para abordar quaisquer desdobramentos relacionados \u00e0 importa\u00e7\u00e3o, exporta\u00e7\u00e3o, com\u00e9rcio exterior e lobby dentro da log\u00edstica farmac\u00eautica internacional. O especialista que tamb\u00e9m \u00e9 Fellow do CBEXs possui facilidade em explicar todos os processos e etapas que fazem parte do ciclo de vida de um determinado produto, desde a movimenta\u00e7\u00e3o de seus insumos at\u00e9 a sua entrega no cliente, desvendando dados, estat\u00edsticas e revelando os percal\u00e7os do com\u00e9rcio exterior.<\/p>\n<\/div>\n<\/div>\n<div class=\"e-mailit_toolbox circular  size48\">\n<div class=\"e-mailit_btn_EMAILiT\"><\/div>\n<\/div>\n","protected":false},"excerpt":{"rendered":"<p>Empresas nacionais devem se atentar a din\u00e2mica da data para n\u00e3o perderem espa\u00e7o para Amazon, Shein, Shoppe, AliExpress. Nos \u00faltimos anos, a Black Friday passou a ser uma data muito esperada pelos brasileiros, tanto pelos consumidores que n\u00e3o perdem a oportunidade de fazer uma compra, mas principalmente pelos empreendedores, empres\u00e1rios e grandes varejistas que enxergam [&hellip;]<\/p>\n","protected":false},"author":2,"featured_media":13455,"comment_status":"open","ping_status":"open","sticky":false,"template":"","format":"standard","meta":{"_jetpack_memberships_contains_paid_content":false,"footnotes":""},"categories":[51,54,56,57,58,60],"tags":[8936],"featured_image_src":{"landsacpe":["https:\/\/revistaempresarios.net\/web\/wp-content\/uploads\/2023\/11\/46ebaae31b98999853146fb13c2ac3d1_XL-1140x445.jpg",1140,445,true],"list":["https:\/\/revistaempresarios.net\/web\/wp-content\/uploads\/2023\/11\/46ebaae31b98999853146fb13c2ac3d1_XL-463x348.jpg",463,348,true],"medium":["https:\/\/revistaempresarios.net\/web\/wp-content\/uploads\/2023\/11\/46ebaae31b98999853146fb13c2ac3d1_XL-300x200.jpg",300,200,true],"full":["https:\/\/revistaempresarios.net\/web\/wp-content\/uploads\/2023\/11\/46ebaae31b98999853146fb13c2ac3d1_XL.jpg",1220,815,false]},"jetpack_sharing_enabled":true,"jetpack_featured_media_url":"https:\/\/revistaempresarios.net\/web\/wp-content\/uploads\/2023\/11\/46ebaae31b98999853146fb13c2ac3d1_XL.jpg","jetpack-related-posts":[],"_links":{"self":[{"href":"https:\/\/revistaempresarios.net\/web\/wp-json\/wp\/v2\/posts\/13454"}],"collection":[{"href":"https:\/\/revistaempresarios.net\/web\/wp-json\/wp\/v2\/posts"}],"about":[{"href":"https:\/\/revistaempresarios.net\/web\/wp-json\/wp\/v2\/types\/post"}],"author":[{"embeddable":true,"href":"https:\/\/revistaempresarios.net\/web\/wp-json\/wp\/v2\/users\/2"}],"replies":[{"embeddable":true,"href":"https:\/\/revistaempresarios.net\/web\/wp-json\/wp\/v2\/comments?post=13454"}],"version-history":[{"count":1,"href":"https:\/\/revistaempresarios.net\/web\/wp-json\/wp\/v2\/posts\/13454\/revisions"}],"predecessor-version":[{"id":13456,"href":"https:\/\/revistaempresarios.net\/web\/wp-json\/wp\/v2\/posts\/13454\/revisions\/13456"}],"wp:featuredmedia":[{"embeddable":true,"href":"https:\/\/revistaempresarios.net\/web\/wp-json\/wp\/v2\/media\/13455"}],"wp:attachment":[{"href":"https:\/\/revistaempresarios.net\/web\/wp-json\/wp\/v2\/media?parent=13454"}],"wp:term":[{"taxonomy":"category","embeddable":true,"href":"https:\/\/revistaempresarios.net\/web\/wp-json\/wp\/v2\/categories?post=13454"},{"taxonomy":"post_tag","embeddable":true,"href":"https:\/\/revistaempresarios.net\/web\/wp-json\/wp\/v2\/tags?post=13454"}],"curies":[{"name":"wp","href":"https:\/\/api.w.org\/{rel}","templated":true}]}}