{"id":13393,"date":"2023-11-09T13:13:02","date_gmt":"2023-11-09T16:13:02","guid":{"rendered":"https:\/\/revistaempresarios.net\/web\/?p=13393"},"modified":"2023-11-09T13:13:41","modified_gmt":"2023-11-09T16:13:41","slug":"affinity-seguro-viagem-anuncia-novas-contratacoes-no-rio-de-janeiro-e-sao-paulo","status":"publish","type":"post","link":"https:\/\/revistaempresarios.net\/web\/2023\/11\/09\/affinity-seguro-viagem-anuncia-novas-contratacoes-no-rio-de-janeiro-e-sao-paulo\/","title":{"rendered":"Affinity Seguro Viagem anuncia novas contrata\u00e7\u00f5es no Rio de Janeiro e S\u00e3o Paulo"},"content":{"rendered":"<div class=\"itemBody\">\n<div class=\"itemIntroText\">\n<p>J\u00e1 Rog\u00e9rio Gomes e Fabio Melo foram promovidos para gerentes setoriais do GSA<\/p>\n<\/div>\n<div class=\"itemFullText\">\n<p>O Affinity Seguro Viagem n\u00e3o cansa de investir para oferecer aos seus clientes e parceiros o melhor atendimento do mercado. Para isso, a empresa conta com uma equipe cada vez mais forte, com profissionais experientes e que fazem a diferen\u00e7a no dia a dia. Esse \u00e9 o caso de Wagner Figueiredo, que acaba de ser contratado como gerente de Novos Neg\u00f3cios para o Estado de S\u00e3o Paulo. Com mais de 20 anos de trabalho no turismo, ele j\u00e1 passou por consolidadoras, operadoras e outras empresas do segmento de seguros.<\/p>\n<p>Quem tamb\u00e9m chega para somar \u00e9 Juciara Evangelista, nova executiva de contas para o interior do Rio de Janeiro. Ela assumir\u00e1 a carteira que pertencia a Rog\u00e9rio Gomes, promovido a gerente setorial do GSA 1. E as mudan\u00e7as n\u00e3o param por a\u00ed. Fabio Melo tamb\u00e9m ganhou uma promo\u00e7\u00e3o e agora atuar\u00e1 como gerente setorial do GSA 2. Ambos ser\u00e3o liderados pelo diretor de GSA, Luiz Am\u00e9rico Guimar\u00e3es.<\/p>\n<p>&#8220;Essas mudan\u00e7as s\u00e3o bem significativas e estamos esperando um grande impacto em todas as \u00e1reas, pois s\u00e3o profissionais com muitos anos de mercado. Al\u00e9m de termos um time mais forte, com as pessoas que chegam, tamb\u00e9m consideramos importante valorizar aqueles que est\u00e3o conosco h\u00e1 anos. Acabamos de completar uma d\u00e9cada de sucesso e todo o nosso \u00eaxito \u00e9 resultado de uma equipe competente e comprometida. Tenho orgulho em dizer que temos os melhores trabalhando conosco&#8221;, ressalta Marilberto Fran\u00e7a, CEO do Affinity Seguro Viagem.<\/p>\n<p><strong>ANOTE OS CONTATOS DOS PROFISSIONAIS:<\/strong><\/p>\n<p>Gerente de Novos Neg\u00f3cios para o Estado de S\u00e3o Paulo<br \/>\nWagner Figueiredo &#8211;\u00a0<span class=\"cloaked_email\">wagner.figueiredo@affinityseguro.com.br<\/span><\/p>\n<p>Executiva de Contas para o Interior do Estado do Rio de Janeiro<br \/>\nJuciara Evangelista &#8211;\u00a0<span class=\"cloaked_email\">juciara@affinityseguro.com.br<\/span><\/p>\n<p>Gerente Setorial do GSA 1<br \/>\nRog\u00e9rio Gomes &#8211;\u00a0<span class=\"cloaked_email\">rogeriogomes@affinityseguro.com.br<\/span><\/p>\n<p>Gerente Setorial do GSA 2<br \/>\nFabio Melo &#8211;\u00a0<span class=\"cloaked_email\">fabio@affinityseguro.com.br<\/span><\/p>\n<p><strong>Sobre o Affinity Seguro Viagem<\/strong><\/p>\n<p>A empresa \u00e9 formada por profissionais com mais de 30 anos de experi\u00eancia em seguro viagem, com know-how para desenvolver planos que atendam \u00e0s principais necessidades dos viajantes sempre ao lado de seus parceiros comerciais em todo Brasil, inovando e disponibilizando ferramentas para suas atividades. O objetivo principal \u00e9 levar ao viajante a certeza do melhor produto, totalmente adequado \u00e0s exig\u00eancias da Susep. Seja a lazer, estudos ou neg\u00f3cios, o Affinity Seguro garante a tranquilidade 24 horas por dia. Mais informa\u00e7\u00f5es em: www.affinityseguro.com.br.<\/p>\n<\/div>\n<\/div>\n<div class=\"e-mailit_toolbox circular size48\">\n<div class=\"e-mailit_btn_EMAILiT\"><\/div>\n<\/div>\n","protected":false},"excerpt":{"rendered":"<p>J\u00e1 Rog\u00e9rio Gomes e Fabio Melo foram promovidos para gerentes setoriais do GSA O Affinity Seguro Viagem n\u00e3o cansa de investir para oferecer aos seus clientes e parceiros o melhor atendimento do mercado. Para isso, a empresa conta com uma equipe cada vez mais forte, com profissionais experientes e que fazem a diferen\u00e7a no dia [&hellip;]<\/p>\n","protected":false},"author":2,"featured_media":13394,"comment_status":"open","ping_status":"open","sticky":false,"template":"","format":"standard","meta":{"_jetpack_memberships_contains_paid_content":false,"_joinchat":[],"footnotes":""},"categories":[51,56,57,60],"tags":[8909],"featured_image_src":{"landsacpe":["https:\/\/revistaempresarios.net\/web\/wp-content\/uploads\/2023\/11\/3aed88009363cb1b3130357b967d7b8b_XL-1140x445.jpg",1140,445,true],"list":["https:\/\/revistaempresarios.net\/web\/wp-content\/uploads\/2023\/11\/3aed88009363cb1b3130357b967d7b8b_XL-463x348.jpg",463,348,true],"medium":["https:\/\/revistaempresarios.net\/web\/wp-content\/uploads\/2023\/11\/3aed88009363cb1b3130357b967d7b8b_XL-300x169.jpg",300,169,true],"full":["https:\/\/revistaempresarios.net\/web\/wp-content\/uploads\/2023\/11\/3aed88009363cb1b3130357b967d7b8b_XL.jpg",1220,686,false]},"jetpack_sharing_enabled":true,"jetpack_featured_media_url":"https:\/\/revistaempresarios.net\/web\/wp-content\/uploads\/2023\/11\/3aed88009363cb1b3130357b967d7b8b_XL.jpg","jetpack-related-posts":[],"_links":{"self":[{"href":"https:\/\/revistaempresarios.net\/web\/wp-json\/wp\/v2\/posts\/13393"}],"collection":[{"href":"https:\/\/revistaempresarios.net\/web\/wp-json\/wp\/v2\/posts"}],"about":[{"href":"https:\/\/revistaempresarios.net\/web\/wp-json\/wp\/v2\/types\/post"}],"author":[{"embeddable":true,"href":"https:\/\/revistaempresarios.net\/web\/wp-json\/wp\/v2\/users\/2"}],"replies":[{"embeddable":true,"href":"https:\/\/revistaempresarios.net\/web\/wp-json\/wp\/v2\/comments?post=13393"}],"version-history":[{"count":2,"href":"https:\/\/revistaempresarios.net\/web\/wp-json\/wp\/v2\/posts\/13393\/revisions"}],"predecessor-version":[{"id":13396,"href":"https:\/\/revistaempresarios.net\/web\/wp-json\/wp\/v2\/posts\/13393\/revisions\/13396"}],"wp:featuredmedia":[{"embeddable":true,"href":"https:\/\/revistaempresarios.net\/web\/wp-json\/wp\/v2\/media\/13394"}],"wp:attachment":[{"href":"https:\/\/revistaempresarios.net\/web\/wp-json\/wp\/v2\/media?parent=13393"}],"wp:term":[{"taxonomy":"category","embeddable":true,"href":"https:\/\/revistaempresarios.net\/web\/wp-json\/wp\/v2\/categories?post=13393"},{"taxonomy":"post_tag","embeddable":true,"href":"https:\/\/revistaempresarios.net\/web\/wp-json\/wp\/v2\/tags?post=13393"}],"curies":[{"name":"wp","href":"https:\/\/api.w.org\/{rel}","templated":true}]}}