{"id":13258,"date":"2023-11-06T09:27:09","date_gmt":"2023-11-06T12:27:09","guid":{"rendered":"https:\/\/revistaempresarios.net\/web\/?p=13258"},"modified":"2023-11-06T09:27:09","modified_gmt":"2023-11-06T12:27:09","slug":"conheca-afonso-braga-neto-o-empresario-que-tem-a-inovacao-como-pilar-de-seus-negocios","status":"publish","type":"post","link":"https:\/\/revistaempresarios.net\/web\/2023\/11\/06\/conheca-afonso-braga-neto-o-empresario-que-tem-a-inovacao-como-pilar-de-seus-negocios\/","title":{"rendered":"Conhe\u00e7a Afonso Braga Neto: o empres\u00e1rio que tem a inova\u00e7\u00e3o como pilar de seus neg\u00f3cios"},"content":{"rendered":"<div class=\"itemBody\">\n<div class=\"itemIntroText\">\n<p>O jovem empreendedor de 32 anos est\u00e1 ganhando destaque no cen\u00e1rio empresarial brasileiro por sua atua\u00e7\u00e3o nos mais distintos ramos: entretenimento, sa\u00fade e economia<\/p>\n<\/div>\n<div class=\"itemFullText\">\n<p>A trajet\u00f3ria do curitibano Afonso Braga Neto \u00e9 marcada por um profundo entendimento da import\u00e2ncia da inova\u00e7\u00e3o nos neg\u00f3cios. Ele come\u00e7ou no empreendedorismo com duas marcas, uma de caf\u00e9 e outra de cosm\u00e9ticos. Embora esses neg\u00f3cios tenham proporcionado valiosas li\u00e7\u00f5es sobre como ser um empres\u00e1rio, ele logo percebeu que faltava o elemento crucial da inova\u00e7\u00e3o para diferenci\u00e1-los no mercado. Essa percep\u00e7\u00e3o foi um divisor de \u00e1guas, e desde ent\u00e3o Afonso incorpora a inova\u00e7\u00e3o como parte fundamental de todos os seus empreendimentos.<\/p>\n<p>O Spot 105 \u00e9 um exemplo not\u00e1vel dessa filosofia de inova\u00e7\u00e3o. O espa\u00e7o \u00e9 inovador por oferecer uma experi\u00eancia \u00fanica no cora\u00e7\u00e3o da cidade, combinando a sensa\u00e7\u00e3o de uma ch\u00e1cara com um ambiente moderno, arquitetura arrojada e cercado por muito verde. Essa abordagem diferenciada tem cativado clientes e tornou o Spot 105 um local incompar\u00e1vel para eventos diversos.<\/p>\n<p>A Anna Medicina Endocanabin\u00f3ide, empresa que est\u00e1 na vanguarda da crescente vertente da medicina can\u00e1bica, \u00e9 outra empreitada inovadora da qual Afonso faz parte, liderando o setor de novos produtos e marketing. Al\u00e9m da oferta de produtos com cannabis, a Anna \u00e9 a primeira a inaugurar um Centro de Acolhimento dedicado ao tema, localizado no Hospital Santa Casa de Curitiba. Essa abordagem inovadora n\u00e3o apenas atende \u00e0s necessidades dos pacientes, mas tamb\u00e9m desempenha um papel crucial na educa\u00e7\u00e3o e desmistifica\u00e7\u00e3o do uso de produtos \u00e0 base de cannabis. \u201cO trabalho da Anna est\u00e1 pautado no servi\u00e7o, muito al\u00e9m da venda dos produtos. Queremos despertar a curiosidade e esclarecer muitos dos mitos que cercam o uso desses produtos\u201d, declara.<\/p>\n<p>Afonso tamb\u00e9m apostou no universo das fintechs. Com o Smart Bonds, ele est\u00e1 introduzindo uma inova\u00e7\u00e3o significativa no mercado financeiro. O Smart Bonds \u00e9 um Token totalmente descentralizado de c\u00f3digo aberto, com seguran\u00e7a blockchain e lastro em 5 toneladas de mat\u00e9ria-prima para a produ\u00e7\u00e3o de derivados de cannabis. Cada unidade de Token tem o valor de 1g de flor, de acordo com o valor de mercado praticado pelo governo do Uruguai nas farm\u00e1cias, um pa\u00eds de destaque no fornecimento global. Al\u00e9m de oferecer oportunidades de investimento, o projeto tamb\u00e9m visa contribuir para associa\u00e7\u00f5es brasileiras que tratam crian\u00e7as com s\u00edndromes diversas, como epilepsia e autismo.<\/p>\n<p>A mais recente aventura de Afonso, a BrainMed, segue uma pegada igualmente inovadora. A empresa explora o potencial terap\u00eautico dos cogumelos e da Ayahuasca, uma \u00e1rea que j\u00e1 est\u00e1 sendo explorada internacionalmente, mas que ainda n\u00e3o encontrou sua plena express\u00e3o no Brasil. A BrainMed est\u00e1 comprometida em trazer essa inova\u00e7\u00e3o para o pa\u00eds, oferecendo produtos e solu\u00e7\u00f5es que podem trazer benef\u00edcios significativos para a sa\u00fade mental e emocional. A empresa se dedica \u00e0 pesquisa e estudos com o objetivo de transformar o conhecimento terap\u00eautico ancestral das plantas psicotr\u00f3picas naturais em novos f\u00e1rmacos, que s\u00e3o 100% org\u00e2nicos.<\/p>\n<p>Al\u00e9m da inova\u00e7\u00e3o, a paix\u00e3o \u00e9 um pilar que faz a diferen\u00e7a em seus neg\u00f3cios. &#8220;Para mim, ser empreendedor \u00e9 ser uma pessoa apaixonada e dedicada pelo que faz. Sempre com coragem e humildade para aprender com erros e acertos. Minha miss\u00e3o \u00e9 fazer crescer a economia, criar empregos e melhorar a vida das pessoas&#8221;, complementa Braga Neto.<\/p>\n<p>Para mais informa\u00e7\u00f5es sobre o empres\u00e1rio Afonso Braga Neto e suas empresas, confira os perfis no Instagram.<\/p>\n<\/div>\n<\/div>\n<div class=\"e-mailit_toolbox circular  size48\">\n<div class=\"e-mailit_btn_EMAILiT\"><\/div>\n<\/div>\n","protected":false},"excerpt":{"rendered":"<p>O jovem empreendedor de 32 anos est\u00e1 ganhando destaque no cen\u00e1rio empresarial brasileiro por sua atua\u00e7\u00e3o nos mais distintos ramos: entretenimento, sa\u00fade e economia A trajet\u00f3ria do curitibano Afonso Braga Neto \u00e9 marcada por um profundo entendimento da import\u00e2ncia da inova\u00e7\u00e3o nos neg\u00f3cios. Ele come\u00e7ou no empreendedorismo com duas marcas, uma de caf\u00e9 e outra [&hellip;]<\/p>\n","protected":false},"author":2,"featured_media":13259,"comment_status":"open","ping_status":"open","sticky":false,"template":"","format":"standard","meta":{"_jetpack_memberships_contains_paid_content":false,"_joinchat":[],"footnotes":""},"categories":[51,53,56,57,60],"tags":[8868],"featured_image_src":{"landsacpe":["https:\/\/revistaempresarios.net\/web\/wp-content\/uploads\/2023\/11\/06d05b056fb6c531772faa9765a01486_XL-1140x445.jpg",1140,445,true],"list":["https:\/\/revistaempresarios.net\/web\/wp-content\/uploads\/2023\/11\/06d05b056fb6c531772faa9765a01486_XL-463x348.jpg",463,348,true],"medium":["https:\/\/revistaempresarios.net\/web\/wp-content\/uploads\/2023\/11\/06d05b056fb6c531772faa9765a01486_XL-278x300.jpg",278,300,true],"full":["https:\/\/revistaempresarios.net\/web\/wp-content\/uploads\/2023\/11\/06d05b056fb6c531772faa9765a01486_XL.jpg",1220,1316,false]},"jetpack_sharing_enabled":true,"jetpack_featured_media_url":"https:\/\/revistaempresarios.net\/web\/wp-content\/uploads\/2023\/11\/06d05b056fb6c531772faa9765a01486_XL.jpg","jetpack-related-posts":[],"_links":{"self":[{"href":"https:\/\/revistaempresarios.net\/web\/wp-json\/wp\/v2\/posts\/13258"}],"collection":[{"href":"https:\/\/revistaempresarios.net\/web\/wp-json\/wp\/v2\/posts"}],"about":[{"href":"https:\/\/revistaempresarios.net\/web\/wp-json\/wp\/v2\/types\/post"}],"author":[{"embeddable":true,"href":"https:\/\/revistaempresarios.net\/web\/wp-json\/wp\/v2\/users\/2"}],"replies":[{"embeddable":true,"href":"https:\/\/revistaempresarios.net\/web\/wp-json\/wp\/v2\/comments?post=13258"}],"version-history":[{"count":1,"href":"https:\/\/revistaempresarios.net\/web\/wp-json\/wp\/v2\/posts\/13258\/revisions"}],"predecessor-version":[{"id":13260,"href":"https:\/\/revistaempresarios.net\/web\/wp-json\/wp\/v2\/posts\/13258\/revisions\/13260"}],"wp:featuredmedia":[{"embeddable":true,"href":"https:\/\/revistaempresarios.net\/web\/wp-json\/wp\/v2\/media\/13259"}],"wp:attachment":[{"href":"https:\/\/revistaempresarios.net\/web\/wp-json\/wp\/v2\/media?parent=13258"}],"wp:term":[{"taxonomy":"category","embeddable":true,"href":"https:\/\/revistaempresarios.net\/web\/wp-json\/wp\/v2\/categories?post=13258"},{"taxonomy":"post_tag","embeddable":true,"href":"https:\/\/revistaempresarios.net\/web\/wp-json\/wp\/v2\/tags?post=13258"}],"curies":[{"name":"wp","href":"https:\/\/api.w.org\/{rel}","templated":true}]}}