{"id":13231,"date":"2023-10-31T13:29:23","date_gmt":"2023-10-31T16:29:23","guid":{"rendered":"https:\/\/revistaempresarios.net\/web\/?p=13231"},"modified":"2023-10-31T13:29:23","modified_gmt":"2023-10-31T16:29:23","slug":"bola-de-ouro-2023-vini-jr-recebe-premio-de-combate-ao-racismo","status":"publish","type":"post","link":"https:\/\/revistaempresarios.net\/web\/2023\/10\/31\/bola-de-ouro-2023-vini-jr-recebe-premio-de-combate-ao-racismo\/","title":{"rendered":"Bola de Ouro 2023: Vini Jr. recebe pr\u00eamio de combate ao racismo"},"content":{"rendered":"<p>O brasileiro Vinicius Juniors venceu o Pr\u00eamio S\u00f3crates na Bola de Ouro 2023. O atacante do Real Madrid levou a honraria pela luta contra o racismo na Espanha, onde tem sido v\u00edtima repetidas vezes. O trof\u00e9u \u00e9 entregue pela revista France Football.<\/p>\n<p>\u00cddolo do Corinthians, S\u00f3crates ficou marcado por seu envolvimento com temas sociais e extracampo. O ex-jogador, que morreu em 2011, foi o l\u00edder da Democracia Corinthiana em meio \u00e0 ditadura militar no Brasil na d\u00e9cada de 1980.<\/p>\n<p>Vini Jr. tem sido alvo de racismo e persegui\u00e7\u00e3o constantemente na Espanha. Entre os casos mais famosos, destacam-se quando um comentarista disse que as dan\u00e7as do brasileiro em campo eram \u201cmacaquice\u201d na semana de um cl\u00e1ssico contra o Atl\u00e9tico de Madrid. No dia da partida, torcedores colchoneros chamaram o jogador de \u201cmacaco\u201d, inclusive levando um macaco de pel\u00facia para o est\u00e1dio.<\/p>\n<p>J\u00e1 neste ano, em janeiro, antes de mais um cl\u00e1ssico contra o Atl\u00e9tico, torcedores do clube colocaram nas ruas da capital espanhola um boneco sendo enforcado com a camisa de Vin\u00edcius. Junto do boneco, uma faixa com a frase \u201cMadri odeia o Real\u201d. Dois meses depois, no cl\u00e1ssico contra o Barcelona, no Camp Nou, al\u00e9m de gritos de \u201cmacaco\u201d, torcedores do time catal\u00e3o pediram a morte do brasileiro.<\/p>\n<p>O caso de maior repercuss\u00e3o aconteceu em maio, em duelo com o Valencia. Boa parte do Est\u00e1dio Mestalla cantou em coro \u201cmono\u201d, que na tradu\u00e7\u00e3o \u00e9 \u201cmacaco\u201d. Na partida, Vini foi expulso. Ap\u00f3s o jogo, o presidente da La Liga, Javier Tebas, disse que o brasileiro \u201cmanchava a liga\u201d.<\/p>\n<p>Os casos mais recentes foram neste m\u00eas de outubro, contra o Sevilla, que identificou um torcedor no Est\u00e1dio Ram\u00f3n S\u00e1nchez-Pizju\u00e1n. Neste jogo, inclusive, foram flagradas crian\u00e7as cometendo racismo. No \u00faltimo s\u00e1bado, em mais um cl\u00e1ssico contra o Barcelona, novamente Vini foi alvo de inj\u00faria racial.<\/p>\n","protected":false},"excerpt":{"rendered":"<p>O brasileiro Vinicius Juniors venceu o Pr\u00eamio S\u00f3crates na Bola de Ouro 2023. O atacante do Real Madrid levou a honraria pela luta contra o racismo na Espanha, onde tem sido v\u00edtima repetidas vezes. O trof\u00e9u \u00e9 entregue pela revista France Football. \u00cddolo do Corinthians, S\u00f3crates ficou marcado por seu envolvimento com temas sociais e [&hellip;]<\/p>\n","protected":false},"author":2,"featured_media":13232,"comment_status":"open","ping_status":"open","sticky":false,"template":"","format":"standard","meta":{"_jetpack_memberships_contains_paid_content":false,"footnotes":""},"categories":[51,60],"tags":[8862],"featured_image_src":{"landsacpe":["https:\/\/revistaempresarios.net\/web\/wp-content\/uploads\/2023\/10\/1_vinicius_jr-30582213-675x445.jpg",675,445,true],"list":["https:\/\/revistaempresarios.net\/web\/wp-content\/uploads\/2023\/10\/1_vinicius_jr-30582213-463x348.jpg",463,348,true],"medium":["https:\/\/revistaempresarios.net\/web\/wp-content\/uploads\/2023\/10\/1_vinicius_jr-30582213-300x200.jpg",300,200,true],"full":["https:\/\/revistaempresarios.net\/web\/wp-content\/uploads\/2023\/10\/1_vinicius_jr-30582213.jpg",675,450,false]},"jetpack_sharing_enabled":true,"jetpack_featured_media_url":"https:\/\/revistaempresarios.net\/web\/wp-content\/uploads\/2023\/10\/1_vinicius_jr-30582213.jpg","jetpack-related-posts":[],"_links":{"self":[{"href":"https:\/\/revistaempresarios.net\/web\/wp-json\/wp\/v2\/posts\/13231"}],"collection":[{"href":"https:\/\/revistaempresarios.net\/web\/wp-json\/wp\/v2\/posts"}],"about":[{"href":"https:\/\/revistaempresarios.net\/web\/wp-json\/wp\/v2\/types\/post"}],"author":[{"embeddable":true,"href":"https:\/\/revistaempresarios.net\/web\/wp-json\/wp\/v2\/users\/2"}],"replies":[{"embeddable":true,"href":"https:\/\/revistaempresarios.net\/web\/wp-json\/wp\/v2\/comments?post=13231"}],"version-history":[{"count":1,"href":"https:\/\/revistaempresarios.net\/web\/wp-json\/wp\/v2\/posts\/13231\/revisions"}],"predecessor-version":[{"id":13233,"href":"https:\/\/revistaempresarios.net\/web\/wp-json\/wp\/v2\/posts\/13231\/revisions\/13233"}],"wp:featuredmedia":[{"embeddable":true,"href":"https:\/\/revistaempresarios.net\/web\/wp-json\/wp\/v2\/media\/13232"}],"wp:attachment":[{"href":"https:\/\/revistaempresarios.net\/web\/wp-json\/wp\/v2\/media?parent=13231"}],"wp:term":[{"taxonomy":"category","embeddable":true,"href":"https:\/\/revistaempresarios.net\/web\/wp-json\/wp\/v2\/categories?post=13231"},{"taxonomy":"post_tag","embeddable":true,"href":"https:\/\/revistaempresarios.net\/web\/wp-json\/wp\/v2\/tags?post=13231"}],"curies":[{"name":"wp","href":"https:\/\/api.w.org\/{rel}","templated":true}]}}