{"id":13220,"date":"2023-10-31T13:08:47","date_gmt":"2023-10-31T16:08:47","guid":{"rendered":"https:\/\/revistaempresarios.net\/web\/?p=13220"},"modified":"2023-10-31T13:08:47","modified_gmt":"2023-10-31T16:08:47","slug":"nucleo-de-estudos-raciais-do-insper-lanca-livro-sobre-numeros-da-discriminacao-racial","status":"publish","type":"post","link":"https:\/\/revistaempresarios.net\/web\/2023\/10\/31\/nucleo-de-estudos-raciais-do-insper-lanca-livro-sobre-numeros-da-discriminacao-racial\/","title":{"rendered":"N\u00facleo de Estudos Raciais do INSPER lan\u00e7a livro sobre N\u00fameros da Discrimina\u00e7\u00e3o Racial"},"content":{"rendered":"<p>A obra organizada por Michael Fran\u00e7a e Alysson Portella contribui para o debate sobre a persist\u00eancia das desigualdades raciais no Brasil por uma perspectiva econ\u00f4mica<\/p>\n<p>O N\u00facleo de Estudos Raciais do Insper lan\u00e7a o livro \u201cN\u00fameros da Discrimina\u00e7\u00e3o Racial: Desenvolvimento Humano, Equidade e Pol\u00edticas P\u00fablicas\u201d no dia 27 de outubro, em parceria com a editora Janda\u00edra.<\/p>\n<p>Esta obra oferece an\u00e1lises aprofundadas de pesquisadores do N\u00facleo e convidados sobre a persist\u00eancia das desigualdades raciais no Brasil, destacando a necessidade urgente de avan\u00e7ar na cria\u00e7\u00e3o de pol\u00edticas p\u00fablicas mais eficazes. Al\u00e9m disso, o livro apresenta uma vis\u00e3o abrangente da literatura emp\u00edrica voltada para estimar a discrimina\u00e7\u00e3o e disparidades raciais.<\/p>\n<p>Organizado pelos pesquisadores Michael Fran\u00e7a e Alysson Portella, o livro re\u00fane um quadro de autores que contribuem para a produ\u00e7\u00e3o e difus\u00e3o de conhecimento acerca da discrimina\u00e7\u00e3o no Brasil. Entre eles, Luana Ozemela, embaixadora do Pacto de Mulheres Negras 2023 e uma das 500 pessoas mais influentes da Am\u00e9rica Latina, que assina o pref\u00e1cio; Naercio Menezes Filho, professor e pesquisador titular da C\u00e1tedra Ruth Cardoso no Insper e o pesquisador Bruno Kawaoka Komatsu.<\/p>\n<p>&#8220;Nossa inten\u00e7\u00e3o \u00e9 apresentar um ponto de vista t\u00e9cnico, embasado nos estudos da ci\u00eancia econ\u00f4mica, sobre como a discrimina\u00e7\u00e3o racial opera e perpetua desigualdades no Brasil, sendo, portanto, uma vis\u00e3o complementar \u00e0s an\u00e1lises hist\u00f3ricas e sociol\u00f3gicas a respeito do tema. \u00c9 mais um ponto de partida do que uma chegada&#8221;, declara Portella.<\/p>\n<p>Segundo Michael Fran\u00e7a, tamb\u00e9m coordenador do N\u00facleo, a produ\u00e7\u00e3o &#8220;convida todos a repensarem o atual modelo de pol\u00edticas p\u00fablicas no Brasil\u201d.<\/p>\n<p>O livro conta com ilustra\u00e7\u00f5es de Mayara Smith e participa\u00e7\u00e3o de Alisson Gomes dos Santos, Erivelton de Souza Nunes, Daniel Vasconcellos Archer Duque, David Kalichman, Fernanda Estevan, Fillipi L\u00facio Nascimento da Silva, Francisco Danilo da Silva Ferreira, Francieli Tonet, Gerrio dos Santos Barbosa, Helena Arruda, Lauana Lazaretti, Leonardo Rosa, Leila Pereira, Manuel Mahoche, Rafael Tavares, Rodrigo Soares, Rony Coelho, \u00darsula Melo e S\u00e9rgio Pinheiro Firpo.<\/p>\n<p>Sobre Autores<br \/>\nAlysson Portella \u00e9 pesquisador de p\u00f3s-doutorado do Insper. Doutor em Economia dos Neg\u00f3cios pela mesma institui\u00e7\u00e3o, com per\u00edodos como aluno visitante na Universidade de Columbia (ILAS, Nova York, EUA) e na Universidade das Na\u00e7\u00f5es Unidas (UNU-Wider, Helsinque, Finl\u00e2ndia). Tem gradua\u00e7\u00e3o em Economia pela Universidade Federal do Rio Grande do Sul (UFRGS) e mestrado em Economia pela Universidade Federal de Minas Gerais (UFMG)<\/p>\n<p>Michael Fran\u00e7a foi pesquisador visitante na Universidade Columbia e Universidade Stanford, \u00e9 colunista da Folha de S.Paulo, assim como, editor do espa\u00e7o \u201cPol\u00edticas e Justi\u00e7a\u201d do jornal. Ele \u00e9 doutor em teoria econ\u00f4mica pela Universidade de S\u00e3o Paulo, coordenador do N\u00facleo de Estudos Raciais do Insper e ciclista.<\/p>\n<p>&nbsp;<\/p>\n<p>Ficha T\u00e9cnica<\/p>\n<p>T\u00edtulo: N\u00fameros da Discrimina\u00e7\u00e3o Racial: Desenvolvimento Humano, Equidade<br \/>\ne Pol\u00edticas P\u00fablicas<\/p>\n<p>Idealiza\u00e7\u00e3o: N\u00facleo de Estudos Raciais do Insper<br \/>\nOrganiza\u00e7\u00e3o: Alysson Portella e Michael Fran\u00e7a<br \/>\nN\u00famero de p\u00e1ginas: 432<\/p>\n<p>ISBN: 978-65-5094-062-1<\/p>\n<p>Editora: Janda\u00edra<\/p>\n<p>Site: https:\/\/editorajandaira.com.br\/<\/p>\n<p>Inscri\u00e7\u00e3o: https:\/\/www.insper.edu.br\/agenda-de-eventos\/lancamento-do-livro-numeros-da-discriminacao-racial\/<\/p>\n<p>Pre\u00e7o: R$75,00<\/p>\n","protected":false},"excerpt":{"rendered":"<p>A obra organizada por Michael Fran\u00e7a e Alysson Portella contribui para o debate sobre a persist\u00eancia das desigualdades raciais no Brasil por uma perspectiva econ\u00f4mica O N\u00facleo de Estudos Raciais do Insper lan\u00e7a o livro \u201cN\u00fameros da Discrimina\u00e7\u00e3o Racial: Desenvolvimento Humano, Equidade e Pol\u00edticas P\u00fablicas\u201d no dia 27 de outubro, em parceria com a editora [&hellip;]<\/p>\n","protected":false},"author":2,"featured_media":13221,"comment_status":"open","ping_status":"open","sticky":false,"template":"","format":"standard","meta":{"_jetpack_memberships_contains_paid_content":false,"_joinchat":[],"footnotes":""},"categories":[51,56,60],"tags":[8858],"featured_image_src":{"landsacpe":["https:\/\/revistaempresarios.net\/web\/wp-content\/uploads\/2023\/10\/3ef5287d-3e72-443b-a1da-d2377ca77ae9-1140x445.jpg",1140,445,true],"list":["https:\/\/revistaempresarios.net\/web\/wp-content\/uploads\/2023\/10\/3ef5287d-3e72-443b-a1da-d2377ca77ae9-463x348.jpg",463,348,true],"medium":["https:\/\/revistaempresarios.net\/web\/wp-content\/uploads\/2023\/10\/3ef5287d-3e72-443b-a1da-d2377ca77ae9-300x169.jpg",300,169,true],"full":["https:\/\/revistaempresarios.net\/web\/wp-content\/uploads\/2023\/10\/3ef5287d-3e72-443b-a1da-d2377ca77ae9.jpg",1600,899,false]},"jetpack_sharing_enabled":true,"jetpack_featured_media_url":"https:\/\/revistaempresarios.net\/web\/wp-content\/uploads\/2023\/10\/3ef5287d-3e72-443b-a1da-d2377ca77ae9.jpg","jetpack-related-posts":[],"_links":{"self":[{"href":"https:\/\/revistaempresarios.net\/web\/wp-json\/wp\/v2\/posts\/13220"}],"collection":[{"href":"https:\/\/revistaempresarios.net\/web\/wp-json\/wp\/v2\/posts"}],"about":[{"href":"https:\/\/revistaempresarios.net\/web\/wp-json\/wp\/v2\/types\/post"}],"author":[{"embeddable":true,"href":"https:\/\/revistaempresarios.net\/web\/wp-json\/wp\/v2\/users\/2"}],"replies":[{"embeddable":true,"href":"https:\/\/revistaempresarios.net\/web\/wp-json\/wp\/v2\/comments?post=13220"}],"version-history":[{"count":1,"href":"https:\/\/revistaempresarios.net\/web\/wp-json\/wp\/v2\/posts\/13220\/revisions"}],"predecessor-version":[{"id":13222,"href":"https:\/\/revistaempresarios.net\/web\/wp-json\/wp\/v2\/posts\/13220\/revisions\/13222"}],"wp:featuredmedia":[{"embeddable":true,"href":"https:\/\/revistaempresarios.net\/web\/wp-json\/wp\/v2\/media\/13221"}],"wp:attachment":[{"href":"https:\/\/revistaempresarios.net\/web\/wp-json\/wp\/v2\/media?parent=13220"}],"wp:term":[{"taxonomy":"category","embeddable":true,"href":"https:\/\/revistaempresarios.net\/web\/wp-json\/wp\/v2\/categories?post=13220"},{"taxonomy":"post_tag","embeddable":true,"href":"https:\/\/revistaempresarios.net\/web\/wp-json\/wp\/v2\/tags?post=13220"}],"curies":[{"name":"wp","href":"https:\/\/api.w.org\/{rel}","templated":true}]}}