{"id":13197,"date":"2023-10-30T20:29:58","date_gmt":"2023-10-30T23:29:58","guid":{"rendered":"https:\/\/revistaempresarios.net\/web\/?p=13197"},"modified":"2023-10-30T20:29:58","modified_gmt":"2023-10-30T23:29:58","slug":"furtos-de-celulares-disparam-no-pais-25-estados-e-distrito-federal-tem-aumento","status":"publish","type":"post","link":"https:\/\/revistaempresarios.net\/web\/2023\/10\/30\/furtos-de-celulares-disparam-no-pais-25-estados-e-distrito-federal-tem-aumento\/","title":{"rendered":"Furtos de celulares disparam no pa\u00eds: 25 estados e Distrito Federal t\u00eam aumento"},"content":{"rendered":"<div class=\"itemBody\">\n<div class=\"itemIntroText\">\n<p>A Para\u00edba \u00e9 o estado que mais cresceu em n\u00famero de furtos de celulares com 157% de crescimento<\/p>\n<\/div>\n<div class=\"itemFullText\">\n<p>O Brasil est\u00e1 enfrentando um preocupante aumento nos furtos de celulares, com 25 estados e o Distrito Federal registrando um crescimento alarmante nos \u00edndices de crimes dessa natureza. Os dados divulgados recentemente pelo \u201cAnu\u00e1rio Brasileiro de Seguran\u00e7a P\u00fablica 2023\u201d revelam um cen\u00e1rio de preocupa\u00e7\u00e3o que merece a aten\u00e7\u00e3o tanto de cidad\u00e3os como das institui\u00e7\u00f5es.<\/p>\n<p>Segundo dados coletados e analisados pelo F\u00f3rum Brasileiro de Seguran\u00e7a P\u00fablica durante o ano de 2022 em rela\u00e7\u00e3o ao ano anterior, os criminosos t\u00eam visado com maior frequ\u00eancia os dispositivos m\u00f3veis, prejudicando n\u00e3o apenas as v\u00edtimas, mas tamb\u00e9m a sociedade como um todo.<\/p>\n<p>Os estados que registraram os maiores aumentos nos furtos de celulares em 2022 em rela\u00e7\u00e3o ao ano anterior foram Para\u00edba (157,7%), Bahia (132,2%), Rio de Janeiro (109,3%), Sergipe (78,5%) e Pernambuco (49,3%). Em contrapartida, o n\u00famero de roubos de celulares caiu em 19 estados e apenas 7 registraram crescimento. S\u00e3o eles: Bahia (51,1%), Rond\u00f4nia (16,5%), S\u00e3o Paulo (15,4%), Paran\u00e1 (12,5%), Rio de Janeiro (9,4%), Rio Grande do Sul (7,5%) e Distrito Federal (1,8%).<\/p>\n<p>\u201cN\u00e3o se trata apenas do impacto econ\u00f4mico, mas tamb\u00e9m dos danos sociais que o furto do celular acarreta. Muitos brasileiros utilizam seus aparelhos para trabalho, estudos e comunica\u00e7\u00e3o, tornando esses dispositivos essenciais em suas vidas cotidianas\u201d, explica Henrique Volpi, CEO da Kakau, plataforma digital que utiliza tecnologia de intelig\u00eancia artificial para entregar resultados mais precisos no segmento de seguros.<\/p>\n<p><strong>Marcas favoritas<\/strong><\/p>\n<p>Um estudo conduzido pela empresa de consultoria B4Risk investigou as marcas preferidas pelos criminosos em S\u00e3o Paulo, revelando que a Samsung \u00e9 a mais visada pelos ladr\u00f5es, devido \u00e0 sua grande popularidade no mercado de smartphones. J\u00e1 a Apple alcan\u00e7ou a segunda posi\u00e7\u00e3o, subindo do terceiro lugar na lista de roubos e furtos em 2022, possivelmente devido ao alto valor de mercado dos iPhones.<\/p>\n<p>Adicionalmente, o levantamento revelou que cerca de 60% dos furtos e roubos ocorrem durante a noite, entre quinta-feira e domingo, principalmente em vias p\u00fablicas, totalizando 72,98% dos casos.<\/p>\n<p>Mas, aos poucos, a conscientiza\u00e7\u00e3o da import\u00e2ncia da prote\u00e7\u00e3o dos aparelhos vem aumentando. A Kakau testemunhou um crescimento de 466% at\u00e9 setembro de 2023 nas ap\u00f3lices, em rela\u00e7\u00e3o ao ano anterior, refletindo uma tend\u00eancia crescente na regi\u00e3o Sudeste do Brasil.<\/p>\n<p>\u201cA import\u00e2ncia da prote\u00e7\u00e3o do celular com um seguro n\u00e3o pode ser subestimada, especialmente no cen\u00e1rio atual, em que nossos smartphones s\u00e3o praticamente uma extens\u00e3o de n\u00f3s mesmos. Al\u00e9m disso, quero refor\u00e7ar que o seguro da Kakau para celulares oferece diversas vantagens, entre elas: n\u00e3o tem car\u00eancia, a contrata\u00e7\u00e3o \u00e9 feita totalmente na web e \u00e9 liga e desliga\u201d, conta o CEO da Kakau Seguros.<\/p>\n<p><strong>Responsabilidade compartilhada<\/strong><\/p>\n<p>No cen\u00e1rio atual, em que os smartphones desempenham um papel central na vida de todos, a seguran\u00e7a pessoal e a prote\u00e7\u00e3o s\u00e3o mais importantes do que nunca. Com o uso cada vez maior desses dispositivos, \u00e9 fundamental lembrar que a seguran\u00e7a digital \u00e9 uma responsabilidade compartilhada.<\/p>\n<p>Uma pesquisa recente realizada pela Opinion Box em 2023 revelou que os brasileiros continuam a demonstrar um receio significativo de utilizar seus smartphones fora de casa: 83% dos entrevistados relataram evitar expor os dispositivos em p\u00fablico, indicando que a preocupa\u00e7\u00e3o com a seguran\u00e7a permanece inalterada em rela\u00e7\u00e3o ao ano anterior.<\/p>\n<p>No entanto, \u00e9 not\u00e1vel que os brasileiros t\u00eam experimentado uma sensa\u00e7\u00e3o crescente de seguran\u00e7a, especialmente no transporte p\u00fablico. Nos trens, a propor\u00e7\u00e3o de pessoas que evitam expor seus dispositivos caiu de 30% para 22%. Nos \u00f4nibus, houve uma diminui\u00e7\u00e3o de 55% para 48%, enquanto no metr\u00f4, a propor\u00e7\u00e3o caiu de 34% para 27%.<\/p>\n<p>\u201cMas ser\u00e1 que essa redu\u00e7\u00e3o na preocupa\u00e7\u00e3o \u00e9 justificada? O crescente uso de smartphones requer uma aten\u00e7\u00e3o constante \u00e0 seguran\u00e7a pessoal\u201d, finaliza Henrique Volpi.<\/p>\n<\/div>\n<\/div>\n<div class=\"e-mailit_toolbox circular  size48\">\n<div class=\"e-mailit_btn_EMAILiT\"><\/div>\n<\/div>\n","protected":false},"excerpt":{"rendered":"<p>A Para\u00edba \u00e9 o estado que mais cresceu em n\u00famero de furtos de celulares com 157% de crescimento O Brasil est\u00e1 enfrentando um preocupante aumento nos furtos de celulares, com 25 estados e o Distrito Federal registrando um crescimento alarmante nos \u00edndices de crimes dessa natureza. Os dados divulgados recentemente pelo \u201cAnu\u00e1rio Brasileiro de Seguran\u00e7a [&hellip;]<\/p>\n","protected":false},"author":2,"featured_media":13198,"comment_status":"open","ping_status":"open","sticky":false,"template":"","format":"standard","meta":{"_jetpack_memberships_contains_paid_content":false,"footnotes":""},"categories":[51,60],"tags":[8853],"featured_image_src":{"landsacpe":["https:\/\/revistaempresarios.net\/web\/wp-content\/uploads\/2023\/10\/662347-1140x445.webp",1140,445,true],"list":["https:\/\/revistaempresarios.net\/web\/wp-content\/uploads\/2023\/10\/662347-463x348.webp",463,348,true],"medium":["https:\/\/revistaempresarios.net\/web\/wp-content\/uploads\/2023\/10\/662347-300x169.webp",300,169,true],"full":["https:\/\/revistaempresarios.net\/web\/wp-content\/uploads\/2023\/10\/662347.webp",1920,1080,false]},"jetpack_sharing_enabled":true,"jetpack_featured_media_url":"https:\/\/revistaempresarios.net\/web\/wp-content\/uploads\/2023\/10\/662347.webp","jetpack-related-posts":[],"_links":{"self":[{"href":"https:\/\/revistaempresarios.net\/web\/wp-json\/wp\/v2\/posts\/13197"}],"collection":[{"href":"https:\/\/revistaempresarios.net\/web\/wp-json\/wp\/v2\/posts"}],"about":[{"href":"https:\/\/revistaempresarios.net\/web\/wp-json\/wp\/v2\/types\/post"}],"author":[{"embeddable":true,"href":"https:\/\/revistaempresarios.net\/web\/wp-json\/wp\/v2\/users\/2"}],"replies":[{"embeddable":true,"href":"https:\/\/revistaempresarios.net\/web\/wp-json\/wp\/v2\/comments?post=13197"}],"version-history":[{"count":1,"href":"https:\/\/revistaempresarios.net\/web\/wp-json\/wp\/v2\/posts\/13197\/revisions"}],"predecessor-version":[{"id":13199,"href":"https:\/\/revistaempresarios.net\/web\/wp-json\/wp\/v2\/posts\/13197\/revisions\/13199"}],"wp:featuredmedia":[{"embeddable":true,"href":"https:\/\/revistaempresarios.net\/web\/wp-json\/wp\/v2\/media\/13198"}],"wp:attachment":[{"href":"https:\/\/revistaempresarios.net\/web\/wp-json\/wp\/v2\/media?parent=13197"}],"wp:term":[{"taxonomy":"category","embeddable":true,"href":"https:\/\/revistaempresarios.net\/web\/wp-json\/wp\/v2\/categories?post=13197"},{"taxonomy":"post_tag","embeddable":true,"href":"https:\/\/revistaempresarios.net\/web\/wp-json\/wp\/v2\/tags?post=13197"}],"curies":[{"name":"wp","href":"https:\/\/api.w.org\/{rel}","templated":true}]}}