{"id":13000,"date":"2023-10-17T07:19:03","date_gmt":"2023-10-17T10:19:03","guid":{"rendered":"https:\/\/revistaempresarios.net\/web\/?p=13000"},"modified":"2023-10-17T07:19:03","modified_gmt":"2023-10-17T10:19:03","slug":"busca-de-credito-tera-espaco-especial-ao-empreendedor-na-fe23","status":"publish","type":"post","link":"https:\/\/revistaempresarios.net\/web\/2023\/10\/17\/busca-de-credito-tera-espaco-especial-ao-empreendedor-na-fe23\/","title":{"rendered":"Busca de cr\u00e9dito ter\u00e1 espa\u00e7o especial ao empreendedor na FE23"},"content":{"rendered":"<div class=\"container my-5 artigo\">\n<div class=\"row mt-2\">\n<div class=\"umb-grid\">\n<div class=\"grid-section\">\n<div>\n<div class=\"row clearfix\">\n<div class=\"col-md-12 column\">\n<div>\n<p>Conseguir cr\u00e9dito \u00e9 uma das principais dificuldades do micro e pequeno empres\u00e1rio e mais um desafio no caminho para o crescimento do neg\u00f3cio. Diante desse cen\u00e1rio, a Feira do Empreendedor (FE23) ter\u00e1 um espa\u00e7o especial dedicado ao tema: Solu\u00e7\u00f5es de Cr\u00e9dito. O evento ser\u00e1 realizado de 16 a 19 de outubro, no SP Expo, em S\u00e3o Paulo, e as inscri\u00e7\u00f5es s\u00e3o gratuitas no site\u00a0<a href=\"http:\/\/fe23.sebraesp.com.br\/\">http:\/\/fe23.sebraesp.com.br<\/a>.<\/p>\n<p>O espa\u00e7o ser\u00e1 dividido em tr\u00eas ambientes. No primeiro, os visitantes poder\u00e3o conversar com as principais institui\u00e7\u00f5es financeiras sobre as linhas de cr\u00e9dito dispon\u00edveis no mercado e tirar d\u00favidas durante o atendimento.<\/p>\n<p>A segunda \u00e1rea ser\u00e1 dedicada \u00e0s palestras com temas diversos, como novidades de servi\u00e7os financeiros, linhas de cr\u00e9dito, evolu\u00e7\u00e3o do mercado de cr\u00e9dito e como usar a intelig\u00eancia financeira a seu favor. Ser\u00e3o sete palestras por dia com inscri\u00e7\u00f5es na hora.<\/p>\n<p>O visitante tamb\u00e9m poder\u00e1 participar de um jogo empresarial, em formato escape, com objetivo de trazer uma maior experi\u00eancia no momento da tomada do cr\u00e9dito de forma consciente.<\/p>\n<p>De acordo com a \u00faltima pesquisa do Sebrae e Instituto Brasileiro de Geografia e Estat\u00edstica (IBGE), somente tr\u00eas em cada dez donos de pequenos neg\u00f3cios que buscaram empr\u00e9stimos em julho conseguiram obter o cr\u00e9dito junto aos agentes financeiros.<\/p>\n<p>\u201cCr\u00e9dito \u00e9 um tema desafiador para o empres\u00e1rio e o espa\u00e7o vai proporcionar uma aproxima\u00e7\u00e3o com as institui\u00e7\u00f5es financeiras para tirar d\u00favidas e atualizar sobre as novidades do mercado, al\u00e9m de refor\u00e7ar a import\u00e2ncia da tomada do cr\u00e9dito de forma consciente\u201d refor\u00e7a Magda Calegari, consultora do Sebrae-SP e respons\u00e1vel pelo espa\u00e7o Solu\u00e7\u00f5es de Cr\u00e9dito.<\/p>\n<p>&nbsp;<\/p>\n<h3>Servi\u00e7o<\/h3>\n<p><strong>FE23<\/strong><br \/>\nData: 16 a 19 de outubro, das 10h \u00e0s 20h<br \/>\nLocal: S\u00e3o Paulo Expo &#8211; Rodovia dos Imigrantes, 1,5 km &#8211; Vila \u00c1gua Funda, S\u00e3o Paulo<br \/>\nInforma\u00e7\u00f5es e inscri\u00e7\u00f5es:\u00a0<a title=\"Acesse o site da FE23\" href=\"http:\/\/fe23.sebraesp.com.br\/\" target=\"_blank\" rel=\"noopener\">http:\/\/fe23.sebraesp.com.br<\/a><br \/>\nEntrada gratuita<\/p>\n<p>&nbsp;<\/p>\n<h3>Veja o teaser da FE23!<\/h3>\n<p>YouTube:\u00a0<a href=\"https:\/\/youtu.be\/w2CQybHcFYc\" target=\"_blank\" rel=\"noopener\">https:\/\/youtu.be\/w2CQybHcFYc<\/a><\/p>\n<p>Instagram:\u00a0<a href=\"https:\/\/www.instagram.com\/p\/Cwxc7xgIVtE\/\" target=\"_blank\" rel=\"noopener\">https:\/\/www.instagram.com\/p\/Cwxc7xgIVtE\/<\/a><\/p>\n<\/div>\n<\/div>\n<\/div>\n<\/div>\n<\/div>\n<\/div>\n<\/div>\n<\/div>\n<div class=\"row mb-5\"><\/div>\n<div class=\"footer-basic\">\n<footer class=\"container-fluid\">\n<div id=\"logo-social\" class=\"wrapper\">\n<div class=\"text-white footer-content row\"><\/div>\n<\/div>\n<\/footer>\n<\/div>\n","protected":false},"excerpt":{"rendered":"<p>Conseguir cr\u00e9dito \u00e9 uma das principais dificuldades do micro e pequeno empres\u00e1rio e mais um desafio no caminho para o crescimento do neg\u00f3cio. Diante desse cen\u00e1rio, a Feira do Empreendedor (FE23) ter\u00e1 um espa\u00e7o especial dedicado ao tema: Solu\u00e7\u00f5es de Cr\u00e9dito. O evento ser\u00e1 realizado de 16 a 19 de outubro, no SP Expo, em [&hellip;]<\/p>\n","protected":false},"author":2,"featured_media":13001,"comment_status":"open","ping_status":"open","sticky":false,"template":"","format":"standard","meta":{"_jetpack_memberships_contains_paid_content":false,"footnotes":""},"categories":[51,54,56,58,60],"tags":[8779],"featured_image_src":{"landsacpe":["https:\/\/revistaempresarios.net\/web\/wp-content\/uploads\/2023\/10\/solucoes-credito_p6127_thumb_resized-848x445.webp",848,445,true],"list":["https:\/\/revistaempresarios.net\/web\/wp-content\/uploads\/2023\/10\/solucoes-credito_p6127_thumb_resized-463x348.webp",463,348,true],"medium":["https:\/\/revistaempresarios.net\/web\/wp-content\/uploads\/2023\/10\/solucoes-credito_p6127_thumb_resized-300x172.webp",300,172,true],"full":["https:\/\/revistaempresarios.net\/web\/wp-content\/uploads\/2023\/10\/solucoes-credito_p6127_thumb_resized.webp",848,487,false]},"jetpack_sharing_enabled":true,"jetpack_featured_media_url":"https:\/\/revistaempresarios.net\/web\/wp-content\/uploads\/2023\/10\/solucoes-credito_p6127_thumb_resized.webp","jetpack-related-posts":[],"_links":{"self":[{"href":"https:\/\/revistaempresarios.net\/web\/wp-json\/wp\/v2\/posts\/13000"}],"collection":[{"href":"https:\/\/revistaempresarios.net\/web\/wp-json\/wp\/v2\/posts"}],"about":[{"href":"https:\/\/revistaempresarios.net\/web\/wp-json\/wp\/v2\/types\/post"}],"author":[{"embeddable":true,"href":"https:\/\/revistaempresarios.net\/web\/wp-json\/wp\/v2\/users\/2"}],"replies":[{"embeddable":true,"href":"https:\/\/revistaempresarios.net\/web\/wp-json\/wp\/v2\/comments?post=13000"}],"version-history":[{"count":1,"href":"https:\/\/revistaempresarios.net\/web\/wp-json\/wp\/v2\/posts\/13000\/revisions"}],"predecessor-version":[{"id":13002,"href":"https:\/\/revistaempresarios.net\/web\/wp-json\/wp\/v2\/posts\/13000\/revisions\/13002"}],"wp:featuredmedia":[{"embeddable":true,"href":"https:\/\/revistaempresarios.net\/web\/wp-json\/wp\/v2\/media\/13001"}],"wp:attachment":[{"href":"https:\/\/revistaempresarios.net\/web\/wp-json\/wp\/v2\/media?parent=13000"}],"wp:term":[{"taxonomy":"category","embeddable":true,"href":"https:\/\/revistaempresarios.net\/web\/wp-json\/wp\/v2\/categories?post=13000"},{"taxonomy":"post_tag","embeddable":true,"href":"https:\/\/revistaempresarios.net\/web\/wp-json\/wp\/v2\/tags?post=13000"}],"curies":[{"name":"wp","href":"https:\/\/api.w.org\/{rel}","templated":true}]}}