{"id":12857,"date":"2023-10-10T20:40:39","date_gmt":"2023-10-10T23:40:39","guid":{"rendered":"https:\/\/revistaempresarios.net\/web\/?p=12857"},"modified":"2023-10-10T20:40:39","modified_gmt":"2023-10-10T23:40:39","slug":"estrategia-saiba-como-usar-o-trabalho-de-assessoria-de-imprensa-em-conjunto-com-influenciadores-digitais","status":"publish","type":"post","link":"https:\/\/revistaempresarios.net\/web\/2023\/10\/10\/estrategia-saiba-como-usar-o-trabalho-de-assessoria-de-imprensa-em-conjunto-com-influenciadores-digitais\/","title":{"rendered":"Estrat\u00e9gia: saiba como usar o trabalho de assessoria de imprensa em conjunto com influenciadores digitais"},"content":{"rendered":"<div class=\"itemBody\">\n<div class=\"itemIntroText\">\n<p>Especialista em comunica\u00e7\u00e3o explica as diferen\u00e7as entre o trabalho desses profissionais e como se conectam um ao outro para levar informa\u00e7\u00e3o ao p\u00fablico<\/p>\n<\/div>\n<div class=\"itemFullText\">\n<p>A forma de incentivar o consumo de produtos e ideias vem mudando cada vez mais, at\u00e9 mesmo pelo fato de algumas adapta\u00e7\u00f5es na comunica\u00e7\u00e3o com a sociedade. A pr\u00f3pria propaganda vem perdendo for\u00e7a devido ao desinteresse das pessoas.<\/p>\n<p>A Sprout Social2 revelou em pesquisa que 74% dos consumidores dependem das suas redes sociais para orientar suas decis\u00f5es de compra. Ainda de acordo com a Entrepreneur, 92% dos consumidores confiam mais em recomenda\u00e7\u00f5es de produtos feitas por indiv\u00edduos do que por marcas.<\/p>\n<p>Para atender essa parcela de p\u00fablico que vem crescendo a cada dia, as marcas procuram novas alternativas de divulgar seus produtos e servi\u00e7os, e entre eles est\u00e1 o trabalho com influenciadores digitais.<\/p>\n<p><strong>Poder de influenciar<\/strong><\/p>\n<p>Renata Brito, diretora de comunica\u00e7\u00e3o da Fatos&amp;Ideias Comunica\u00e7\u00e3o &#8211; empresa de assessoria de comunica\u00e7\u00e3o focada em fortalecer a marca de empresas no mercado por meio da m\u00eddia explica que os influenciadores digitais t\u00eam impacto forte para publicidade digital, pois al\u00e9m de influenciar na compra de produto, tamb\u00e9m tem atua\u00e7\u00e3o de interfer\u00eancia na opini\u00e3o p\u00fablica.<\/p>\n<p>\u201cQuem nunca perguntou a opini\u00e3o de algum produto ou servi\u00e7o para algu\u00e9m? Faz parte do ser humano querer saber a opini\u00e3o de terceiros, pois se pode ser bom para eles tamb\u00e9m \u00e9 poss\u00edvel ser bom para n\u00f3s. E o influenciador tem esse poder, inclusive de engajar por meio de conte\u00fados em canais online, e muitas vezes dividido por categorias, como por exemplo conte\u00fado fitness, decora\u00e7\u00e3o, esporte, sa\u00fade e beleza, etc\u201d, diz Brito.<\/p>\n<p><strong>Unindo for\u00e7as<\/strong><\/p>\n<p>Renata lembra que para uma estrat\u00e9gia de comunica\u00e7\u00e3o eficiente, a assessoria de imprensa em conjunto com os influenciadores se torna uma t\u00e1tica que se complementam e devem estar lado a lado, j\u00e1 que atingem p\u00fablicos diversos e potencializam os resultados da a\u00e7\u00e3o que requer uma recorr\u00eancia.<\/p>\n<p>\u201cO assessor de imprensa \u00e9 respons\u00e1vel por criar um planejamento de comunica\u00e7\u00e3o para influenciadores, que auxiliar\u00e1 a marca a estar mais presente nas redes sociais. Por\u00e9m, antes de escolher o influenciador \u00e9 necess\u00e1rio conhecer o perfil desse profissional, desde o n\u00famero de seguidores; se a imagem que ele transmite \u00e9 a ideal para o p\u00fablico que a empresa tamb\u00e9m quer atingir; verificar a linguagem utilizada, etc. Com um lead qualificado fica ainda mais pr\u00f3ximo das empresas serem assertivas\u201d, enfatiza a jornalista.<\/p>\n<p><strong>Assessoria x influenciador<\/strong><\/p>\n<p>A assessoria de imprensa \u00e9 respons\u00e1vel por levar a mensagem de uma empresa para jornalistas e imprensa especializada, criando uma ponte que liga a marca aos ve\u00edculos de comunica\u00e7\u00e3o. Tamb\u00e9m \u00e9 capaz de conectar sua empresa com os influenciadores, que por sua vez acabam tendo potenciais clientes para o seu neg\u00f3cio. Al\u00e9m ainda de ser respons\u00e1vel por criar um planejamento de comunica\u00e7\u00e3o onde ser\u00e1 tra\u00e7ado as estrat\u00e9gias de relacionamento entre jornalistas e tamb\u00e9m com os influenciadores.<\/p>\n<p>\u201cA ideia n\u00e3o \u00e9 vender seu produto\/servi\u00e7o, mas sim mostrar as estrat\u00e9gias de comunica\u00e7\u00e3o de como anunci\u00e1-los de uma forma mais org\u00e2nica e din\u00e2mica, sem parecer se tratar de uma publicidade. Al\u00e9m do mais, \u00e9 o assessor de imprensa que fica respons\u00e1vel por gerenciar qualquer tipo de crise dentro da empresa\u201d, finaliza Renata Brito.<\/p>\n<p><strong>Sobre a Fatos&amp;Ideias Comunica\u00e7\u00e3o<\/strong><\/p>\n<p>A Fatos&amp;Ideias Comunica\u00e7\u00e3o \u00e9 uma empresa de assessoria de comunica\u00e7\u00e3o que tem por objetivo fortalecer a marca de seus clientes no mercado por meio de m\u00eddia espont\u00e2nea e m\u00eddias digitais. A empresa de comunica\u00e7\u00e3o nasceu em 2013 e tem \u00e0 frente dos neg\u00f3cios a jornalista e empres\u00e1ria Renata Brito. Especializada em empreendedorismo e franchising, a equipe Fatos&amp;Ideias est\u00e1 sempre atenta ao mercado de comunica\u00e7\u00e3o para proporcionar o que h\u00e1 de mais eficiente \u00e0s marcas que atende. Ao longo desses quase dez anos j\u00e1 atendeu dezenas de redes de franquias de diversos tamanhos e segmentos.<\/p>\n<\/div>\n<\/div>\n<div class=\"e-mailit_toolbox circular size48\">\n<div class=\"e-mailit_btn_EMAILiT\"><\/div>\n<\/div>\n","protected":false},"excerpt":{"rendered":"<p>Especialista em comunica\u00e7\u00e3o explica as diferen\u00e7as entre o trabalho desses profissionais e como se conectam um ao outro para levar informa\u00e7\u00e3o ao p\u00fablico A forma de incentivar o consumo de produtos e ideias vem mudando cada vez mais, at\u00e9 mesmo pelo fato de algumas adapta\u00e7\u00f5es na comunica\u00e7\u00e3o com a sociedade. A pr\u00f3pria propaganda vem perdendo [&hellip;]<\/p>\n","protected":false},"author":2,"featured_media":12858,"comment_status":"open","ping_status":"open","sticky":false,"template":"","format":"standard","meta":{"_jetpack_memberships_contains_paid_content":false,"_joinchat":[],"footnotes":""},"categories":[51,56,57,60,62],"tags":[8734],"featured_image_src":{"landsacpe":["https:\/\/revistaempresarios.net\/web\/wp-content\/uploads\/2023\/10\/ed1166e8fb13487fa933e4ba0163194d_XL-1140x445.jpg",1140,445,true],"list":["https:\/\/revistaempresarios.net\/web\/wp-content\/uploads\/2023\/10\/ed1166e8fb13487fa933e4ba0163194d_XL-463x348.jpg",463,348,true],"medium":["https:\/\/revistaempresarios.net\/web\/wp-content\/uploads\/2023\/10\/ed1166e8fb13487fa933e4ba0163194d_XL-300x200.jpg",300,200,true],"full":["https:\/\/revistaempresarios.net\/web\/wp-content\/uploads\/2023\/10\/ed1166e8fb13487fa933e4ba0163194d_XL.jpg",1220,813,false]},"jetpack_sharing_enabled":true,"jetpack_featured_media_url":"https:\/\/revistaempresarios.net\/web\/wp-content\/uploads\/2023\/10\/ed1166e8fb13487fa933e4ba0163194d_XL.jpg","jetpack-related-posts":[],"_links":{"self":[{"href":"https:\/\/revistaempresarios.net\/web\/wp-json\/wp\/v2\/posts\/12857"}],"collection":[{"href":"https:\/\/revistaempresarios.net\/web\/wp-json\/wp\/v2\/posts"}],"about":[{"href":"https:\/\/revistaempresarios.net\/web\/wp-json\/wp\/v2\/types\/post"}],"author":[{"embeddable":true,"href":"https:\/\/revistaempresarios.net\/web\/wp-json\/wp\/v2\/users\/2"}],"replies":[{"embeddable":true,"href":"https:\/\/revistaempresarios.net\/web\/wp-json\/wp\/v2\/comments?post=12857"}],"version-history":[{"count":1,"href":"https:\/\/revistaempresarios.net\/web\/wp-json\/wp\/v2\/posts\/12857\/revisions"}],"predecessor-version":[{"id":12859,"href":"https:\/\/revistaempresarios.net\/web\/wp-json\/wp\/v2\/posts\/12857\/revisions\/12859"}],"wp:featuredmedia":[{"embeddable":true,"href":"https:\/\/revistaempresarios.net\/web\/wp-json\/wp\/v2\/media\/12858"}],"wp:attachment":[{"href":"https:\/\/revistaempresarios.net\/web\/wp-json\/wp\/v2\/media?parent=12857"}],"wp:term":[{"taxonomy":"category","embeddable":true,"href":"https:\/\/revistaempresarios.net\/web\/wp-json\/wp\/v2\/categories?post=12857"},{"taxonomy":"post_tag","embeddable":true,"href":"https:\/\/revistaempresarios.net\/web\/wp-json\/wp\/v2\/tags?post=12857"}],"curies":[{"name":"wp","href":"https:\/\/api.w.org\/{rel}","templated":true}]}}