{"id":12784,"date":"2023-10-06T17:39:18","date_gmt":"2023-10-06T20:39:18","guid":{"rendered":"https:\/\/revistaempresarios.net\/web\/?p=12784"},"modified":"2023-10-06T17:39:18","modified_gmt":"2023-10-06T20:39:18","slug":"bb-e-fundacao-bb-doam-r-1-milhao-e-realizam-acao-contra-a-estiagem-no-amazonas","status":"publish","type":"post","link":"https:\/\/revistaempresarios.net\/web\/2023\/10\/06\/bb-e-fundacao-bb-doam-r-1-milhao-e-realizam-acao-contra-a-estiagem-no-amazonas\/","title":{"rendered":"BB e Funda\u00e7\u00e3o BB doam R$ 1 milh\u00e3o e realizam a\u00e7\u00e3o contra a estiagem no Amazonas"},"content":{"rendered":"<div class=\"td-post-content\">\n<p>O Banco do Brasil e a Funda\u00e7\u00e3o BB lan\u00e7am campanha em apoio \u00e0s pessoas atingidas pela forte estiagem no estado do Amazonas. A campanha conta com apoio de unidades do conglomerado BB para a divulga\u00e7\u00e3o em canais m\u00faltiplos que abrangem clientes PF, PJ e demais segmentos negociais. As doa\u00e7\u00f5es ser\u00e3o revertidas em alimentos e \u00e1gua pot\u00e1vel que chegar\u00e1 aos amazonenses que est\u00e3o mais precisando. A campanha j\u00e1 inicia com R$ 1 milh\u00e3o em caixa, a partir de doa\u00e7\u00e3o do BB e da Funda\u00e7\u00e3o BB.<\/p>\n<p>Tarciana Medeiros, presidente do Banco do Brasil, destaca o apoio recorrente do BB em causas humanit\u00e1rias, como em recente caso de enchentes no RS. Ela tamb\u00e9m destaca que o Banco do Brasil retornou, em setembro, de uma intensa agenda institucional e de neg\u00f3cios em Nova Iorque em prol da Amaz\u00f4nia. &#8220;O cen\u00e1rio de extrema escassez de chuvas na regi\u00e3o amaz\u00f4nica refor\u00e7a a import\u00e2ncia das a\u00e7\u00f5es ASG abrangerem o cuidado ambiental e o amparo \u00e0s pessoas que ali vivem. Estivemos em Nova Iorque em setembro, onde captamos recursos para a aplica\u00e7\u00e3o em recupera\u00e7\u00e3o de \u00e1reas degradadas, apoio \u00e0s MPE e \u00e0 agricultura sustent\u00e1vel na amaz\u00f4nia. Agora, esta a\u00e7\u00e3o humanit\u00e1ria \u00e9 urgente e pede nosso apoio tamb\u00e9m&#8221;, destaca a presidente. &#8220;Nesta a\u00e7\u00e3o, vamos ter um foco priorit\u00e1rio nas pessoas que mais precisam a partir da distribui\u00e7\u00e3o de alimentos e \u00e1gua pot\u00e1vel. Em um mesmo movimento vamos apoiar a popula\u00e7\u00e3o em vulnerabilidade e de pequenos produtores locais&#8221;, afirma.<\/p>\n<p>Os rios amazonenses est\u00e3o pr\u00f3ximos dos menores n\u00edveis registrados, cen\u00e1rio que est\u00e1 configurando impactos sociais, ambientais e econ\u00f4micos. A mortandade de peixes est\u00e1 promovendo crise econ\u00f4mica para pescadores e crise alimentar para a popula\u00e7\u00e3o em geral. \u00a0Os baixos n\u00edveis pluviom\u00e9tricos, ou popularmente falando a falta de chuva, ocasionam cenas incomuns para uma regi\u00e3o reconhecida pela imensid\u00e3o verde da floresta Amaz\u00f4nica e pela imensid\u00e3o azul dos grandes rios brasileiros: \u00a0Amazonas, Negro, Solim\u00f5es, e seus afluentes. Moradias em casas flutuantes, navios, barcos e pequenas embarca\u00e7\u00f5es est\u00e3o encalhadas em areais onde antes havia igarap\u00e9s, rios e curso d&#8217;\u00e1gua.<\/p>\n<p><strong>Situa\u00e7\u00e3o de Emerg\u00eancia<\/strong><\/p>\n<p>23 munic\u00edpios, calhas do Alto Solim\u00f5es, Baixo Solim\u00f5es, Juru\u00e1, M\u00e9dio Solim\u00f5es e Purus<\/p>\n<p>Popula\u00e7\u00e3o: 174,7 mil pessoas;<\/p>\n<p>Em alerta: 35 cidades<\/p>\n<p>A perspectiva \u00e9 que a estiagem possa abranger no total 50 munic\u00edpios e 500 mil pessoas.<\/p>\n<p>Fonte: Comit\u00ea Intersetorial de Enfrentamento \u00e0 Situa\u00e7\u00e3o de Emerg\u00eancia Ambiental<\/p>\n<p>Essa iniciativa faz parte do programa estruturado Ajuda Humanit\u00e1ria, destinado a a\u00e7\u00f5es de assist\u00eancia em situa\u00e7\u00f5es de calamidade e emerg\u00eancia. A Funda\u00e7\u00e3o BB j\u00e1 doou R$ 1 milh\u00e3o e mobiliza a sociedade em geral para participar da a\u00e7\u00e3o. A expectativa \u00e9 que este valor proporcione a distribui\u00e7\u00e3o de ajuda para 4 mil fam\u00edlias amazonenses. A parte de log\u00edstica, que envolve o armazenamento e distribui\u00e7\u00e3o aos benefici\u00e1rios finais, ser\u00e1 apoiada por meio de representa\u00e7\u00f5es locais das for\u00e7as armadas. Este apoio log\u00edstico \u00e9 de extrema import\u00e2ncia devido aos impactos de navegabilidade e da necessidade de chegar a locais de dif\u00edcil acesso. Os valores arrecadados ser\u00e3o destinados a institui\u00e7\u00f5es sem fins lucrativos que atuam na regi\u00e3o e que ser\u00e1 respons\u00e1vel pela aquisi\u00e7\u00e3o e distribui\u00e7\u00e3o de alimentos e \u00e1gua pot\u00e1vel.<\/p>\n<p>Kleytton Morais, presidente da Funda\u00e7\u00e3o BB destaca nesta a\u00e7\u00e3o o pronto alinhamento obtido com o Banco do Brasil e faz um convite para a participa\u00e7\u00e3o ativa nesta jun\u00e7\u00e3o de for\u00e7as. &#8220;Neste momento em que moradores do estado do Amazonas est\u00e3o em extrema necessidade \u00e9 importante trazermos o esp\u00edrito p\u00fablico do BB, e a real dimens\u00e3o de trazermos no nome institucional o nome do pa\u00eds, de dimens\u00f5es continentais, riqueza na diversidade, sensibilidade social e sentido de uni\u00e3o&#8221;, declarou.<\/p>\n<\/div>\n<footer>\n<div class=\"td-post-source-tags\"><\/div>\n<div class=\"td-post-sharing-bottom\"><\/div>\n<\/footer>\n","protected":false},"excerpt":{"rendered":"<p>O Banco do Brasil e a Funda\u00e7\u00e3o BB lan\u00e7am campanha em apoio \u00e0s pessoas atingidas pela forte estiagem no estado do Amazonas. A campanha conta com apoio de unidades do conglomerado BB para a divulga\u00e7\u00e3o em canais m\u00faltiplos que abrangem clientes PF, PJ e demais segmentos negociais. As doa\u00e7\u00f5es ser\u00e3o revertidas em alimentos e \u00e1gua [&hellip;]<\/p>\n","protected":false},"author":2,"featured_media":12785,"comment_status":"open","ping_status":"open","sticky":false,"template":"","format":"standard","meta":{"_jetpack_memberships_contains_paid_content":false,"footnotes":""},"categories":[51,56,57],"tags":[8715],"featured_image_src":{"landsacpe":["https:\/\/revistaempresarios.net\/web\/wp-content\/uploads\/2023\/10\/amazonia.jpg",260,194,false],"list":["https:\/\/revistaempresarios.net\/web\/wp-content\/uploads\/2023\/10\/amazonia.jpg",260,194,false],"medium":["https:\/\/revistaempresarios.net\/web\/wp-content\/uploads\/2023\/10\/amazonia.jpg",260,194,false],"full":["https:\/\/revistaempresarios.net\/web\/wp-content\/uploads\/2023\/10\/amazonia.jpg",260,194,false]},"jetpack_sharing_enabled":true,"jetpack_featured_media_url":"https:\/\/revistaempresarios.net\/web\/wp-content\/uploads\/2023\/10\/amazonia.jpg","jetpack-related-posts":[],"_links":{"self":[{"href":"https:\/\/revistaempresarios.net\/web\/wp-json\/wp\/v2\/posts\/12784"}],"collection":[{"href":"https:\/\/revistaempresarios.net\/web\/wp-json\/wp\/v2\/posts"}],"about":[{"href":"https:\/\/revistaempresarios.net\/web\/wp-json\/wp\/v2\/types\/post"}],"author":[{"embeddable":true,"href":"https:\/\/revistaempresarios.net\/web\/wp-json\/wp\/v2\/users\/2"}],"replies":[{"embeddable":true,"href":"https:\/\/revistaempresarios.net\/web\/wp-json\/wp\/v2\/comments?post=12784"}],"version-history":[{"count":1,"href":"https:\/\/revistaempresarios.net\/web\/wp-json\/wp\/v2\/posts\/12784\/revisions"}],"predecessor-version":[{"id":12786,"href":"https:\/\/revistaempresarios.net\/web\/wp-json\/wp\/v2\/posts\/12784\/revisions\/12786"}],"wp:featuredmedia":[{"embeddable":true,"href":"https:\/\/revistaempresarios.net\/web\/wp-json\/wp\/v2\/media\/12785"}],"wp:attachment":[{"href":"https:\/\/revistaempresarios.net\/web\/wp-json\/wp\/v2\/media?parent=12784"}],"wp:term":[{"taxonomy":"category","embeddable":true,"href":"https:\/\/revistaempresarios.net\/web\/wp-json\/wp\/v2\/categories?post=12784"},{"taxonomy":"post_tag","embeddable":true,"href":"https:\/\/revistaempresarios.net\/web\/wp-json\/wp\/v2\/tags?post=12784"}],"curies":[{"name":"wp","href":"https:\/\/api.w.org\/{rel}","templated":true}]}}