{"id":12761,"date":"2023-10-05T22:56:28","date_gmt":"2023-10-06T01:56:28","guid":{"rendered":"https:\/\/revistaempresarios.net\/web\/?p=12761"},"modified":"2023-10-05T22:56:28","modified_gmt":"2023-10-06T01:56:28","slug":"mcdonalds-instala-horta-vertical-na-av-paulista-para-promover-seu-restaurante-mais-sustentavel-do-brasil","status":"publish","type":"post","link":"https:\/\/revistaempresarios.net\/web\/2023\/10\/05\/mcdonalds-instala-horta-vertical-na-av-paulista-para-promover-seu-restaurante-mais-sustentavel-do-brasil\/","title":{"rendered":"McDonald\u2019s instala horta vertical na Av. Paulista para promover seu restaurante mais sustent\u00e1vel do Brasil"},"content":{"rendered":"<h5 class=\"jeg_post_subtitle\">O OOH conta com 6.000 mudas de tomate cereja que est\u00e3o dispon\u00edveis para o p\u00fablico levar para casa<\/h5>\n<div class=\"jeg_meta_container\">\n<div class=\"jeg_post_meta jeg_post_meta_1\">\n<p>Quem passar pela Avenida Paulista, em S\u00e3o Paulo (SP), ser\u00e1 surpreendido por um abrigo de \u00f4nibus especial do\u00a0<strong>McDonald\u2019s com mudas de tomate cereja<\/strong>. A a\u00e7\u00e3o tem como objetivo promover o rec\u00e9m-inaugurado M\u00e9qui mais sustent\u00e1vel do Brasil, na Avenida Bernardino de Campos, 307, em S\u00e3o Paulo (SP). A a\u00e7\u00e3o foi criada pela\u00a0<strong>GALERIA.ag<\/strong>, por meio do Vitrine \u2013 hub de neg\u00f3cios especializado em m\u00eddia exterior.<\/p>\n<p>As 6.000 mudas de tomate est\u00e3o expostas em um totem na Avenida Paulista, n\u00ba 171, pr\u00f3ximo ao novo restaurante, e conta com sistema de irriga\u00e7\u00e3o com temporizador, al\u00e9m de ter sido produzido com materiais que ter\u00e3o descarte correto. A a\u00e7\u00e3o tamb\u00e9m foi criada com o objetivo de que o p\u00fablico possa levar as plantas para casa.<\/p>\n<p>S\u00e9rgio Eleut\u00e9rio, Diretor de Marketing do McDonald\u2019s no Brasil, comenta que a ideia \u00e9 agregar os elementos do restaurante na comunica\u00e7\u00e3o. \u201cNa nova unidade, temos uma horta que \u00e9 cultivada a partir do adubo gerado pela compostagem dos nossos alimentos realizada l\u00e1 mesmo. Essa j\u00e1 \u00e9 uma iniciativa que conta para os visitantes as vantagens da gest\u00e3o respons\u00e1vel dos res\u00edduos. Com esta a\u00e7\u00e3o, estendemos esse efeito de conscientiza\u00e7\u00e3o e convidamos a popula\u00e7\u00e3o a conhecer o M\u00e9qui mais sustent\u00e1vel do Brasil\u201d, afirma Eleut\u00e9rio.<\/p>\n<figure class=\"wp-block-gallery columns-3 is-cropped\">\n<ul class=\"blocks-gallery-grid\">\n<li class=\"blocks-gallery-item\">\n<figure><img decoding=\"async\" class=\"wp-image-268632\" src=\"https:\/\/www.abcdacomunicacao.com.br\/wp-content\/uploads\/mcd_desafio60_colegio-3-768x1024.jpg\" sizes=\"(max-width: 768px) 100vw, 768px\" srcset=\"https:\/\/www.abcdacomunicacao.com.br\/wp-content\/uploads\/mcd_desafio60_colegio-3-768x1024.jpg 768w, https:\/\/www.abcdacomunicacao.com.br\/wp-content\/uploads\/mcd_desafio60_colegio-3-225x300.jpg 225w, https:\/\/www.abcdacomunicacao.com.br\/wp-content\/uploads\/mcd_desafio60_colegio-3-1152x1536.jpg 1152w, https:\/\/www.abcdacomunicacao.com.br\/wp-content\/uploads\/mcd_desafio60_colegio-3-1536x2048.jpg 1536w, https:\/\/www.abcdacomunicacao.com.br\/wp-content\/uploads\/mcd_desafio60_colegio-3-600x800.jpg 600w, https:\/\/www.abcdacomunicacao.com.br\/wp-content\/uploads\/mcd_desafio60_colegio-3-750x1000.jpg 750w, https:\/\/www.abcdacomunicacao.com.br\/wp-content\/uploads\/mcd_desafio60_colegio-3-1140x1520.jpg 1140w, https:\/\/www.abcdacomunicacao.com.br\/wp-content\/uploads\/mcd_desafio60_colegio-3-scaled.jpg 1920w\" alt=\"\" data-id=\"268632\" data-full-url=\"https:\/\/www.abcdacomunicacao.com.br\/wp-content\/uploads\/mcd_desafio60_colegio-3-scaled.jpg\" data-link=\"https:\/\/www.abcdacomunicacao.com.br\/?attachment_id=268632\" data-pin-no-hover=\"true\" \/><\/figure>\n<\/li>\n<li class=\"blocks-gallery-item\">\n<figure><img decoding=\"async\" class=\"wp-image-268633\" src=\"https:\/\/www.abcdacomunicacao.com.br\/wp-content\/uploads\/IMG_5296-768x1024.jpg\" sizes=\"(max-width: 768px) 100vw, 768px\" srcset=\"https:\/\/www.abcdacomunicacao.com.br\/wp-content\/uploads\/IMG_5296-768x1024.jpg 768w, https:\/\/www.abcdacomunicacao.com.br\/wp-content\/uploads\/IMG_5296-225x300.jpg 225w, https:\/\/www.abcdacomunicacao.com.br\/wp-content\/uploads\/IMG_5296-1152x1536.jpg 1152w, https:\/\/www.abcdacomunicacao.com.br\/wp-content\/uploads\/IMG_5296-1536x2048.jpg 1536w, https:\/\/www.abcdacomunicacao.com.br\/wp-content\/uploads\/IMG_5296-600x800.jpg 600w, https:\/\/www.abcdacomunicacao.com.br\/wp-content\/uploads\/IMG_5296-750x1000.jpg 750w, https:\/\/www.abcdacomunicacao.com.br\/wp-content\/uploads\/IMG_5296-1140x1520.jpg 1140w, https:\/\/www.abcdacomunicacao.com.br\/wp-content\/uploads\/IMG_5296-scaled.jpg 1920w\" alt=\"\" data-id=\"268633\" data-full-url=\"https:\/\/www.abcdacomunicacao.com.br\/wp-content\/uploads\/IMG_5296-scaled.jpg\" data-link=\"https:\/\/www.abcdacomunicacao.com.br\/?attachment_id=268633\" data-pin-no-hover=\"true\" \/><\/figure>\n<\/li>\n<li class=\"blocks-gallery-item\">\n<figure><img decoding=\"async\" class=\"wp-image-268634\" src=\"https:\/\/www.abcdacomunicacao.com.br\/wp-content\/uploads\/IMG_5278-768x1024.jpg\" sizes=\"(max-width: 768px) 100vw, 768px\" srcset=\"https:\/\/www.abcdacomunicacao.com.br\/wp-content\/uploads\/IMG_5278-768x1024.jpg 768w, https:\/\/www.abcdacomunicacao.com.br\/wp-content\/uploads\/IMG_5278-225x300.jpg 225w, https:\/\/www.abcdacomunicacao.com.br\/wp-content\/uploads\/IMG_5278-1153x1536.jpg 1153w, https:\/\/www.abcdacomunicacao.com.br\/wp-content\/uploads\/IMG_5278-1537x2048.jpg 1537w, https:\/\/www.abcdacomunicacao.com.br\/wp-content\/uploads\/IMG_5278-600x800.jpg 600w, https:\/\/www.abcdacomunicacao.com.br\/wp-content\/uploads\/IMG_5278-750x1000.jpg 750w, https:\/\/www.abcdacomunicacao.com.br\/wp-content\/uploads\/IMG_5278-1140x1519.jpg 1140w, https:\/\/www.abcdacomunicacao.com.br\/wp-content\/uploads\/IMG_5278-scaled.jpg 1921w\" alt=\"\" data-id=\"268634\" data-full-url=\"https:\/\/www.abcdacomunicacao.com.br\/wp-content\/uploads\/IMG_5278-scaled.jpg\" data-link=\"https:\/\/www.abcdacomunicacao.com.br\/?attachment_id=268634\" data-pin-no-hover=\"true\" \/><\/figure>\n<\/li>\n<li class=\"blocks-gallery-item\">\n<figure><img decoding=\"async\" class=\"wp-image-268635\" src=\"https:\/\/www.abcdacomunicacao.com.br\/wp-content\/uploads\/IMG_5270-768x1024.jpg\" sizes=\"(max-width: 768px) 100vw, 768px\" srcset=\"https:\/\/www.abcdacomunicacao.com.br\/wp-content\/uploads\/IMG_5270-768x1024.jpg 768w, https:\/\/www.abcdacomunicacao.com.br\/wp-content\/uploads\/IMG_5270-225x300.jpg 225w, https:\/\/www.abcdacomunicacao.com.br\/wp-content\/uploads\/IMG_5270-1152x1536.jpg 1152w, https:\/\/www.abcdacomunicacao.com.br\/wp-content\/uploads\/IMG_5270-1536x2048.jpg 1536w, https:\/\/www.abcdacomunicacao.com.br\/wp-content\/uploads\/IMG_5270-600x800.jpg 600w, https:\/\/www.abcdacomunicacao.com.br\/wp-content\/uploads\/IMG_5270-750x1000.jpg 750w, https:\/\/www.abcdacomunicacao.com.br\/wp-content\/uploads\/IMG_5270-1140x1520.jpg 1140w, https:\/\/www.abcdacomunicacao.com.br\/wp-content\/uploads\/IMG_5270-scaled.jpg 1920w\" alt=\"\" data-id=\"268635\" data-full-url=\"https:\/\/www.abcdacomunicacao.com.br\/wp-content\/uploads\/IMG_5270-scaled.jpg\" data-link=\"https:\/\/www.abcdacomunicacao.com.br\/?attachment_id=268635\" data-pin-no-hover=\"true\" \/><\/figure>\n<\/li>\n<\/ul>\n<\/figure>\n<p>\u201cCriamos um OOH que traz para as ruas o conceito de sustentabilidade do novo restaurante de forma criativa e interativa. Combinamos os\u00a0<em>assets<\/em>\u00a0cl\u00e1ssicos do design da marca com uma muda para as pessoas levarem para casa e plantarem essa ideia\u201d, conta Tiago Zanatta, Diretor de Cria\u00e7\u00e3o Associado da GALERIA.ag.<\/p>\n<\/div>\n<\/div>\n","protected":false},"excerpt":{"rendered":"<p>O OOH conta com 6.000 mudas de tomate cereja que est\u00e3o dispon\u00edveis para o p\u00fablico levar para casa Quem passar pela Avenida Paulista, em S\u00e3o Paulo (SP), ser\u00e1 surpreendido por um abrigo de \u00f4nibus especial do\u00a0McDonald\u2019s com mudas de tomate cereja. A a\u00e7\u00e3o tem como objetivo promover o rec\u00e9m-inaugurado M\u00e9qui mais sustent\u00e1vel do Brasil, na [&hellip;]<\/p>\n","protected":false},"author":2,"featured_media":12762,"comment_status":"open","ping_status":"open","sticky":false,"template":"","format":"standard","meta":{"_jetpack_memberships_contains_paid_content":false,"footnotes":""},"categories":[51,56,60],"tags":[8709],"featured_image_src":{"landsacpe":["https:\/\/revistaempresarios.net\/web\/wp-content\/uploads\/2023\/10\/Mequi_021-scaled-1-1140x445.jpg",1140,445,true],"list":["https:\/\/revistaempresarios.net\/web\/wp-content\/uploads\/2023\/10\/Mequi_021-scaled-1-463x348.jpg",463,348,true],"medium":["https:\/\/revistaempresarios.net\/web\/wp-content\/uploads\/2023\/10\/Mequi_021-scaled-1-300x210.jpg",300,210,true],"full":["https:\/\/revistaempresarios.net\/web\/wp-content\/uploads\/2023\/10\/Mequi_021-scaled-1.jpg",2560,1794,false]},"jetpack_sharing_enabled":true,"jetpack_featured_media_url":"https:\/\/revistaempresarios.net\/web\/wp-content\/uploads\/2023\/10\/Mequi_021-scaled-1.jpg","jetpack-related-posts":[],"_links":{"self":[{"href":"https:\/\/revistaempresarios.net\/web\/wp-json\/wp\/v2\/posts\/12761"}],"collection":[{"href":"https:\/\/revistaempresarios.net\/web\/wp-json\/wp\/v2\/posts"}],"about":[{"href":"https:\/\/revistaempresarios.net\/web\/wp-json\/wp\/v2\/types\/post"}],"author":[{"embeddable":true,"href":"https:\/\/revistaempresarios.net\/web\/wp-json\/wp\/v2\/users\/2"}],"replies":[{"embeddable":true,"href":"https:\/\/revistaempresarios.net\/web\/wp-json\/wp\/v2\/comments?post=12761"}],"version-history":[{"count":1,"href":"https:\/\/revistaempresarios.net\/web\/wp-json\/wp\/v2\/posts\/12761\/revisions"}],"predecessor-version":[{"id":12763,"href":"https:\/\/revistaempresarios.net\/web\/wp-json\/wp\/v2\/posts\/12761\/revisions\/12763"}],"wp:featuredmedia":[{"embeddable":true,"href":"https:\/\/revistaempresarios.net\/web\/wp-json\/wp\/v2\/media\/12762"}],"wp:attachment":[{"href":"https:\/\/revistaempresarios.net\/web\/wp-json\/wp\/v2\/media?parent=12761"}],"wp:term":[{"taxonomy":"category","embeddable":true,"href":"https:\/\/revistaempresarios.net\/web\/wp-json\/wp\/v2\/categories?post=12761"},{"taxonomy":"post_tag","embeddable":true,"href":"https:\/\/revistaempresarios.net\/web\/wp-json\/wp\/v2\/tags?post=12761"}],"curies":[{"name":"wp","href":"https:\/\/api.w.org\/{rel}","templated":true}]}}