{"id":12744,"date":"2023-10-05T13:53:04","date_gmt":"2023-10-05T16:53:04","guid":{"rendered":"https:\/\/revistaempresarios.net\/web\/?p=12744"},"modified":"2023-10-05T13:53:04","modified_gmt":"2023-10-05T16:53:04","slug":"wendt-global-desembarca-no-brasil-para-revolucionar-o-mercado-de-realocacoes-de-executivos-e-personalidades-2","status":"publish","type":"post","link":"https:\/\/revistaempresarios.net\/web\/2023\/10\/05\/wendt-global-desembarca-no-brasil-para-revolucionar-o-mercado-de-realocacoes-de-executivos-e-personalidades-2\/","title":{"rendered":"Wendt Global desembarca no Brasil para revolucionar o mercado de realoca\u00e7\u00f5es de executivos e personalidades"},"content":{"rendered":"<p>A Wendt Global, respeitada empresa internacional especializada em servi\u00e7os de realoca\u00e7\u00e3o para executivos e personalidades, anuncia sua expans\u00e3o para o mercado brasileiro. Esta movimenta\u00e7\u00e3o estrat\u00e9gica visa atender \u00e0 crescente demanda de profissionais brasileiros que buscam oportunidades no exterior.<\/p>\n<p>Com sede no Panam\u00e1, a Wendt Global conquistou rapidamente seu espa\u00e7o na oferta de solu\u00e7\u00f5es de realoca\u00e7\u00e3o altamente personalizadas e eficazes para executivos de alto escal\u00e3o e influentes personalidades em todo o mundo. A fundadora da empresa, a experiente executiva K\u00e1tia Wendt, desempenhou um papel crucial no sucesso da organiza\u00e7\u00e3o, trazendo consigo sua vasta experi\u00eancia de mais de 20 anos como executiva de multinacional no setor da Sa\u00fade e sua habilidade em lidar com clientes de diversas origens culturais e lingu\u00edsticas.<\/p>\n<p>K\u00e1tia, que j\u00e1 passou por seis realoca\u00e7\u00f5es pessoais, traz sua expertise \u00fanica para ajudar outros profissionais a navegar com sucesso pelas complexidades da realoca\u00e7\u00e3o global. Como Coach e mentora de Realoca\u00e7\u00e3o, ela utiliza suas habilidades interpessoais, profundo entendimento das necessidades dos executivos e seu dom\u00ednio de tr\u00eas idiomas (portugu\u00eas, ingl\u00eas e espanhol) para orientar e apoiar indiv\u00edduos durante as transi\u00e7\u00f5es de carreira e mudan\u00e7as geogr\u00e1ficas.<\/p>\n<p>&#8220;A mudan\u00e7a de pa\u00eds pode ser desafiadora em diversos n\u00edveis. \u00c9 preciso, por exemplo, estar ciente das obriga\u00e7\u00f5es fiscais, pagamento de impostos e tantas outras burocracias que devem ser levadas em conta, tanto no Brasil quanto no exterior. Al\u00e9m disso, existe a mudan\u00e7a cultural, idioma local, encontrar casa para morar, escola para crian\u00e7as, entre tantas outras quest\u00f5es&#8221;, explica K\u00e1tia. &#8220;Nosso time aborda tudo isso. Temos uma equipe pronta para atender \u00e0s mais diversas demandas e esclarecer d\u00favidas sobre qualquer assunto relacionado ao tema&#8221;, completa.<\/p>\n<p>K\u00e1tia acredita que este \u00e9 o momento ideal para investir no mercado brasileiro, j\u00e1 que a demanda por profissionais qualificados fora do pa\u00eds est\u00e1 em alta. &#8220;Expandir meu neg\u00f3cio para o Brasil sempre foi um sonho, e hoje tenho a oportunidade de realiz\u00e1-lo. Minha miss\u00e3o \u00e9 trazer o que h\u00e1 de mais moderno no universo de realoca\u00e7\u00e3o para brasileiros que buscam oportunidades no exterior. Estou muito emocionada\u00a0 com o desafio e tenho certeza que tudo tem tudo para dar certo&#8221;, finaliza.<\/p>\n<p><strong>Sobre a Wendt Global<\/strong><\/p>\n<p>A Wendt Global \u00e9 uma empresa especializada em servi\u00e7os de realoca\u00e7\u00e3o dedicada a simplificar as complexidades associadas \u00e0 mudan\u00e7a global. A companhia se destaca por sua abordagem personalizada e pela compreens\u00e3o profunda das necessidades exclusivas de seus clientes, oferecendo solu\u00e7\u00f5es do in\u00edcio ao final do processo, com foco na agilidade e simplifica\u00e7\u00e3o para facilitar transi\u00e7\u00e3o de executivos e personalidades em todo o mundo.<\/p>\n","protected":false},"excerpt":{"rendered":"<p>A Wendt Global, respeitada empresa internacional especializada em servi\u00e7os de realoca\u00e7\u00e3o para executivos e personalidades, anuncia sua expans\u00e3o para o mercado brasileiro. Esta movimenta\u00e7\u00e3o estrat\u00e9gica visa atender \u00e0 crescente demanda de profissionais brasileiros que buscam oportunidades no exterior. Com sede no Panam\u00e1, a Wendt Global conquistou rapidamente seu espa\u00e7o na oferta de solu\u00e7\u00f5es de realoca\u00e7\u00e3o [&hellip;]<\/p>\n","protected":false},"author":2,"featured_media":12745,"comment_status":"open","ping_status":"open","sticky":false,"template":"","format":"standard","meta":{"_jetpack_memberships_contains_paid_content":false,"footnotes":""},"categories":[1],"tags":[],"featured_image_src":{"landsacpe":["https:\/\/revistaempresarios.net\/web\/wp-content\/uploads\/2023\/10\/NK_A_sleek_futuristic_screen_displaying_a_cutting-edge_AI-gener_120e7d6c-5035-431b-90d0-038f330efea6-450x231-1.webp",450,231,false],"list":["https:\/\/revistaempresarios.net\/web\/wp-content\/uploads\/2023\/10\/NK_A_sleek_futuristic_screen_displaying_a_cutting-edge_AI-gener_120e7d6c-5035-431b-90d0-038f330efea6-450x231-1.webp",450,231,false],"medium":["https:\/\/revistaempresarios.net\/web\/wp-content\/uploads\/2023\/10\/NK_A_sleek_futuristic_screen_displaying_a_cutting-edge_AI-gener_120e7d6c-5035-431b-90d0-038f330efea6-450x231-1-300x154.webp",300,154,true],"full":["https:\/\/revistaempresarios.net\/web\/wp-content\/uploads\/2023\/10\/NK_A_sleek_futuristic_screen_displaying_a_cutting-edge_AI-gener_120e7d6c-5035-431b-90d0-038f330efea6-450x231-1.webp",450,231,false]},"jetpack_sharing_enabled":true,"jetpack_featured_media_url":"https:\/\/revistaempresarios.net\/web\/wp-content\/uploads\/2023\/10\/NK_A_sleek_futuristic_screen_displaying_a_cutting-edge_AI-gener_120e7d6c-5035-431b-90d0-038f330efea6-450x231-1.webp","jetpack-related-posts":[],"_links":{"self":[{"href":"https:\/\/revistaempresarios.net\/web\/wp-json\/wp\/v2\/posts\/12744"}],"collection":[{"href":"https:\/\/revistaempresarios.net\/web\/wp-json\/wp\/v2\/posts"}],"about":[{"href":"https:\/\/revistaempresarios.net\/web\/wp-json\/wp\/v2\/types\/post"}],"author":[{"embeddable":true,"href":"https:\/\/revistaempresarios.net\/web\/wp-json\/wp\/v2\/users\/2"}],"replies":[{"embeddable":true,"href":"https:\/\/revistaempresarios.net\/web\/wp-json\/wp\/v2\/comments?post=12744"}],"version-history":[{"count":1,"href":"https:\/\/revistaempresarios.net\/web\/wp-json\/wp\/v2\/posts\/12744\/revisions"}],"predecessor-version":[{"id":12746,"href":"https:\/\/revistaempresarios.net\/web\/wp-json\/wp\/v2\/posts\/12744\/revisions\/12746"}],"wp:featuredmedia":[{"embeddable":true,"href":"https:\/\/revistaempresarios.net\/web\/wp-json\/wp\/v2\/media\/12745"}],"wp:attachment":[{"href":"https:\/\/revistaempresarios.net\/web\/wp-json\/wp\/v2\/media?parent=12744"}],"wp:term":[{"taxonomy":"category","embeddable":true,"href":"https:\/\/revistaempresarios.net\/web\/wp-json\/wp\/v2\/categories?post=12744"},{"taxonomy":"post_tag","embeddable":true,"href":"https:\/\/revistaempresarios.net\/web\/wp-json\/wp\/v2\/tags?post=12744"}],"curies":[{"name":"wp","href":"https:\/\/api.w.org\/{rel}","templated":true}]}}