{"id":12728,"date":"2023-10-05T13:33:47","date_gmt":"2023-10-05T16:33:47","guid":{"rendered":"https:\/\/revistaempresarios.net\/web\/?p=12728"},"modified":"2023-10-05T13:33:47","modified_gmt":"2023-10-05T16:33:47","slug":"black-friday-como-o-modelo-d2c-aproxima-industria-do-consumidor-e-consolida-as-vendas-do-setor","status":"publish","type":"post","link":"https:\/\/revistaempresarios.net\/web\/2023\/10\/05\/black-friday-como-o-modelo-d2c-aproxima-industria-do-consumidor-e-consolida-as-vendas-do-setor\/","title":{"rendered":"Black Friday: como o modelo D2C aproxima ind\u00fastria do consumidor e consolida as vendas do setor"},"content":{"rendered":"<div class=\"itemBody\">\n<div class=\"itemIntroText\">\n<p>Ind\u00fastria foca em vendas diretas ao consumidor final como forma de melhorar performance e oferecer melhor experi\u00eancia de compra<\/p>\n<\/div>\n<div class=\"itemFullText\">\n<p>A chegada da Black Friday causa sempre uma movimenta\u00e7\u00e3o no com\u00e9rcio, seja ele digital ou presencial. Mas n\u00e3o \u00e9 s\u00f3 esse mercado que est\u00e1 de olho na data; um segmento que tem utilizado estrat\u00e9gias para chamar a aten\u00e7\u00e3o de seu p\u00fablico nos \u00faltimos anos \u00e9 o industrial. A proposta do setor \u00e9 focar no modelo D2C (direct to consumer), ou seja, venda direta ao consumidor sem a intermedia\u00e7\u00e3o do varejo, oferecendo uma experi\u00eancia de compras diferenciada.<\/p>\n<p>O D2C deve ganhar ainda mais for\u00e7a nos pr\u00f3ximos anos. Nos Estados Unidos, por exemplo, as vendas diretas chegaram a faturar US$ 31,6 bilh\u00f5es em 2022, um aumento de 41,4% se comparado com 2021, segundo um relat\u00f3rio divulgado pela eMarketer. O Brasil deve seguir essa tend\u00eancia.<\/p>\n<p>O modelo tem sido uma aposta de empresas em diversos setores, al\u00e9m de uma estrat\u00e9gia importante para aproximar o fabricante do seu p\u00fablico-alvo, como explica Roberto Monfort, diretor da vertical Multisector na FCamara, ecossistema de tecnologia e inova\u00e7\u00e3o que potencializa o futuro de neg\u00f3cios.<\/p>\n<p>\u201cO modelo de neg\u00f3cios D2C \u00e9 extremamente vantajoso para marcas que desejam se manter competitivas no mercado, pois amplia o p\u00fablico interessado. A loja passa a vender tanto para outras empresas quanto para o consumidor final, que ter\u00e1 sua jornada mapeada de ponta a ponta. A partir disso, \u00e9 poss\u00edvel otimizar as a\u00e7\u00f5es de marketing e aumentar a capta\u00e7\u00e3o de leads, resultando em um n\u00famero maior de vendas\u201d, ressalta Monfort.<\/p>\n<p>Al\u00e9m da aproxima\u00e7\u00e3o com o p\u00fablico, o especialista destaca outros benef\u00edcios desse modelo de neg\u00f3cios:<\/p>\n<p><strong>Pre\u00e7os mais competitivos<\/strong><\/p>\n<p>Como a venda \u00e9 feita de forma direta, sem intermedi\u00e1rios, os custos com a distribui\u00e7\u00e3o dos produtos acabam ficando menores. O resultado disso \u00e9 um valor mais baixo repassado aos consumidores, o que conta pontos para a satisfa\u00e7\u00e3o do cliente.<\/p>\n<p><strong>Expans\u00e3o do p\u00fablico<\/strong><\/p>\n<p>Se antes a ind\u00fastria vendia apenas para outras empresas parceiras, fabricantes e distribuidoras, agora o consumidor final tamb\u00e9m entra na jogada. Isso aumenta o escopo de p\u00fablico da marca e, consequentemente, as vendas. Al\u00e9m disso, a ind\u00fastria tamb\u00e9m passa a ser capaz de estudar os h\u00e1bitos e descobrir as prefer\u00eancias de seus compradores por meio do e-commerce.<\/p>\n<p><strong>Maior controle sobre a experi\u00eancia da marca<\/strong><\/p>\n<p>O D2C \u00e9 um canal de conex\u00e3o entre a empresa e o consumidor. Ele evita poss\u00edveis impactos negativos relacionados aos intermedi\u00e1rios, pois quando se tem o controle da transa\u00e7\u00e3o, fica mais f\u00e1cil criar estrat\u00e9gias de compras personalizadas e refor\u00e7ar os principais valores da marca.<\/p>\n<p>Importante destacar que as ind\u00fastrias que conseguirem criar os seus pr\u00f3prios canais de venda utilizando as tecnologias e as ferramentas dispon\u00edveis se destacam diante da concorr\u00eancia, j\u00e1 que t\u00eam um n\u00famero maior de dados e informa\u00e7\u00f5es referentes a seu p\u00fablico, podendo ser mais estrat\u00e9gicos e proporcionando uma experi\u00eancia completa de ponta a ponta.<\/p>\n<p><strong>Sobre a FCamara<\/strong><\/p>\n<p>A FCamara, multinacional brasileira, \u00e9 um ecossistema de tecnologia e inova\u00e7\u00e3o que potencializa o futuro de neg\u00f3cios integrando vis\u00e3o estrat\u00e9gica com execu\u00e7\u00e3o inteligente, lado a lado com seus clientes, para proporcionar experi\u00eancias transformadoras. Com um time altamente especializado, o grupo atua em Transforma\u00e7\u00e3o Digital, E-commerce &amp; Marketplace, Inova\u00e7\u00e3o, Cloud &amp; Ciberseguran\u00e7a, Open Finance &amp; Open Insurance, Data &amp; Analytics e Marketing Digital, junto aos principais players de varejo, sa\u00fade, seguros, mercado financeiro, ind\u00fastria e outros segmentos. Foi eleita 5 vezes como a Melhor Empresa na categoria de servi\u00e7os de e-commerce pela ABComm e \u00e9 l\u00edder em solu\u00e7\u00f5es digitais, sendo considerada hoje a maior empresa de servi\u00e7os para e-commerce da Am\u00e9rica Latina. Hoje, o grupo conta com opera\u00e7\u00f5es no Brasil, Europa e Reino Unido, e mais de 1.000 empresas atendidas em sua hist\u00f3ria.<\/p>\n<\/div>\n<\/div>\n<div class=\"e-mailit_toolbox circular  size48\">\n<div class=\"e-mailit_btn_EMAILiT\"><\/div>\n<\/div>\n","protected":false},"excerpt":{"rendered":"<p>Ind\u00fastria foca em vendas diretas ao consumidor final como forma de melhorar performance e oferecer melhor experi\u00eancia de compra A chegada da Black Friday causa sempre uma movimenta\u00e7\u00e3o no com\u00e9rcio, seja ele digital ou presencial. Mas n\u00e3o \u00e9 s\u00f3 esse mercado que est\u00e1 de olho na data; um segmento que tem utilizado estrat\u00e9gias para chamar [&hellip;]<\/p>\n","protected":false},"author":2,"featured_media":12729,"comment_status":"open","ping_status":"open","sticky":false,"template":"","format":"standard","meta":{"_jetpack_memberships_contains_paid_content":false,"footnotes":""},"categories":[51,56,60],"tags":[8698],"featured_image_src":{"landsacpe":["https:\/\/revistaempresarios.net\/web\/wp-content\/uploads\/2023\/10\/5df4f44d080762214e2abaed9a03085c_M-900x445.jpg",900,445,true],"list":["https:\/\/revistaempresarios.net\/web\/wp-content\/uploads\/2023\/10\/5df4f44d080762214e2abaed9a03085c_M-463x348.jpg",463,348,true],"medium":["https:\/\/revistaempresarios.net\/web\/wp-content\/uploads\/2023\/10\/5df4f44d080762214e2abaed9a03085c_M-300x200.jpg",300,200,true],"full":["https:\/\/revistaempresarios.net\/web\/wp-content\/uploads\/2023\/10\/5df4f44d080762214e2abaed9a03085c_M.jpg",900,601,false]},"jetpack_sharing_enabled":true,"jetpack_featured_media_url":"https:\/\/revistaempresarios.net\/web\/wp-content\/uploads\/2023\/10\/5df4f44d080762214e2abaed9a03085c_M.jpg","jetpack-related-posts":[],"_links":{"self":[{"href":"https:\/\/revistaempresarios.net\/web\/wp-json\/wp\/v2\/posts\/12728"}],"collection":[{"href":"https:\/\/revistaempresarios.net\/web\/wp-json\/wp\/v2\/posts"}],"about":[{"href":"https:\/\/revistaempresarios.net\/web\/wp-json\/wp\/v2\/types\/post"}],"author":[{"embeddable":true,"href":"https:\/\/revistaempresarios.net\/web\/wp-json\/wp\/v2\/users\/2"}],"replies":[{"embeddable":true,"href":"https:\/\/revistaempresarios.net\/web\/wp-json\/wp\/v2\/comments?post=12728"}],"version-history":[{"count":1,"href":"https:\/\/revistaempresarios.net\/web\/wp-json\/wp\/v2\/posts\/12728\/revisions"}],"predecessor-version":[{"id":12730,"href":"https:\/\/revistaempresarios.net\/web\/wp-json\/wp\/v2\/posts\/12728\/revisions\/12730"}],"wp:featuredmedia":[{"embeddable":true,"href":"https:\/\/revistaempresarios.net\/web\/wp-json\/wp\/v2\/media\/12729"}],"wp:attachment":[{"href":"https:\/\/revistaempresarios.net\/web\/wp-json\/wp\/v2\/media?parent=12728"}],"wp:term":[{"taxonomy":"category","embeddable":true,"href":"https:\/\/revistaempresarios.net\/web\/wp-json\/wp\/v2\/categories?post=12728"},{"taxonomy":"post_tag","embeddable":true,"href":"https:\/\/revistaempresarios.net\/web\/wp-json\/wp\/v2\/tags?post=12728"}],"curies":[{"name":"wp","href":"https:\/\/api.w.org\/{rel}","templated":true}]}}