{"id":12714,"date":"2023-10-05T13:16:15","date_gmt":"2023-10-05T16:16:15","guid":{"rendered":"https:\/\/revistaempresarios.net\/web\/?p=12714"},"modified":"2023-10-05T13:16:15","modified_gmt":"2023-10-05T16:16:15","slug":"megaluzz-negocios-brilha-no-conec-2023-maior-encontro-de-corretores-de-seguros-da-america-latina","status":"publish","type":"post","link":"https:\/\/revistaempresarios.net\/web\/2023\/10\/05\/megaluzz-negocios-brilha-no-conec-2023-maior-encontro-de-corretores-de-seguros-da-america-latina\/","title":{"rendered":"&#8220;Megaluzz Neg\u00f3cios brilha no Conec 2023, maior encontro de Corretores de Seguros da Am\u00e9rica Latina"},"content":{"rendered":"<div class=\"itemBody\">\n<div class=\"itemIntroText\">\n<p>Conec 2023 acontece entre os dias 05 e 07 de outubro de 2023, no Transam\u00e9rica Expo Center, em S\u00e3o Paulo (SP)<\/p>\n<\/div>\n<div class=\"itemFullText\">\n<p>No cora\u00e7\u00e3o do Transam\u00e9rica Expo Center, palco do maior encontro de corretores de seguros da Am\u00e9rica Latina, uma empresa se destaca: a Megaluzz Neg\u00f3cios. Durante o Conec 2023, promovido pelo Sindicato dos Corretores de Seguros de S\u00e3o Paulo (Sincor-SP), a Megaluzz promete n\u00e3o apenas marcar presen\u00e7a, mas tamb\u00e9m transformar o modo como os corretores enxergam o mercado de seguros. O encontro acontece entre os dias 05 e 07 de outubro de 2023.<\/p>\n<p>Bruna Garcia, CEO e Fundadora da Megaluzz Neg\u00f3cios, n\u00e3o esconde o entusiasmo. \u201c\u00c9 uma honra para a Megaluzz participar de um evento desse calibre. Estamos aqui para mostrar ao mercado as solu\u00e7\u00f5es inovadoras que desenvolvemos e como elas podem potencializar os neg\u00f3cios dos corretores\u201d, afirma.<\/p>\n<p>O estande da empresa, localizado no Espa\u00e7o Cqcs de Inova\u00e7\u00e3o, est\u00e1 repleto de novidades. Al\u00e9m de apresentar suas solu\u00e7\u00f5es de alta performance, a Megaluzz lan\u00e7ou promo\u00e7\u00f5es exclusivas de seus principais combos voltados ao desenvolvimento de neg\u00f3cios. E as novidades n\u00e3o param por a\u00ed: vantagens especiais est\u00e3o sendo oferecidas aos profissionais da corretagem interessados no Programa de Alta Performance para Corretores de Seguros (PACS).<\/p>\n<p>\u201cAcreditamos no poder da educa\u00e7\u00e3o e forma\u00e7\u00e3o cont\u00ednua. O PACS n\u00e3o \u00e9 apenas um programa, \u00e9 uma transforma\u00e7\u00e3o para os corretores. Queremos que eles se sintam preparados e capacitados para enfrentar os desafios do mercado atual e futuro\u201d, destaca Bruna Garcia.<\/p>\n<p>Com mais de 10 mil participantes esperados para o Conec 2023, a expectativa \u00e9 de muita troca, aprendizado e, claro, neg\u00f3cios. E, pelo visto, a Megaluzz Neg\u00f3cios j\u00e1 come\u00e7ou com o p\u00e9 direito.<\/p>\n<p>Para mais informa\u00e7\u00f5es, visite o estande da Megaluzz no Espa\u00e7o Cqcs de Inova\u00e7\u00e3o durante o Conec 2023 ou acesse o site oficial da empresa.<\/p>\n<p>Fonte: William Anthony &#8211; Jornalista<\/p>\n<p>&nbsp;<\/p>\n<\/div>\n<\/div>\n","protected":false},"excerpt":{"rendered":"<p>Conec 2023 acontece entre os dias 05 e 07 de outubro de 2023, no Transam\u00e9rica Expo Center, em S\u00e3o Paulo (SP) No cora\u00e7\u00e3o do Transam\u00e9rica Expo Center, palco do maior encontro de corretores de seguros da Am\u00e9rica Latina, uma empresa se destaca: a Megaluzz Neg\u00f3cios. Durante o Conec 2023, promovido pelo Sindicato dos Corretores de [&hellip;]<\/p>\n","protected":false},"author":2,"featured_media":12715,"comment_status":"open","ping_status":"open","sticky":false,"template":"","format":"standard","meta":{"_jetpack_memberships_contains_paid_content":false,"footnotes":""},"categories":[51,54,56,57,58,60],"tags":[8694,8695],"featured_image_src":{"landsacpe":["https:\/\/revistaempresarios.net\/web\/wp-content\/uploads\/2023\/10\/38c273fe698bde8a587bf71369e8b235_XL-1140x445.jpg",1140,445,true],"list":["https:\/\/revistaempresarios.net\/web\/wp-content\/uploads\/2023\/10\/38c273fe698bde8a587bf71369e8b235_XL-463x348.jpg",463,348,true],"medium":["https:\/\/revistaempresarios.net\/web\/wp-content\/uploads\/2023\/10\/38c273fe698bde8a587bf71369e8b235_XL-300x281.jpg",300,281,true],"full":["https:\/\/revistaempresarios.net\/web\/wp-content\/uploads\/2023\/10\/38c273fe698bde8a587bf71369e8b235_XL.jpg",1220,1144,false]},"jetpack_sharing_enabled":true,"jetpack_featured_media_url":"https:\/\/revistaempresarios.net\/web\/wp-content\/uploads\/2023\/10\/38c273fe698bde8a587bf71369e8b235_XL.jpg","jetpack-related-posts":[],"_links":{"self":[{"href":"https:\/\/revistaempresarios.net\/web\/wp-json\/wp\/v2\/posts\/12714"}],"collection":[{"href":"https:\/\/revistaempresarios.net\/web\/wp-json\/wp\/v2\/posts"}],"about":[{"href":"https:\/\/revistaempresarios.net\/web\/wp-json\/wp\/v2\/types\/post"}],"author":[{"embeddable":true,"href":"https:\/\/revistaempresarios.net\/web\/wp-json\/wp\/v2\/users\/2"}],"replies":[{"embeddable":true,"href":"https:\/\/revistaempresarios.net\/web\/wp-json\/wp\/v2\/comments?post=12714"}],"version-history":[{"count":1,"href":"https:\/\/revistaempresarios.net\/web\/wp-json\/wp\/v2\/posts\/12714\/revisions"}],"predecessor-version":[{"id":12716,"href":"https:\/\/revistaempresarios.net\/web\/wp-json\/wp\/v2\/posts\/12714\/revisions\/12716"}],"wp:featuredmedia":[{"embeddable":true,"href":"https:\/\/revistaempresarios.net\/web\/wp-json\/wp\/v2\/media\/12715"}],"wp:attachment":[{"href":"https:\/\/revistaempresarios.net\/web\/wp-json\/wp\/v2\/media?parent=12714"}],"wp:term":[{"taxonomy":"category","embeddable":true,"href":"https:\/\/revistaempresarios.net\/web\/wp-json\/wp\/v2\/categories?post=12714"},{"taxonomy":"post_tag","embeddable":true,"href":"https:\/\/revistaempresarios.net\/web\/wp-json\/wp\/v2\/tags?post=12714"}],"curies":[{"name":"wp","href":"https:\/\/api.w.org\/{rel}","templated":true}]}}