{"id":12700,"date":"2023-10-05T12:48:04","date_gmt":"2023-10-05T15:48:04","guid":{"rendered":"https:\/\/revistaempresarios.net\/web\/?p=12700"},"modified":"2023-10-05T12:48:04","modified_gmt":"2023-10-05T15:48:04","slug":"fin4she-lanca-serie-de-videocasts-que-promovem-o-desenvolvimento-profissional-feminino","status":"publish","type":"post","link":"https:\/\/revistaempresarios.net\/web\/2023\/10\/05\/fin4she-lanca-serie-de-videocasts-que-promovem-o-desenvolvimento-profissional-feminino\/","title":{"rendered":"Fin4She lan\u00e7a s\u00e9rie de videocasts que promovem o desenvolvimento profissional feminino"},"content":{"rendered":"<p>A Fin4She, plataforma com foco em equidade de g\u00eanero que conecta mulheres interessadas no mercado financeiro a empresas que buscam profissionais com esse perfil, est\u00e1 lan\u00e7ando uma s\u00e9rie de videocasts entre setembro e dezembro, que ser\u00e3o parte da agenda de conte\u00fado do evento promovido pela empresa, o Women in Finance.<\/p>\n<p>O primeiro epis\u00f3dio, que ir\u00e1 ao ar em 26 de setembro, abordar\u00e1 o tema \u201cTrabalho h\u00edbrido \u00e9 feminista?\u201d, sobre como a mudan\u00e7a nos modelos de trabalho s\u00e3o um impulsionador na busca pela igualdade de g\u00eanero, contando com Beatriz Vitalle, diretora executiva de Recursos Humanos do Morgan Stanley, Bruna Marques, Head de Atra\u00e7\u00e3o, Comunica\u00e7\u00e3o Institucional, Diversidade e Inclus\u00e3o da Pravaler, Dani Pio, diretora da Ayo Inclus\u00e3o e Equidade, como palestrantes.<\/p>\n<p>Todo conte\u00fado online \u00e9 gratuito e estar\u00e1 dispon\u00edvel no site da Fin4She. Os v\u00eddeos estar\u00e3o localizados na plataforma da Fin4She, basta realizar o cadastro gratuito para acess\u00e1-los. Os respectivos links ser\u00e3o enviados por e-mail a cada painel.<\/p>\n<p>O videocast ser\u00e1 apresentado por Carolina Cavenaghi, cofundadora e CEO da Fin4She, com quase 20 anos de experi\u00eancia no mercado financeiro, sendo executiva da gestora global Franklin Templeton por mais de 10 anos.<\/p>\n<p>Essa \u00e9 uma das iniciativas que anteceder\u00e1 o evento presencial do dia 19 outubro, voltado para mulheres l\u00edderes que buscam ampliar conex\u00f5es e ascens\u00e3o na carreira, que ser\u00e1 realizado na Funda\u00e7\u00e3o Armando \u00c1lvares Penteado (FAAP), em S\u00e3o Paulo, com capacidade para receber 700 pessoas.<\/p>\n<p>Atrav\u00e9s do link abaixo, \u00e9 poss\u00edvel se inscrever para ter acesso aos conte\u00fados online. Al\u00e9m disso, as compras de convites para o evento presencial tamb\u00e9m podem ser feitas pela mesma p\u00e1gina: https:\/\/www.fin4she.com.br\/eventos\/women-in-finance\/.<\/p>\n<p>Sobre a Fin4She<\/p>\n<p>CEO &#8211; Carolina Cavenaghi<\/p>\n<p>Cofundadora e CEO da Fin4she, empresa de impacto social com foco em equidade de g\u00eanero e temas como diversidade, empregabilidade e promo\u00e7\u00e3o das mulheres no mercado financeiro. M\u00e3e do Tom e do Martin, se reinventou depois da maternidade e \u00e9 idealizadora do Women in Finance Summit Brazil, evento anual que re\u00fane mulheres do mercado financeiro, e do Young Summit \u2013 que promove a inser\u00e7\u00e3o no mundo do trabalho e educa\u00e7\u00e3o financeira para o p\u00fablico feminino jovem.<\/p>\n<p>Cavenaghi acumula quase 20 anos de experi\u00eancia no mercado financeiro, sendo executiva da gestora global Franklin Templeton por mais de 10 anos. Eleita uma das 50 mulheres de impacto LATAM 2023 pela Bloomberg L\u00ednea, \u00e9 formada em Rela\u00e7\u00f5es Internacionais pela FAAP, com especializa\u00e7\u00e3o em Marketing Estrat\u00e9gico pelo Insper e p\u00f3s-MBA Advanced Boardroom Program for Women (ABP-W) da Saint Paul. Tamb\u00e9m \u00e9 colunista da Exame desde 2021 e TEDx Speaker.<\/p>\n","protected":false},"excerpt":{"rendered":"<p>A Fin4She, plataforma com foco em equidade de g\u00eanero que conecta mulheres interessadas no mercado financeiro a empresas que buscam profissionais com esse perfil, est\u00e1 lan\u00e7ando uma s\u00e9rie de videocasts entre setembro e dezembro, que ser\u00e3o parte da agenda de conte\u00fado do evento promovido pela empresa, o Women in Finance. O primeiro epis\u00f3dio, que ir\u00e1 [&hellip;]<\/p>\n","protected":false},"author":2,"featured_media":12701,"comment_status":"open","ping_status":"open","sticky":false,"template":"","format":"standard","meta":{"_jetpack_memberships_contains_paid_content":false,"footnotes":""},"categories":[51,56,60],"tags":[8690],"featured_image_src":{"landsacpe":["https:\/\/revistaempresarios.net\/web\/wp-content\/uploads\/2023\/10\/CEO-Carolina-Cavenaghi.jpg",600,417,false],"list":["https:\/\/revistaempresarios.net\/web\/wp-content\/uploads\/2023\/10\/CEO-Carolina-Cavenaghi-463x348.jpg",463,348,true],"medium":["https:\/\/revistaempresarios.net\/web\/wp-content\/uploads\/2023\/10\/CEO-Carolina-Cavenaghi-300x209.jpg",300,209,true],"full":["https:\/\/revistaempresarios.net\/web\/wp-content\/uploads\/2023\/10\/CEO-Carolina-Cavenaghi.jpg",600,417,false]},"jetpack_sharing_enabled":true,"jetpack_featured_media_url":"https:\/\/revistaempresarios.net\/web\/wp-content\/uploads\/2023\/10\/CEO-Carolina-Cavenaghi.jpg","jetpack-related-posts":[],"_links":{"self":[{"href":"https:\/\/revistaempresarios.net\/web\/wp-json\/wp\/v2\/posts\/12700"}],"collection":[{"href":"https:\/\/revistaempresarios.net\/web\/wp-json\/wp\/v2\/posts"}],"about":[{"href":"https:\/\/revistaempresarios.net\/web\/wp-json\/wp\/v2\/types\/post"}],"author":[{"embeddable":true,"href":"https:\/\/revistaempresarios.net\/web\/wp-json\/wp\/v2\/users\/2"}],"replies":[{"embeddable":true,"href":"https:\/\/revistaempresarios.net\/web\/wp-json\/wp\/v2\/comments?post=12700"}],"version-history":[{"count":1,"href":"https:\/\/revistaempresarios.net\/web\/wp-json\/wp\/v2\/posts\/12700\/revisions"}],"predecessor-version":[{"id":12702,"href":"https:\/\/revistaempresarios.net\/web\/wp-json\/wp\/v2\/posts\/12700\/revisions\/12702"}],"wp:featuredmedia":[{"embeddable":true,"href":"https:\/\/revistaempresarios.net\/web\/wp-json\/wp\/v2\/media\/12701"}],"wp:attachment":[{"href":"https:\/\/revistaempresarios.net\/web\/wp-json\/wp\/v2\/media?parent=12700"}],"wp:term":[{"taxonomy":"category","embeddable":true,"href":"https:\/\/revistaempresarios.net\/web\/wp-json\/wp\/v2\/categories?post=12700"},{"taxonomy":"post_tag","embeddable":true,"href":"https:\/\/revistaempresarios.net\/web\/wp-json\/wp\/v2\/tags?post=12700"}],"curies":[{"name":"wp","href":"https:\/\/api.w.org\/{rel}","templated":true}]}}