{"id":12639,"date":"2023-09-25T21:25:14","date_gmt":"2023-09-26T00:25:14","guid":{"rendered":"https:\/\/revistaempresarios.net\/web\/?p=12639"},"modified":"2023-09-25T21:26:06","modified_gmt":"2023-09-26T00:26:06","slug":"ceo-da-agencia-lebbe-destaca-no-id-360-a-necessidade-do-marketing-explorar-outros-campos-alem-do-digital","status":"publish","type":"post","link":"https:\/\/revistaempresarios.net\/web\/2023\/09\/25\/ceo-da-agencia-lebbe-destaca-no-id-360-a-necessidade-do-marketing-explorar-outros-campos-alem-do-digital\/","title":{"rendered":"CEO da Ag\u00eancia Lebbe destaca no ID 360 a necessidade do marketing explorar outros campos al\u00e9m do digital"},"content":{"rendered":"<p class=\"fst-italic text-center\">Fernando Corr\u00eaa chama aten\u00e7\u00e3o para os equ\u00edvocos que muitas empresas cometem ao apostar no crescimento apenas pela via do marketing digital e aponta os caminhos a serem seguidos pelo setor no maior evento de marketing de dados da Am\u00e9rica Latina<\/p>\n<div>\n<p>O \u00faltimo dia do ID 360, que aconteceu nesta sexta-feira (22\/09), no Expominas, trouxe novidades para o mercado com a palestra do CEO da Ag\u00eancia Lebbe, Fernando Corr\u00eaa. Durante o painel \u201cPorque as estrat\u00e9gias de marketing n\u00e3o geram resultados?\u201d, ministrado em parceria com o Head de Marketing da Doctoralia, Pedro Filizzola, o executivo questionou os motivos das empresas do setor estarem focando apenas no marketing digital, mesmo com o crescimento desse segmento nos neg\u00f3cios.<\/p>\n<p>A fala de Corr\u00eaa vem na esteira do estudo \u201cMarketing Digital na Am\u00e9rica Latina\u201d, desenvolvido pela NTT DATA e a MIT Technology Review e publicado em 2022. O artigo revelou um aumento de 70% no investimento feito por empresas latino-americanas no marketing digital. Para avan\u00e7ar no tema e propor novas alternativas, o CEO da Ag\u00eancia Lebbe reflete sobre a necessidade de entendimento da metodologia full service. \u201cMuitas empresas apostam no digital como se fosse mudar tudo, aumentar faturamento, ampliar a visibilidade. A matriz que trabalhamos na Lebbe \u00e9 assertiva e considera todos os \u00e2mbitos do marketing, desde a identidade visual, experi\u00eancia do cliente, p\u00fablico-alvo, gest\u00e3o de recursos para impulsionamento e a\u00e7\u00f5es offline.\u201d<\/p>\n<p>De acordo com o executivo, um dos grandes erros cometidos nas estrat\u00e9gias desenvolvidas \u00e9 a falta de dados e conhecimento sobre o neg\u00f3cio. \u201cFrequentemente, nos deparamos com empresas investindo nos mesmos modelos de an\u00fancios e sem embasamento. Os leads est\u00e3o mais caros e muitos recursos s\u00e3o alocados equivocadamente por falta de conhecimento do p\u00fablico-alvo, jornada de compra, comportamento da audi\u00eancia e at\u00e9 mesmo dos servi\u00e7os que s\u00e3o oferecidos. Onde precisamos tocar? No valor da empresa\u201d. O CEO da Lebbe explica que o conceito de valor \u00e9 o encontro do que \u00e9 melhor para as marcas, ou seja, o posicionamento. \u201cO posicionamento \u00e9 a forma como as empresas s\u00e3o lidas pelos clientes. Isso alcan\u00e7amos com estudo e coes\u00e3o entre empresa, produto, marketing e cliente\u201d, explica Fernando C\u00f4rrea.<\/p>\n<p>Para o Head de Marketing da Doctoralia, o sucesso no marketing tamb\u00e9m \u00e9 resultado de uma gest\u00e3o integrada. \u201cEnquanto profissionais do setor, vemos muito o desejo pelo atalho, mas isso n\u00e3o existe. Sempre refor\u00e7o a necessidade de uma estrutura s\u00f3lida de dados para entendimento do p\u00fablico-alvo, ou seja, conhecer a persona do consumidor para comunicar da forma correta.\u201d Nessa perspectiva, o CEO da Lebbe fala do papel das repeti\u00e7\u00f5es e da colabora\u00e7\u00e3o intersetorial. \u201cRecebemos casos de empresas que criam coisas novas e esquecem do poder da repeti\u00e7\u00e3o, dessa forma, pecam pela falta de ess\u00eancia. Al\u00e9m disso, esquecem uma coisa fundamental. O alinhamento entre o time de marketing e vendas.\u201d<\/p>\n<p>O cen\u00e1rio pode parecer desafiador, mas ele refor\u00e7a o papel da atua\u00e7\u00e3o 360. \u201cConstruir marcas hoje \u00e9 uma tarefa que exige muita dedica\u00e7\u00e3o. Mas, \u00e9 na din\u00e2mica full service que ancoramos nossa metodologia e colhemos resultados. O desenvolvimento desse processo se deu a partir do ac\u00famulo e da troca de conhecimento em mais 20 anos de atua\u00e7\u00e3o no setor de marketing e publicidade, e mais de 1.000 marcas atendidas\u201d, pontua o CEO da Lebbe.<\/p>\n<p><strong>Refer\u00eancia: Lebbe \u00e9 ganhadora do maior pr\u00eamio de marketing pol\u00edtico no Brasil<\/strong><\/p>\n<p>Em agosto de 2023, o CEO da Lebbe foi at\u00e9 o evento Digitalks, em S\u00e3o Paulo, para receber o Pr\u00eamio do Clube Associativo dos Profissionais de Marketing Pol\u00edtico (CAMP da Democracia), na categoria de Melhor Campanha de M\u00eddia Digital dentro da pol\u00edtica brasileira.<\/p>\n<p>A Ag\u00eancia Lebbe foi respons\u00e1vel pela campanha digital do candidato \u00e0 reelei\u00e7\u00e3o ao governo de Minas, Romeu Zema. \u201cEsse reconhecimento legitima ainda mais a matriz de marketing que trabalhamos. A atua\u00e7\u00e3o da nossa equipe foi vitoriosa com a reelei\u00e7\u00e3o do governador em primeiro turno, mas uma campanha eleitoral \u00e9 feita nas ruas e com o marketing offline tamb\u00e9m. A conquista dos mais de seis milh\u00f5es de votos refor\u00e7a a necessidade do marketing full service.\u201d<\/p>\n<p><strong>Sobre a Lebbe<\/strong><\/p>\n<p>A Lebbe \u00e9 uma Ag\u00eancia de Marketing Full Service, com atua\u00e7\u00e3o nas \u00e1reas do marketing e da publicidade. Faz parte do Grupo Partners, que atua h\u00e1 29 anos no mercado de Comunica\u00e7\u00e3o, \u00e9 o maior grupo do setor em Minas Gerais e est\u00e1 entre as 10 maiores do pa\u00eds, segundo o Anu\u00e1rio da Comunica\u00e7\u00e3o Corporativa de 2023.<\/p>\n<p>Desde sua funda\u00e7\u00e3o a Ag\u00eancia atendeu e atende grandes empresas brasileiras e internacionais, como Mason Holdings, que possui 11 empresas no grupo, como DCML Solutions, Kepler Weber, Banco da Amaz\u00f4nia, Vero e Expominas.<\/p>\n<\/div>\n<div class=\"text-center\">\n<div class=\"mt-5\"><\/div>\n<\/div>\n","protected":false},"excerpt":{"rendered":"<p>Fernando Corr\u00eaa chama aten\u00e7\u00e3o para os equ\u00edvocos que muitas empresas cometem ao apostar no crescimento apenas pela via do marketing digital e aponta os caminhos a serem seguidos pelo setor no maior evento de marketing de dados da Am\u00e9rica Latina O \u00faltimo dia do ID 360, que aconteceu nesta sexta-feira (22\/09), no Expominas, trouxe novidades [&hellip;]<\/p>\n","protected":false},"author":2,"featured_media":12640,"comment_status":"open","ping_status":"open","sticky":false,"template":"","format":"standard","meta":{"_jetpack_memberships_contains_paid_content":false,"footnotes":""},"categories":[51,56,58,60,62],"tags":[8667],"featured_image_src":{"landsacpe":["https:\/\/revistaempresarios.net\/web\/wp-content\/uploads\/2023\/09\/Fernando-Correa-CEO-da-Lebbe-scaled-1-1140x445.jpg",1140,445,true],"list":["https:\/\/revistaempresarios.net\/web\/wp-content\/uploads\/2023\/09\/Fernando-Correa-CEO-da-Lebbe-scaled-1-463x348.jpg",463,348,true],"medium":["https:\/\/revistaempresarios.net\/web\/wp-content\/uploads\/2023\/09\/Fernando-Correa-CEO-da-Lebbe-scaled-1-300x200.jpg",300,200,true],"full":["https:\/\/revistaempresarios.net\/web\/wp-content\/uploads\/2023\/09\/Fernando-Correa-CEO-da-Lebbe-scaled-1.jpg",2560,1707,false]},"jetpack_sharing_enabled":true,"jetpack_featured_media_url":"https:\/\/revistaempresarios.net\/web\/wp-content\/uploads\/2023\/09\/Fernando-Correa-CEO-da-Lebbe-scaled-1.jpg","jetpack-related-posts":[],"_links":{"self":[{"href":"https:\/\/revistaempresarios.net\/web\/wp-json\/wp\/v2\/posts\/12639"}],"collection":[{"href":"https:\/\/revistaempresarios.net\/web\/wp-json\/wp\/v2\/posts"}],"about":[{"href":"https:\/\/revistaempresarios.net\/web\/wp-json\/wp\/v2\/types\/post"}],"author":[{"embeddable":true,"href":"https:\/\/revistaempresarios.net\/web\/wp-json\/wp\/v2\/users\/2"}],"replies":[{"embeddable":true,"href":"https:\/\/revistaempresarios.net\/web\/wp-json\/wp\/v2\/comments?post=12639"}],"version-history":[{"count":1,"href":"https:\/\/revistaempresarios.net\/web\/wp-json\/wp\/v2\/posts\/12639\/revisions"}],"predecessor-version":[{"id":12641,"href":"https:\/\/revistaempresarios.net\/web\/wp-json\/wp\/v2\/posts\/12639\/revisions\/12641"}],"wp:featuredmedia":[{"embeddable":true,"href":"https:\/\/revistaempresarios.net\/web\/wp-json\/wp\/v2\/media\/12640"}],"wp:attachment":[{"href":"https:\/\/revistaempresarios.net\/web\/wp-json\/wp\/v2\/media?parent=12639"}],"wp:term":[{"taxonomy":"category","embeddable":true,"href":"https:\/\/revistaempresarios.net\/web\/wp-json\/wp\/v2\/categories?post=12639"},{"taxonomy":"post_tag","embeddable":true,"href":"https:\/\/revistaempresarios.net\/web\/wp-json\/wp\/v2\/tags?post=12639"}],"curies":[{"name":"wp","href":"https:\/\/api.w.org\/{rel}","templated":true}]}}