{"id":12624,"date":"2023-09-21T20:21:07","date_gmt":"2023-09-21T23:21:07","guid":{"rendered":"https:\/\/revistaempresarios.net\/web\/?p=12624"},"modified":"2023-09-21T20:21:07","modified_gmt":"2023-09-21T23:21:07","slug":"mais-de-trezentos-lideres-de-diversos-setores-e-mais-de-cem-marcas-estarao-no-palco-do-intus-day","status":"publish","type":"post","link":"https:\/\/revistaempresarios.net\/web\/2023\/09\/21\/mais-de-trezentos-lideres-de-diversos-setores-e-mais-de-cem-marcas-estarao-no-palco-do-intus-day\/","title":{"rendered":"Mais de trezentos l\u00edderes de diversos setores e mais de cem marcas estar\u00e3o no palco do Intus Day"},"content":{"rendered":"<p class=\"fst-italic text-center\">D\u00e9cima segunda edi\u00e7\u00e3o do evento ter\u00e1 imers\u00e3o voltada \u00e0 psicologia do sucesso e networking<\/p>\n<div>\n<p>Mais de trezentos l\u00edderes e cem marcas de diversos setores estar\u00e3o no palco da d\u00e9cima segunda edi\u00e7\u00e3o do\u00a0Intus Day. A conex\u00e3o acontecer\u00e1 no dia 30 de setembro promovendo experi\u00eancia e networking\u00a0no campo do conhecimento sobre lideran\u00e7a.<\/p>\n<p>\u201cO futuro pertence \u00e0queles que lideram com coragem\u201d, menciona o coordenador J\u00falio Feiden.\u00a0De acordo com ele, empres\u00e1rios, executivos, autoridades p\u00fablicas e mentores confirmam\u00a0presen\u00e7a com o prop\u00f3sito de alavancar a gera\u00e7\u00e3o de neg\u00f3cios e o autoconhecimento do\u00a0p\u00fablico.<\/p>\n<p>Para participar, basta acessar a plataforma\u00a0<a href=\"https:\/\/www.sympla.com.br\/evento\/intusday\/2052275\">Sympla<\/a>\u00a0e realizar a inscri\u00e7\u00e3o na p\u00e1gina do Intus Day.\u00a0A programa\u00e7\u00e3o, no pr\u00f3ximo dia 30 de setembro, inicia \u00e0s 14h no Nau Live Spaces (Av. Pres. Franklin Roosevelt, 1308) em Porto\u00a0Alegre, Rio Grande do Sul.<\/p>\n<p><strong>Intus Day, um circuito de transforma\u00e7\u00e3o profissional<br \/>\n<\/strong><br \/>\nO tema central versar\u00e1 sobre a psicologia do sucesso com a aplica\u00e7\u00e3o de t\u00e9cnicas e debates.\u00a0Al\u00e9m do idealizador, Dr. \u00c2ngelo Accorsi, entre os mentores que conduzir\u00e3o a jornada de\u00a0trabalho est\u00e3o importantes consultores l\u00edderes de mercado, como Gabrielle Varga, Valesca\u00a0Bonzanini, Fernando Ferreira e J\u00e9fferson Sauer.<\/p>\n<p>\u201cSer\u00e3o experi\u00eancias imersivas com din\u00e2micas e muito conte\u00fado tratadas antes do in\u00edcio do\u00a0coquetel voltado \u00e0 gera\u00e7\u00e3o de neg\u00f3cios\u201d, revela J\u00falio.<\/p>\n<p>Para \u00c2ngelo, oportunidades como o Intus Day s\u00e3o escassas no mercado, visto que este evento\u00a0tem como plano de fundo o desenvolvimento de pessoas com interesse na lideran\u00e7a e no\u00a0desenvolvimento do seu pr\u00f3prio potencial. \u201cA partir da\u00ed, trabalhamos o autoconhecimento e a\u00a0prosperidade de forma pr\u00e1tica\u201d, completa.<\/p>\n<p><strong>O autoconhecimento rumo ao sucesso\u00a0<\/strong><\/p>\n<p>Conforme cita \u00c2ngelo Accorsi, \u201cantes da t\u00e9cnica existe o t\u00e9cnico, que \u00e9 a personalidade da\u00a0pessoa (com suas capacidades) que faz o sucesso acontecer\u201d. Nesse ponto, ele tamb\u00e9m\u00a0destaca a conhecida frase de Jim Rohn: \u201co seu n\u00edvel de sucesso raramente exceder\u00e1 seu n\u00edvel\u00a0de desenvolvimento pessoal, pois o sucesso \u00e9 algo que voc\u00ea atrai pela pessoa em que se\u00a0torna\u201d. Em outras palavras, o \u00eaxito est\u00e1 relacionado \u00e0 capacidade de desenvolver\u00a0compet\u00eancias, sendo que a forma\u00e7\u00e3o do l\u00edder n\u00e3o termina, ela \u00e9 para sempre.<\/p>\n<p>\u00c9 neste contexto que o Intus Day favorece a viv\u00eancia e a compreens\u00e3o a respeito do mundo da\u00a0lideran\u00e7a, da import\u00e2ncia do autoconhecimento, do autocuidado, da autorrealiza\u00e7\u00e3o e\u00a0crescimento profissional. Isso, al\u00e9m de gerar o momento de networking, onde cada pessoa se\u00a0comunica com o m\u00e1ximo de participantes poss\u00edvel.<\/p>\n<p><strong>Um evento de empreendedor para empreendedor\u00a0<\/strong><\/p>\n<p>A organiza\u00e7\u00e3o do Intus Day costuma atrair, em todas as edi\u00e7\u00f5es, um p\u00fablico diverso de\u00a0empreendedores que desejam tornar seus neg\u00f3cios vencedores. \u201cPara tanto, vamos al\u00e9m da\u00a0t\u00e9cnica\u201d, completa J\u00falio Feiden. De acordo com o coordenador, o grupo de mentores ajuda\u00a0os\u00a0l\u00edderes a compreenderem como desenvolver melhor as suas capacidades, criando tamb\u00e9m\u00a0oportunidades para o desenvolvimento da carreira e projetos.<\/p>\n<p>Ao realizar mais uma edi\u00e7\u00e3o do Intus Day, a empresa organizadora Accorsi Consultoria cumpre, em conjunto com os demais profissionais envolvidos na produ\u00e7\u00e3o, a fun\u00e7\u00e3o social de construir\u00a0uma sociedade de valor. \u201cCada pessoa tem que ser grande em seu pequeno universo\u201d, conclui\u00a0\u00c2ngelo Accorsi.<\/p>\n<p>Entre os apoiadores do evento est\u00e3o a\u00a0QI Faculdade e Escola T\u00e9cnica,\u00a0Dynamic Mindset, Banca 43,\u00a0Do Estoque Atacado, Postos Birnfeld e\u00a0Nau Live Space.<\/p>\n<\/div>\n<div class=\"text-center\">\n<div class=\"mt-5\"><\/div>\n<\/div>\n","protected":false},"excerpt":{"rendered":"<p>D\u00e9cima segunda edi\u00e7\u00e3o do evento ter\u00e1 imers\u00e3o voltada \u00e0 psicologia do sucesso e networking Mais de trezentos l\u00edderes e cem marcas de diversos setores estar\u00e3o no palco da d\u00e9cima segunda edi\u00e7\u00e3o do\u00a0Intus Day. A conex\u00e3o acontecer\u00e1 no dia 30 de setembro promovendo experi\u00eancia e networking\u00a0no campo do conhecimento sobre lideran\u00e7a. \u201cO futuro pertence \u00e0queles que [&hellip;]<\/p>\n","protected":false},"author":2,"featured_media":12625,"comment_status":"open","ping_status":"open","sticky":false,"template":"","format":"standard","meta":{"_jetpack_memberships_contains_paid_content":false,"_joinchat":[],"footnotes":""},"categories":[51,53,56,57,58,60],"tags":[8662],"featured_image_src":{"landsacpe":["https:\/\/revistaempresarios.net\/web\/wp-content\/uploads\/2023\/09\/Angelo-Accorsi-no-Intus-Day-450x445.jpg",450,445,true],"list":["https:\/\/revistaempresarios.net\/web\/wp-content\/uploads\/2023\/09\/Angelo-Accorsi-no-Intus-Day-450x348.jpg",450,348,true],"medium":["https:\/\/revistaempresarios.net\/web\/wp-content\/uploads\/2023\/09\/Angelo-Accorsi-no-Intus-Day-300x300.jpg",300,300,true],"full":["https:\/\/revistaempresarios.net\/web\/wp-content\/uploads\/2023\/09\/Angelo-Accorsi-no-Intus-Day.jpg",450,450,false]},"jetpack_sharing_enabled":true,"jetpack_featured_media_url":"https:\/\/revistaempresarios.net\/web\/wp-content\/uploads\/2023\/09\/Angelo-Accorsi-no-Intus-Day.jpg","jetpack-related-posts":[],"_links":{"self":[{"href":"https:\/\/revistaempresarios.net\/web\/wp-json\/wp\/v2\/posts\/12624"}],"collection":[{"href":"https:\/\/revistaempresarios.net\/web\/wp-json\/wp\/v2\/posts"}],"about":[{"href":"https:\/\/revistaempresarios.net\/web\/wp-json\/wp\/v2\/types\/post"}],"author":[{"embeddable":true,"href":"https:\/\/revistaempresarios.net\/web\/wp-json\/wp\/v2\/users\/2"}],"replies":[{"embeddable":true,"href":"https:\/\/revistaempresarios.net\/web\/wp-json\/wp\/v2\/comments?post=12624"}],"version-history":[{"count":1,"href":"https:\/\/revistaempresarios.net\/web\/wp-json\/wp\/v2\/posts\/12624\/revisions"}],"predecessor-version":[{"id":12626,"href":"https:\/\/revistaempresarios.net\/web\/wp-json\/wp\/v2\/posts\/12624\/revisions\/12626"}],"wp:featuredmedia":[{"embeddable":true,"href":"https:\/\/revistaempresarios.net\/web\/wp-json\/wp\/v2\/media\/12625"}],"wp:attachment":[{"href":"https:\/\/revistaempresarios.net\/web\/wp-json\/wp\/v2\/media?parent=12624"}],"wp:term":[{"taxonomy":"category","embeddable":true,"href":"https:\/\/revistaempresarios.net\/web\/wp-json\/wp\/v2\/categories?post=12624"},{"taxonomy":"post_tag","embeddable":true,"href":"https:\/\/revistaempresarios.net\/web\/wp-json\/wp\/v2\/tags?post=12624"}],"curies":[{"name":"wp","href":"https:\/\/api.w.org\/{rel}","templated":true}]}}