{"id":12542,"date":"2023-09-14T15:22:28","date_gmt":"2023-09-14T18:22:28","guid":{"rendered":"https:\/\/revistaempresarios.net\/web\/?p=12542"},"modified":"2023-09-14T15:22:28","modified_gmt":"2023-09-14T18:22:28","slug":"aprendizagem-cada-vez-mais-conectada-com-inteligencia-artificial-e-whatsapp-por-luiz-alexandre-castanha-administrador-de-empresas-com-especializacao-em-gestao-de-conhecimento-e-storytellin","status":"publish","type":"post","link":"https:\/\/revistaempresarios.net\/web\/2023\/09\/14\/aprendizagem-cada-vez-mais-conectada-com-inteligencia-artificial-e-whatsapp-por-luiz-alexandre-castanha-administrador-de-empresas-com-especializacao-em-gestao-de-conhecimento-e-storytellin\/","title":{"rendered":"Aprendizagem cada vez mais conectada com Intelig\u00eancia Artificial e WhatsApp \u2013 Por: Luiz Alexandre Castanha, administrador de empresas com especializa\u00e7\u00e3o em gest\u00e3o de conhecimento e storytelling aplicado \u00e0 educa\u00e7\u00e3o, coautor do livro \u201cOlhares para os Sistemas\u201d e \u00e9 CEO da NextGen Learning."},"content":{"rendered":"<p>A tecnologia tem sido um catalisador de mudan\u00e7as significativas em diversas \u00e1reas da sociedade, e a educa\u00e7\u00e3o n\u00e3o \u00e9 exce\u00e7\u00e3o. A integra\u00e7\u00e3o de aplicativos de mensagens como o WhatsApp e a Intelig\u00eancia Artificial (IA) no campo educacional tem aberto novas portas tanto para a aprendizagem formal como para a corporativa.<br \/>\nO movimento, chamado de &#8220;WhatsApp Learning&#8221;, tem transformado a maneira como absorvemos conhecimento, permitindo uma educa\u00e7\u00e3o mais acess\u00edvel, personalizada e alinhada com as demandas do mundo moderno. E isso \u00e9 particularmente valioso para estudantes que enfrentam barreiras geogr\u00e1ficas ou f\u00edsicas, democratizando o acesso \u00e0 educa\u00e7\u00e3o de qualidade.<br \/>\n<strong>IA e WhatsApp como facilitadores da aprendizagem<br \/>\n<\/strong><\/p>\n<p>A intelig\u00eancia artificial tem revolucionado a forma como a educa\u00e7\u00e3o \u00e9 entregue. Por meio de algoritmos avan\u00e7ados, a IA pode analisar padr\u00f5es de desempenho dos alunos e adaptar o conte\u00fado de acordo com suas necessidades individuais.<\/p>\n<p>Plataformas de e-learning impulsionadas por IA oferecem sugest\u00f5es de cursos, exerc\u00edcios e recursos com base nas prefer\u00eancias e pontos fracos do aluno, personalizando o processo de aprendizado.<\/p>\n<p>&nbsp;<\/p>\n<p>J\u00e1 o WhatsApp, uma das plataformas de mensagens mais utilizadas globalmente, tem se mostrado uma ferramenta poderosa para melhorar o aprendizado. Grupos de estudo s\u00e3o criados entre alunos e professores, onde o compartilhamento de materiais, discuss\u00f5es e d\u00favidas ocorre de maneira r\u00e1pida e eficiente.<br \/>\nEssa intera\u00e7\u00e3o ass\u00edncrona permite uma colabora\u00e7\u00e3o cont\u00ednua, transcendendo os limites f\u00edsicos da sala de aula. Al\u00e9m disso, os recursos de chamada de voz e v\u00eddeo do WhatsApp possibilitam a realiza\u00e7\u00e3o de aulas remotas e tutoriais em tempo real.<br \/>\n<strong>WhatsApp Learning e aprendizado &#8220;On the Job&#8221;<br \/>\n<\/strong><\/p>\n<p>Uma evolu\u00e7\u00e3o not\u00e1vel \u00e9 a tend\u00eancia de aprendizado &#8220;on the job&#8221;, em que a aprendizagem acontece enquanto realizamos nossas atividades di\u00e1rias. Nesse cen\u00e1rio, o WhatsApp desempenha um papel fundamental.<br \/>\nGrupos de discuss\u00e3o entre colegas de trabalho permitem a troca constante de ideias, resolu\u00e7\u00e3o de problemas e compartilhamento de conhecimento espec\u00edfico da empresa. A dissemina\u00e7\u00e3o de informa\u00e7\u00f5es \u00e9 acelerada, facilitando a integra\u00e7\u00e3o de novos colaboradores e promovendo um ambiente de aprendizado cont\u00ednuo.<br \/>\nAl\u00e9m disso, chatbots baseados em IA podem ser implementados para oferecer suporte imediato a d\u00favidas e consultas. Isso n\u00e3o apenas otimiza a efici\u00eancia, mas tamb\u00e9m encurta a curva de aprendizado, permitindo que os colaboradores adquiram novas habilidades no momento em que mais precisam delas.<\/p>\n<p>Uma pesquisa conduzida pela Harvard Business Review mostrou que as empresas que adotam a aprendizagem &#8220;on the job&#8221; t\u00eam um desempenho superior, com funcion\u00e1rios mais engajados e habilidades mais relevantes para suas fun\u00e7\u00f5es. Al\u00e9m disso, o levantamento revela que a personaliza\u00e7\u00e3o do aprendizado por meio da IA melhora significativamente a reten\u00e7\u00e3o de informa\u00e7\u00f5es e a motiva\u00e7\u00e3o dos alunos.<\/p>\n<p><strong>O futuro \u00e9 agora<\/strong><\/p>\n<p>A combina\u00e7\u00e3o do WhatsApp e da IA est\u00e1 revolucionando o aprendizado, proporcionando uma educa\u00e7\u00e3o mais acess\u00edvel, personalizada e adaptada \u00e0s demandas atuais.<\/p>\n<p>A abordagem colaborativa e a tend\u00eancia do WhatsApp Learning \u00e9 capaz de moldar um novo paradigma educacional, onde a tecnologia \u00e9 uma aliada poderosa na busca pelo conhecimento e age como um facilitador eficaz. Estamos diante de um futuro promissor, onde a colabora\u00e7\u00e3o entre humanos e m\u00e1quinas impulsiona o aprendizado a novas alturas!<\/p>\n","protected":false},"excerpt":{"rendered":"<p>A tecnologia tem sido um catalisador de mudan\u00e7as significativas em diversas \u00e1reas da sociedade, e a educa\u00e7\u00e3o n\u00e3o \u00e9 exce\u00e7\u00e3o. A integra\u00e7\u00e3o de aplicativos de mensagens como o WhatsApp e a Intelig\u00eancia Artificial (IA) no campo educacional tem aberto novas portas tanto para a aprendizagem formal como para a corporativa. O movimento, chamado de &#8220;WhatsApp [&hellip;]<\/p>\n","protected":false},"author":2,"featured_media":10273,"comment_status":"open","ping_status":"open","sticky":false,"template":"","format":"standard","meta":{"_jetpack_memberships_contains_paid_content":false,"footnotes":""},"categories":[51,62],"tags":[453,8633,6916],"featured_image_src":{"landsacpe":["https:\/\/revistaempresarios.net\/web\/wp-content\/uploads\/2023\/06\/Luiz-Alexandre-Castanha-e-especialista-em-Gestao-de-Conhecimento-e-Tecnologias-Educacionais-1024x445.jpg",1024,445,true],"list":["https:\/\/revistaempresarios.net\/web\/wp-content\/uploads\/2023\/06\/Luiz-Alexandre-Castanha-e-especialista-em-Gestao-de-Conhecimento-e-Tecnologias-Educacionais-463x348.jpg",463,348,true],"medium":["https:\/\/revistaempresarios.net\/web\/wp-content\/uploads\/2023\/06\/Luiz-Alexandre-Castanha-e-especialista-em-Gestao-de-Conhecimento-e-Tecnologias-Educacionais-300x200.jpg",300,200,true],"full":["https:\/\/revistaempresarios.net\/web\/wp-content\/uploads\/2023\/06\/Luiz-Alexandre-Castanha-e-especialista-em-Gestao-de-Conhecimento-e-Tecnologias-Educacionais.jpg",1024,683,false]},"jetpack_sharing_enabled":true,"jetpack_featured_media_url":"https:\/\/revistaempresarios.net\/web\/wp-content\/uploads\/2023\/06\/Luiz-Alexandre-Castanha-e-especialista-em-Gestao-de-Conhecimento-e-Tecnologias-Educacionais.jpg","jetpack-related-posts":[],"_links":{"self":[{"href":"https:\/\/revistaempresarios.net\/web\/wp-json\/wp\/v2\/posts\/12542"}],"collection":[{"href":"https:\/\/revistaempresarios.net\/web\/wp-json\/wp\/v2\/posts"}],"about":[{"href":"https:\/\/revistaempresarios.net\/web\/wp-json\/wp\/v2\/types\/post"}],"author":[{"embeddable":true,"href":"https:\/\/revistaempresarios.net\/web\/wp-json\/wp\/v2\/users\/2"}],"replies":[{"embeddable":true,"href":"https:\/\/revistaempresarios.net\/web\/wp-json\/wp\/v2\/comments?post=12542"}],"version-history":[{"count":1,"href":"https:\/\/revistaempresarios.net\/web\/wp-json\/wp\/v2\/posts\/12542\/revisions"}],"predecessor-version":[{"id":12544,"href":"https:\/\/revistaempresarios.net\/web\/wp-json\/wp\/v2\/posts\/12542\/revisions\/12544"}],"wp:featuredmedia":[{"embeddable":true,"href":"https:\/\/revistaempresarios.net\/web\/wp-json\/wp\/v2\/media\/10273"}],"wp:attachment":[{"href":"https:\/\/revistaempresarios.net\/web\/wp-json\/wp\/v2\/media?parent=12542"}],"wp:term":[{"taxonomy":"category","embeddable":true,"href":"https:\/\/revistaempresarios.net\/web\/wp-json\/wp\/v2\/categories?post=12542"},{"taxonomy":"post_tag","embeddable":true,"href":"https:\/\/revistaempresarios.net\/web\/wp-json\/wp\/v2\/tags?post=12542"}],"curies":[{"name":"wp","href":"https:\/\/api.w.org\/{rel}","templated":true}]}}