{"id":12477,"date":"2023-09-14T07:48:58","date_gmt":"2023-09-14T10:48:58","guid":{"rendered":"https:\/\/revistaempresarios.net\/web\/?p=12477"},"modified":"2023-09-14T07:48:58","modified_gmt":"2023-09-14T10:48:58","slug":"comecam-as-mentorias-para-startups-participarem-do-web-summit","status":"publish","type":"post","link":"https:\/\/revistaempresarios.net\/web\/2023\/09\/14\/comecam-as-mentorias-para-startups-participarem-do-web-summit\/","title":{"rendered":"Come\u00e7am as mentorias para startups participarem do Web Summit"},"content":{"rendered":"<p class=\"fst-italic text-center\">Em novembro, mais de 80 startups brasileiras v\u00e3o apresentar seus neg\u00f3cios no maior evento de inova\u00e7\u00e3o do mundo, realizado em Lisboa<\/p>\n<div>\n<p><img loading=\"lazy\" decoding=\"async\" src=\"https:\/\/www.serpro.gov.br\/menu\/noticias\/noticias-2023\/mentorias-para-startups-brasileiras\/websummit.png\/@@images\/image\/large\" alt=\"\" width=\"768\" height=\"401\" \/><\/p>\n<p>Cerca de 80 empresas brasileiras de base tecnol\u00f3gica com solu\u00e7\u00f5es escal\u00e1veis e interesse no mercado europeu foram selecionadas para atuar no Web Summit, uma das maiores confer\u00eancias de tecnologia, empreendedorismo e inova\u00e7\u00e3o do mundo, que este ano ser\u00e1 em Lisboa. At\u00e9 novembro, quando acontece o evento, essas startups passar\u00e3o por um per\u00edodo de mentoria do Serpro e da ApexBrasil sobre desafios e inova\u00e7\u00e3o no mercado externo, al\u00e9m de uma prepara\u00e7\u00e3o para conversar com os investidores internacionais e realizar neg\u00f3cios durante a confer\u00eancia.<\/p>\n<p>&#8220;O objetivo da nossa parceria com a Apex \u00e9 elevar as empresas brasileiras a esse novo patamar da internacionaliza\u00e7\u00e3o. No ano passado, o Serpro realizou mentoria para mais de 50 startups e seis delas receberam investimentos internacionais para continuar suas opera\u00e7\u00f5es e ampliar seu mercado\u201d, destaca Rafael Ferreira, gerente de Mercado Internacional do Serpro.<\/p>\n<p><strong>Mentoria<\/strong><\/p>\n<p>O trabalho de mentoria teve in\u00edcio nesta ter\u00e7a-feira, 5 de setembro, apresentando uma vis\u00e3o de como ser\u00e1 o evento de Lisboa, em novembro. Nos pr\u00f3ximos dias, ser\u00e3o realizadas mentorias sobre a adapta\u00e7\u00e3o de processos comerciais e financeiros, defini\u00e7\u00e3o do faturamento em d\u00f3lar, contratos de tradu\u00e7\u00e3o para apoio nas reuni\u00f5es de neg\u00f3cio, apoio jur\u00eddico e de privacidade de dados, incluindo remodelagens nas esferas de contratos, faturamento, e-commerce, p\u00f3s-venda, parcerias e desenvolvimento. O foco \u00e9 explorar quest\u00f5es como gest\u00e3o de empresas em processo de internacionaliza\u00e7\u00e3o; opera\u00e7\u00e3o de empresas em busca de parcerias em outros pa\u00edses, novos mercados, faturamento, inova\u00e7\u00e3o e desenvolvimento.<\/p>\n<p>Dentro da programa\u00e7\u00e3o de eventos online e presenciais desta mentoria, o Serpro vai apresentar sua experi\u00eancia de internacionaliza\u00e7\u00e3o e explicar como se preparar para internacionaliza\u00e7\u00e3o, como levar servi\u00e7os digitais para outros pa\u00edses e como trabalhar com empresas internacionais.<\/p>\n<p>\u201cN\u00e3o basta a empresa querer ir para fora, ela tem que estar preparada para isso. E o Serpro, com o treinamento e a consultoria da Apex, passou por esse processo em 2020. A trajet\u00f3ria de internacionaliza\u00e7\u00e3o da empresa j\u00e1 registra, em 2023, mais de 40 clientes distribu\u00eddos em 21 pa\u00edses, que fecharam contrato como resultado das prospec\u00e7\u00f5es e das opera\u00e7\u00f5es dos produtos multiclientes\u201d, esclarece Rafael.<\/p>\n<p><strong>Miss\u00e3o de Internacionaliza\u00e7\u00e3o no Web Summit<\/strong><\/p>\n<p>A estatal de tecnologia do governo federal participa pela segunda vez da Miss\u00e3o de Internacionaliza\u00e7\u00e3o no Web Summit. A expectativa \u00e9 alinhar cada vez mais recursos tecnol\u00f3gicos com os outros pa\u00edses, compartilhando troca de experi\u00eancias, desenvolvimento, conjunto de inova\u00e7\u00f5es e servi\u00e7os tanto para o governo quanto para o privado.<\/p>\n<p>\u201cEstamos otimistas. No ano passado, conversamos com mais de 150 empresas e costuramos novos contratos. Junto aos l\u00edderes de mercado de inova\u00e7\u00e3o, a expectativa alinhada ao planejamento estrat\u00e9gico do Serpro \u00e9 trazer possibilidades com as novas tecnologias e com a entrada forte da transforma\u00e7\u00e3o digital no discurso mundial para atendimento ao cidad\u00e3o\u201d, salienta Rafael Ferreira.<\/p>\n<p><strong>Encontro de l\u00edderes<\/strong><\/p>\n<p>No dia da abertura da confer\u00eancia, em novembro, ser\u00e1 realizado um encontro de l\u00edderes e, na ocasi\u00e3o, a alta gest\u00e3o do Serpro estar\u00e1 reunida com gestores das grandes empresas globais para conversar sobre desafios e pr\u00f3ximos passos de inova\u00e7\u00e3o na tecnologia e sua aplica\u00e7\u00e3o na sociedade. No ano passado, essa pr\u00e9via da Web Summit contou com a presen\u00e7a do CEO da Shell, diretores da Apple, do Facebook, Microsoft e outras bigtechs.<\/p>\n<p>\u201cPara que o pa\u00eds continue figurando bem no ranking de governo digital, n\u00f3s temos que seguir sendo inovadores e din\u00e2micos. E \u00e9 pra isso que estaremos nesse evento, em contato com o que h\u00e1 de mais novo, verificando as tend\u00eancias tecnol\u00f3gicas e conhecendo as experi\u00eancias de sucesso do outro lado do Atl\u00e2ntico. Mais uma vez, o Serpro estar\u00e1 junto aos l\u00edderes no mercado de inova\u00e7\u00e3o para discutir a transforma\u00e7\u00e3o digital no mundo com solu\u00e7\u00f5es de portal \u00fanico, identidade digital e servi\u00e7os online ao cidad\u00e3o. No ano passado pudemos verificar que estamos muito \u00e0 frente de outros grandes pa\u00edses que s\u00f3 agora est\u00e3o enfrentando desafios que j\u00e1 superamos h\u00e1 alguns anos atr\u00e1s. Em 2023, continuamos trilhando neste caminho&#8221;, completa o gerente.<\/p>\n<\/div>\n<div class=\"card mt-4 bg-light\">\n<div class=\"card-body\">\n<form action=\"https:\/\/imprensa.pressmanager.com.br\/releases_detalhes?mcm_id=248312614&amp;mcm_key=df6f5dfc7e9e516198e6cfa1db646df5&amp;nl_id=15963012&amp;nl_key=d82aad77f389e4a04fde340199906688\" method=\"post\">\n<div class=\"col-12\"><\/div>\n<\/form>\n<\/div>\n<\/div>\n","protected":false},"excerpt":{"rendered":"<p>Em novembro, mais de 80 startups brasileiras v\u00e3o apresentar seus neg\u00f3cios no maior evento de inova\u00e7\u00e3o do mundo, realizado em Lisboa Cerca de 80 empresas brasileiras de base tecnol\u00f3gica com solu\u00e7\u00f5es escal\u00e1veis e interesse no mercado europeu foram selecionadas para atuar no Web Summit, uma das maiores confer\u00eancias de tecnologia, empreendedorismo e inova\u00e7\u00e3o do mundo, [&hellip;]<\/p>\n","protected":false},"author":2,"featured_media":12478,"comment_status":"open","ping_status":"open","sticky":false,"template":"","format":"standard","meta":{"_jetpack_memberships_contains_paid_content":false,"footnotes":""},"categories":[51,56,57,58,60],"tags":[8610],"featured_image_src":{"landsacpe":["https:\/\/revistaempresarios.net\/web\/wp-content\/uploads\/2023\/09\/large-001.png",768,401,false],"list":["https:\/\/revistaempresarios.net\/web\/wp-content\/uploads\/2023\/09\/large-001-463x348.png",463,348,true],"medium":["https:\/\/revistaempresarios.net\/web\/wp-content\/uploads\/2023\/09\/large-001-300x157.png",300,157,true],"full":["https:\/\/revistaempresarios.net\/web\/wp-content\/uploads\/2023\/09\/large-001.png",768,401,false]},"jetpack_sharing_enabled":true,"jetpack_featured_media_url":"https:\/\/revistaempresarios.net\/web\/wp-content\/uploads\/2023\/09\/large-001.png","jetpack-related-posts":[],"_links":{"self":[{"href":"https:\/\/revistaempresarios.net\/web\/wp-json\/wp\/v2\/posts\/12477"}],"collection":[{"href":"https:\/\/revistaempresarios.net\/web\/wp-json\/wp\/v2\/posts"}],"about":[{"href":"https:\/\/revistaempresarios.net\/web\/wp-json\/wp\/v2\/types\/post"}],"author":[{"embeddable":true,"href":"https:\/\/revistaempresarios.net\/web\/wp-json\/wp\/v2\/users\/2"}],"replies":[{"embeddable":true,"href":"https:\/\/revistaempresarios.net\/web\/wp-json\/wp\/v2\/comments?post=12477"}],"version-history":[{"count":1,"href":"https:\/\/revistaempresarios.net\/web\/wp-json\/wp\/v2\/posts\/12477\/revisions"}],"predecessor-version":[{"id":12479,"href":"https:\/\/revistaempresarios.net\/web\/wp-json\/wp\/v2\/posts\/12477\/revisions\/12479"}],"wp:featuredmedia":[{"embeddable":true,"href":"https:\/\/revistaempresarios.net\/web\/wp-json\/wp\/v2\/media\/12478"}],"wp:attachment":[{"href":"https:\/\/revistaempresarios.net\/web\/wp-json\/wp\/v2\/media?parent=12477"}],"wp:term":[{"taxonomy":"category","embeddable":true,"href":"https:\/\/revistaempresarios.net\/web\/wp-json\/wp\/v2\/categories?post=12477"},{"taxonomy":"post_tag","embeddable":true,"href":"https:\/\/revistaempresarios.net\/web\/wp-json\/wp\/v2\/tags?post=12477"}],"curies":[{"name":"wp","href":"https:\/\/api.w.org\/{rel}","templated":true}]}}