{"id":12391,"date":"2023-09-07T20:53:20","date_gmt":"2023-09-07T23:53:20","guid":{"rendered":"https:\/\/revistaempresarios.net\/web\/?p=12391"},"modified":"2023-09-07T20:53:54","modified_gmt":"2023-09-07T23:53:54","slug":"transforme-sua-recolocacao-profissional-em-uma-oportunidade-de-sucesso-estrategias-comprovadas-por-especialista-em-gestao-de-carreira","status":"publish","type":"post","link":"https:\/\/revistaempresarios.net\/web\/2023\/09\/07\/transforme-sua-recolocacao-profissional-em-uma-oportunidade-de-sucesso-estrategias-comprovadas-por-especialista-em-gestao-de-carreira\/","title":{"rendered":"Transforme sua recoloca\u00e7\u00e3o profissional em uma oportunidade de sucesso: Estrat\u00e9gias comprovadas por especialista em gest\u00e3o de carreira"},"content":{"rendered":"<div class=\"itemBody\">\n<div class=\"itemIntroText\">\n<p>Segundo dados do Instituto Brasileiro de Geografia e Estat\u00edstica (IBGE), o mercado de trabalho brasileiro tem passado por transforma\u00e7\u00f5es significativas, com taxas de desemprego flutuantes. \u00c9 importante estar ciente dessas tend\u00eancias para se preparar adequadamente para a recoloca\u00e7\u00e3o profissional.<\/p>\n<\/div>\n<div class=\"itemFullText\">\n<p>No mundo din\u00e2mico do mercado de trabalho, a recoloca\u00e7\u00e3o profissional pode ser um desafio intimidante. Perder o emprego pode abalar nossa confian\u00e7a e gerar incertezas sobre o futuro. No entanto, com a abordagem correta e as estrat\u00e9gias adequadas, \u00e9 poss\u00edvel encontrar novas oportunidades e se destacar nas entrevistas de emprego.<\/p>\n<p>A especialista em gest\u00e3o de carreira e CEO, Madalena Feliciano explica abordagens de Autoavalia\u00e7\u00e3o e Estrat\u00e9gia de Recoloca\u00e7\u00e3o<\/p>\n<p>Avalie suas habilidades e interesses: Fa\u00e7a uma an\u00e1lise profunda de suas habilidades, conhecimentos e interesses. Identifique suas \u00e1reas de especializa\u00e7\u00e3o e considere como elas podem ser aplicadas em diferentes setores ou fun\u00e7\u00f5es.<\/p>\n<p>Atualize seu curr\u00edculo e perfil profissional: Revise seu curr\u00edculo para destacar suas conquistas relevantes e adapt\u00e1-lo para cada vaga espec\u00edfica. Al\u00e9m disso, otimize seu perfil em plataformas profissionais, como LinkedIn, adicionando palavras-chave relevantes e compartilhando conte\u00fado relacionado \u00e0 sua \u00e1rea de atua\u00e7\u00e3o.<\/p>\n<p>Estudos mostram que um curr\u00edculo bem elaborado e adaptado para cada vaga pode aumentar em at\u00e9 40% as chances de ser chamado para uma entrevista. Certifique-se de destacar suas habilidades relevantes, experi\u00eancias significativas e resultados alcan\u00e7ados ao longo da carreira.<\/p>\n<p><strong>Expanda sua rede de contatos<\/strong><\/p>\n<p>De acordo com pesquisas, cerca de 70% das vagas de emprego s\u00e3o preenchidas por meio de networking e indica\u00e7\u00f5es. Portanto, investir em relacionamentos profissionais s\u00f3lidos e ampliar sua rede de contatos pode aumentar suas chances de encontrar oportunidades de emprego.<\/p>\n<p>Conecte-se com profissionais da sua \u00e1rea de interesse e participe de eventos, confer\u00eancias e grupos de networking. O networking eficaz pode abrir portas para oportunidades de trabalho e fornecer insights valiosos sobre o mercado.<\/p>\n<p>Pesquisa de mercado: Mantenha-se atualizado sobre as tend\u00eancias do mercado de trabalho e as demandas da sua \u00e1rea. Isso ajudar\u00e1 voc\u00ea a identificar quais habilidades e conhecimentos s\u00e3o valorizados pelos empregadores, permitindo que voc\u00ea se prepare adequadamente.<\/p>\n<p>Aperfei\u00e7oamento de habilidades: Invista em seu desenvolvimento profissional, adquirindo novas habilidades por meio de cursos online, workshops ou certifica\u00e7\u00f5es relevantes. Isso aumentar\u00e1 sua empregabilidade e demonstrar\u00e1 seu compromisso com o crescimento cont\u00ednuo.<\/p>\n<p>Compet\u00eancia emocional: A compet\u00eancia emocional tem se tornado cada vez mais valorizada pelas empresas. Segundo a consultoria TalentSmart, 90% dos profissionais bem-sucedidos possuem alta intelig\u00eancia emocional. Portanto, desenvolver habilidades como empatia, autogerenciamento e habilidades de comunica\u00e7\u00e3o pode ser um diferencial na recoloca\u00e7\u00e3o profissional.<\/p>\n<p>Atualiza\u00e7\u00e3o das tecnologias: A tecnologia tem desempenhado um papel fundamental na transforma\u00e7\u00e3o do mercado de trabalho. A automa\u00e7\u00e3o e a intelig\u00eancia artificial t\u00eam impactado diversos setores, resultando na redefini\u00e7\u00e3o de habilidades exigidas. \u00c9 essencial estar atento \u00e0s tend\u00eancias tecnol\u00f3gicas relevantes para sua \u00e1rea de atua\u00e7\u00e3o e buscar atualiza\u00e7\u00e3o constante.<\/p>\n<p>Madalena Feliciano cita Estrat\u00e9gias para Entrevistas de Emprego de Sucesso<\/p>\n<p>Pesquisa pr\u00e9via: Antes da entrevista, pesquise profundamente sobre a empresa, sua cultura, miss\u00e3o, valores e produtos\/servi\u00e7os. Isso ajudar\u00e1 voc\u00ea a entender melhor a organiza\u00e7\u00e3o e a mostrar seu interesse genu\u00edno durante a entrevista.<\/p>\n<p>Prepara\u00e7\u00e3o de respostas: Antecipe-se e prepare respostas para perguntas comuns, como &#8220;Fale sobre voc\u00ea&#8221;, &#8220;Quais s\u00e3o seus pontos fortes\/fracos?&#8221; e &#8220;Por que voc\u00ea deseja trabalhar nesta empresa?&#8221;. Pratique suas respostas em voz alta para ganhar confian\u00e7a.<\/p>\n<p>Destaque suas conquistas: Durante a entrevista, mencione suas conquistas passadas e como suas habilidades e experi\u00eancias s\u00e3o relevantes para a posi\u00e7\u00e3o. Use exemplos concretos para ilustrar seu valor como profissional.<\/p>\n<p>Demonstre interesse e entusiasmo: Mostre entusiasmo pela oportunidade e fa\u00e7a perguntas pertinentes sobre a posi\u00e7\u00e3o e a empresa. Isso demonstrar\u00e1 que voc\u00ea est\u00e1 engajado e interessado em contribuir.<\/p>\n<p>Comunica\u00e7\u00e3o eficaz: Fale de forma clara, concisa e articulada. Evite jarg\u00f5es ou terminologias muito t\u00e9cnicas que possam n\u00e3o ser compreendidas pelo entrevistador. Esteja atento \u00e0 linguagem corporal, fazendo contato visual, mantendo uma postura confiante e usando gestos adequados.<\/p>\n<p>Adapta\u00e7\u00e3o ao entrevistador: Observe a personalidade e o estilo de comunica\u00e7\u00e3o do entrevistador e adapte-se a eles. Sintonize-se com o entrevistador para estabelecer uma conex\u00e3o efetiva.<\/p>\n<p>Agrade\u00e7a e acompanhe: Ap\u00f3s a entrevista, envie um e-mail de agradecimento ao entrevistador, expressando sua gratid\u00e3o pela oportunidade e refor\u00e7ando seu interesse na vaga. Isso mostra cortesia e interesse genu\u00edno.<\/p>\n<p>\u201cA recoloca\u00e7\u00e3o profissional pode parecer desafiadora, mas com uma abordagem estrat\u00e9gica, prepara\u00e7\u00e3o adequada e criatividade, \u00e9 poss\u00edvel se destacar no mercado de trabalho. Tenha confian\u00e7a em suas habilidades, mantenha-se atualizado sobre as tend\u00eancias do mercado e esteja disposto a se adaptar \u00e0s mudan\u00e7as. Lembre-se de que cada entrevista \u00e9 uma oportunidade para mostrar seu valor e encontrar a posi\u00e7\u00e3o ideal. Com dedica\u00e7\u00e3o e perseveran\u00e7a, voc\u00ea estar\u00e1 um passo mais perto de alcan\u00e7ar o sucesso em sua carreira\u201d Finaliza Madalena Feliciano.<\/p>\n<p><strong>Mais Sobre Madalena Feliciano:<\/strong><\/p>\n<p>Empres\u00e1ria, CEO de tr\u00eas empresas, Outliers Careers, IPCoaching e MF Terapias, consultora executiva de carreira e terapeuta, atua como coach de l\u00edderes e de equipes e com orienta\u00e7\u00e3o profissional h\u00e1 mais de 20 anos, sendo especialista em gest\u00e3o de carreira e desenvolvimento humano. Estudou Terapias Alternativas e MBA em Hipnoterapia. J\u00e1 concedeu entrevistas para diversos programas de televis\u00e3o abordando os temas de carreira, empregabilidade, coaching, perfil comportamental, postura profissional, hipnoterapia e outros temas relacionados com o mundo corporativo. Master Coach, Master em PNL e Hipnoterapeuta, Madalena realiza atendimentos personalizados para: Fobias, depress\u00e3o, ansiedade, medos, gagueira, p\u00e2nico, anorexia, entre muitos outros.<\/p>\n<\/div>\n<\/div>\n","protected":false},"excerpt":{"rendered":"<p>Segundo dados do Instituto Brasileiro de Geografia e Estat\u00edstica (IBGE), o mercado de trabalho brasileiro tem passado por transforma\u00e7\u00f5es significativas, com taxas de desemprego flutuantes. \u00c9 importante estar ciente dessas tend\u00eancias para se preparar adequadamente para a recoloca\u00e7\u00e3o profissional. No mundo din\u00e2mico do mercado de trabalho, a recoloca\u00e7\u00e3o profissional pode ser um desafio intimidante. Perder [&hellip;]<\/p>\n","protected":false},"author":2,"featured_media":12392,"comment_status":"open","ping_status":"open","sticky":false,"template":"","format":"standard","meta":{"_jetpack_memberships_contains_paid_content":false,"footnotes":""},"categories":[1],"tags":[],"featured_image_src":{"landsacpe":["https:\/\/revistaempresarios.net\/web\/wp-content\/uploads\/2023\/09\/mariana-feliciano-1-511x445.jpeg",511,445,true],"list":["https:\/\/revistaempresarios.net\/web\/wp-content\/uploads\/2023\/09\/mariana-feliciano-1-463x348.jpeg",463,348,true],"medium":["https:\/\/revistaempresarios.net\/web\/wp-content\/uploads\/2023\/09\/mariana-feliciano-1-256x300.jpeg",256,300,true],"full":["https:\/\/revistaempresarios.net\/web\/wp-content\/uploads\/2023\/09\/mariana-feliciano-1.jpeg",511,600,false]},"jetpack_sharing_enabled":true,"jetpack_featured_media_url":"https:\/\/revistaempresarios.net\/web\/wp-content\/uploads\/2023\/09\/mariana-feliciano-1.jpeg","jetpack-related-posts":[],"_links":{"self":[{"href":"https:\/\/revistaempresarios.net\/web\/wp-json\/wp\/v2\/posts\/12391"}],"collection":[{"href":"https:\/\/revistaempresarios.net\/web\/wp-json\/wp\/v2\/posts"}],"about":[{"href":"https:\/\/revistaempresarios.net\/web\/wp-json\/wp\/v2\/types\/post"}],"author":[{"embeddable":true,"href":"https:\/\/revistaempresarios.net\/web\/wp-json\/wp\/v2\/users\/2"}],"replies":[{"embeddable":true,"href":"https:\/\/revistaempresarios.net\/web\/wp-json\/wp\/v2\/comments?post=12391"}],"version-history":[{"count":2,"href":"https:\/\/revistaempresarios.net\/web\/wp-json\/wp\/v2\/posts\/12391\/revisions"}],"predecessor-version":[{"id":12394,"href":"https:\/\/revistaempresarios.net\/web\/wp-json\/wp\/v2\/posts\/12391\/revisions\/12394"}],"wp:featuredmedia":[{"embeddable":true,"href":"https:\/\/revistaempresarios.net\/web\/wp-json\/wp\/v2\/media\/12392"}],"wp:attachment":[{"href":"https:\/\/revistaempresarios.net\/web\/wp-json\/wp\/v2\/media?parent=12391"}],"wp:term":[{"taxonomy":"category","embeddable":true,"href":"https:\/\/revistaempresarios.net\/web\/wp-json\/wp\/v2\/categories?post=12391"},{"taxonomy":"post_tag","embeddable":true,"href":"https:\/\/revistaempresarios.net\/web\/wp-json\/wp\/v2\/tags?post=12391"}],"curies":[{"name":"wp","href":"https:\/\/api.w.org\/{rel}","templated":true}]}}