{"id":12379,"date":"2023-09-07T20:38:41","date_gmt":"2023-09-07T23:38:41","guid":{"rendered":"https:\/\/revistaempresarios.net\/web\/?p=12379"},"modified":"2023-09-07T20:38:41","modified_gmt":"2023-09-07T23:38:41","slug":"demonstracao-genuina-de-interesse-sobre-o-bem-estar-dos-colaboradores-proporciona-sentimento-de-respeito-e-valorizacao-por-alexandre-slivnik-e-reconhecido-oficialmente-pelo-governo-norte-americano","status":"publish","type":"post","link":"https:\/\/revistaempresarios.net\/web\/2023\/09\/07\/demonstracao-genuina-de-interesse-sobre-o-bem-estar-dos-colaboradores-proporciona-sentimento-de-respeito-e-valorizacao-por-alexandre-slivnik-e-reconhecido-oficialmente-pelo-governo-norte-americano\/","title":{"rendered":"Demonstra\u00e7\u00e3o genu\u00edna de interesse sobre o bem-estar dos colaboradores proporciona sentimento de respeito e valoriza\u00e7\u00e3o &#8211; Por: Alexandre Slivnik \u00e9 reconhecido oficialmente pelo governo norte americano como um profissional com habilidades extraordin\u00e1rias na \u00e1rea de palestras e treinamentos (EB1)."},"content":{"rendered":"<div class=\"itemBody\">\n<div class=\"itemFullText\">\n<p>Saber lidar com os talentos internos de uma empresa \u00e9 uma tarefa crucial para qualquer gestor que deseja construir uma equipe s\u00f3lida e impulsionar o sucesso organizacional a longo prazo. Nesse caso, estamos nos referindo \u00e0queles colaboradores que demonstram habilidades excepcionais, comprometimento e potencial para crescer. O papel do gestor n\u00e3o se limita apenas a reconhecer esses talentos, mas tamb\u00e9m a nutri-los, desenvolv\u00ea-los e proporcionar oportunidades para que eles flores\u00e7am.<\/p>\n<p>O primeiro passo para que um gestor passe a lidar com os talentos internos \u00e9 o reconhecimento. Isso envolve observar atentamente o desempenho e o potencial de cada membro da equipe, sendo crucial olhar al\u00e9m das tarefas cotidianas e identificar as habilidades \u00fanicas que um indiv\u00edduo traz consigo. Esse reconhecimento n\u00e3o apenas valida o esfor\u00e7o do colaborador, mas tamb\u00e9m cria um ambiente de confian\u00e7a e motiva\u00e7\u00e3o.<\/p>\n<p>Uma vez que os talentos internos s\u00e3o identificados, o pr\u00f3ximo passo \u00e9 o desenvolvimento. Isso inclui fornecer treinamento cont\u00ednuo, mentorias e oportunidades para expandir suas habilidades. Os gestores devem criar planos de desenvolvimento personalizados para cada talento, alinhados com os objetivos individuais e organizacionais. Esse movimento n\u00e3o apenas aprimora as compet\u00eancias do colaborador, mas tamb\u00e9m demonstra o investimento da empresa em seu crescimento.<\/p>\n<p>No entanto, o desenvolvimento n\u00e3o se limita apenas ao aspecto profissional. Um gestor eficaz compreende a import\u00e2ncia do equil\u00edbrio entre trabalho e vida pessoal. Oferecer flexibilidade, incentivar pausas adequadas e demonstrar interesse genu\u00edno no bem-estar do colaborador contribui para um ambiente onde os talentos internos se sentem valorizados e respeitados como seres humanos.<\/p>\n<p>Al\u00e9m disso, um gestor que deseja aproveitar ao m\u00e1ximo os talentos internos deve criar um ambiente de colabora\u00e7\u00e3o e incentivar a comunica\u00e7\u00e3o aberta, permitindo que os colaboradores expressem suas ideias, contribuam com sugest\u00f5es e se sintam parte integrante do processo decis\u00f3rio. Um verdadeiro l\u00edder reconhece que os talentos internos trazem perspectivas valiosas e podem contribuir para a inova\u00e7\u00e3o e melhoria cont\u00ednua da empresa.<\/p>\n<p>O reconhecimento tamb\u00e9m se manifesta por meio de oportunidades de crescimento interno. Um gestor que valoriza a sua equipe busca promover a mobilidade dentro da empresa sempre que poss\u00edvel. Isso n\u00e3o apenas mant\u00e9m os colaboradores engajados, sabendo que h\u00e1 espa\u00e7o para progress\u00e3o, mas tamb\u00e9m evita a perda de talentos valiosos para a concorr\u00eancia.<\/p>\n<p>Mas vale lembrar que essa jornada n\u00e3o \u00e9 isenta de desafios. Podem haver casos em que um colaborador demonstra potencial, mas enfrenta dificuldades em seu desempenho atual. Nesse tipo de situa\u00e7\u00e3o, ao inv\u00e9s de descartar a pessoa, um gestor proativo investe em planos de capacita\u00e7\u00e3o espec\u00edficos para ajud\u00e1-lo a superar as barreiras e alcan\u00e7ar todo o seu potencial.<\/p>\n<p>O gestor deve adotar uma abordagem integralista, considerando n\u00e3o apenas as habilidades profissionais, mas tamb\u00e9m os aspectos pessoais, aspira\u00e7\u00f5es e necessidades de desenvolvimento de cada indiv\u00edduo. Essa conduta n\u00e3o apenas cria uma cultura de crescimento e excel\u00eancia, mas tamb\u00e9m coloca a empresa em uma posi\u00e7\u00e3o vantajosa, ao cultivar um grupo de profissionais altamente qualificados e dedicados, que impulsionam a empresa rumo a um futuro promissor.<\/p>\n<p><strong>Sobre Alexandre Slivnik<\/strong><\/p>\n<p>Alexandre Slivnik \u00e9 reconhecido oficialmente pelo governo norte americano como um profissional com habilidades extraordin\u00e1rias na \u00e1rea de palestras e treinamentos (EB1). \u00c9 autor de diversos livros, entre eles do best-seller O Poder da Atitude. \u00c9 diretor executivo do IBEX \u2013 Institute for Business Excellence, sediado em Orlando \/ FL (EUA). \u00c9 Vice-Presidente da Associa\u00e7\u00e3o Brasileira de Treinamento e Desenvolvimento (ABTD) e diretor geral do Congresso Brasileiro de Treinamento e Desenvolvimento (CBTD). \u00c9 professor convidado do MBA de Gest\u00e3o Empresarial da FIA \/ USP. Palestrante e profissional com mais de 20 anos de experi\u00eancia na \u00e1rea de RH e Treinamento. \u00c9 atualmente um dos maiores especialistas em excel\u00eancia em servi\u00e7os no Brasil. Palestrante Internacional com experi\u00eancia nos EUA, EUROPA, \u00c1FRICA e \u00c1SIA, tendo feito especializa\u00e7\u00e3o na Universidade de HARVARD (Graduate School of Education &#8211; Boston \/ EUA).<\/p>\n<\/div>\n<\/div>\n<div class=\"e-mailit_toolbox circular  size48\">\n<div class=\"e-mailit_btn_EMAILiT\"><\/div>\n<\/div>\n","protected":false},"excerpt":{"rendered":"<p>Saber lidar com os talentos internos de uma empresa \u00e9 uma tarefa crucial para qualquer gestor que deseja construir uma equipe s\u00f3lida e impulsionar o sucesso organizacional a longo prazo. Nesse caso, estamos nos referindo \u00e0queles colaboradores que demonstram habilidades excepcionais, comprometimento e potencial para crescer. O papel do gestor n\u00e3o se limita apenas a [&hellip;]<\/p>\n","protected":false},"author":2,"featured_media":5700,"comment_status":"open","ping_status":"open","sticky":false,"template":"","format":"standard","meta":{"_jetpack_memberships_contains_paid_content":false,"footnotes":""},"categories":[1],"tags":[],"featured_image_src":{"landsacpe":["https:\/\/revistaempresarios.net\/web\/wp-content\/uploads\/2022\/12\/Alexandre-Slivnik-845x445.png",845,445,true],"list":["https:\/\/revistaempresarios.net\/web\/wp-content\/uploads\/2022\/12\/Alexandre-Slivnik-463x348.png",463,348,true],"medium":["https:\/\/revistaempresarios.net\/web\/wp-content\/uploads\/2022\/12\/Alexandre-Slivnik-290x300.png",290,300,true],"full":["https:\/\/revistaempresarios.net\/web\/wp-content\/uploads\/2022\/12\/Alexandre-Slivnik.png",845,875,false]},"jetpack_sharing_enabled":true,"jetpack_featured_media_url":"https:\/\/revistaempresarios.net\/web\/wp-content\/uploads\/2022\/12\/Alexandre-Slivnik.png","jetpack-related-posts":[],"_links":{"self":[{"href":"https:\/\/revistaempresarios.net\/web\/wp-json\/wp\/v2\/posts\/12379"}],"collection":[{"href":"https:\/\/revistaempresarios.net\/web\/wp-json\/wp\/v2\/posts"}],"about":[{"href":"https:\/\/revistaempresarios.net\/web\/wp-json\/wp\/v2\/types\/post"}],"author":[{"embeddable":true,"href":"https:\/\/revistaempresarios.net\/web\/wp-json\/wp\/v2\/users\/2"}],"replies":[{"embeddable":true,"href":"https:\/\/revistaempresarios.net\/web\/wp-json\/wp\/v2\/comments?post=12379"}],"version-history":[{"count":2,"href":"https:\/\/revistaempresarios.net\/web\/wp-json\/wp\/v2\/posts\/12379\/revisions"}],"predecessor-version":[{"id":12381,"href":"https:\/\/revistaempresarios.net\/web\/wp-json\/wp\/v2\/posts\/12379\/revisions\/12381"}],"wp:featuredmedia":[{"embeddable":true,"href":"https:\/\/revistaempresarios.net\/web\/wp-json\/wp\/v2\/media\/5700"}],"wp:attachment":[{"href":"https:\/\/revistaempresarios.net\/web\/wp-json\/wp\/v2\/media?parent=12379"}],"wp:term":[{"taxonomy":"category","embeddable":true,"href":"https:\/\/revistaempresarios.net\/web\/wp-json\/wp\/v2\/categories?post=12379"},{"taxonomy":"post_tag","embeddable":true,"href":"https:\/\/revistaempresarios.net\/web\/wp-json\/wp\/v2\/tags?post=12379"}],"curies":[{"name":"wp","href":"https:\/\/api.w.org\/{rel}","templated":true}]}}