{"id":12215,"date":"2023-09-05T09:55:08","date_gmt":"2023-09-05T12:55:08","guid":{"rendered":"https:\/\/revistaempresarios.net\/web\/?p=12215"},"modified":"2023-09-05T09:55:08","modified_gmt":"2023-09-05T12:55:08","slug":"quer-ser-esg-a-economia-compartilhada-de-verdade-e-caminho-por-denny-mews-fundador-e-ceo-da-logtech-cargon-e-diretor-vice-presidente-de-startups-da-assespro-parana","status":"publish","type":"post","link":"https:\/\/revistaempresarios.net\/web\/2023\/09\/05\/quer-ser-esg-a-economia-compartilhada-de-verdade-e-caminho-por-denny-mews-fundador-e-ceo-da-logtech-cargon-e-diretor-vice-presidente-de-startups-da-assespro-parana\/","title":{"rendered":"Quer ser ESG? A economia compartilhada &#8211; de verdade &#8211; \u00e9 caminho &#8211; Por Denny Mews, fundador e CEO da logtech CargOn, e diretor vice-presidente de startups da Assespro Paran\u00e1"},"content":{"rendered":"<div class=\"itemBody\">\n<div class=\"itemFullText\">\n<p>Ser ESG, um objetivo de corpora\u00e7\u00f5es comprometidas com seu entorno, com a sociedade. Sigla para \u201cenvironment, social and governance\u201d, isto \u00e9, \u201cmeio ambiente, social e governan\u00e7a\u201d, o conceito ESG por vezes \u00e9 reduzido, ou mesmo distorcido, para atender meramente a estrat\u00e9gias de marketing. \u00c9 preciso fazer valer, com a\u00e7\u00f5es pr\u00e1ticas, concretas e perenes, o que o termo prega.<\/p>\n<p>Termo, ali\u00e1s, que surgiu pela primeira vez em 2004, em relat\u00f3rio da Organiza\u00e7\u00e3o das Na\u00e7\u00f5es Unidas (ONU). L\u00e1 se v\u00e3o portanto quase 20 anos, e no Brasil apenas 0,025% das empresas brasileiras se mostram definitivamente engajadas em aplicar os tr\u00eas pilares ESG. Como acelerar o movimento? Qual o caminho para se tornar ESG?<\/p>\n<p>Entendo que a busca por um posicionamento nesse sentido passa pela chamada economia compartilhada. Valem ainda conceitos similares, como o de economia colaborativa ou economia circular. No entanto, assim como ocorre com ESG, esses conceitos devem ser aplicados em profundidade. N\u00e3o \u00e9 o que vem ocorrendo. H\u00e1 uma vis\u00e3o muito equivocada sendo difundida.<\/p>\n<p>Economia compartilhada ou colaborativa aut\u00eantica tem de ser aquela em que produtos, servi\u00e7os e solu\u00e7\u00f5es de fato representem mitigar impactos das diferentes atividades. Ainda, que o conhecimento e as receitas geradas sejam compartilh\u00e1veis entre todos os envolvidos no processo. N\u00e3o se trata de inventar a roda: \u00e9, em ess\u00eancia, a adequa\u00e7\u00e3o do tradicional princ\u00edpio do cooperativismo para um cooperativismo de plataformas.<\/p>\n<p>Esse princ\u00edpio, sim, caminha para reduzir efeitos ambientais, promover equidade social, assegurar uma governan\u00e7a eficiente. Hoje, n\u00e3o \u00e9 o que vemos. O que est\u00e1 se convencionando chamar de economia compartilhada, em realidade quase nada (ou nada) tem de compartilhamento. Os ganhos se concentram nos detentores e acionistas dos neg\u00f3cios, e as solu\u00e7\u00f5es levam a demandas que s\u00f3 acentuam impactos socioambientais.<\/p>\n<p>A t\u00edtulo de ilustra\u00e7\u00e3o, cito os aplicativos de mobilidade e os de entrega. Eles causam a falsa sensa\u00e7\u00e3o, por exemplo, de que diminuem a polui\u00e7\u00e3o urbana e o n\u00famero de ve\u00edculos circulando: deixamos o autom\u00f3vel em casa para nos deslocarmos por carros de aplicativo. S\u00f3 que a quantidade incr\u00edvel de carros desse servi\u00e7o para atender a demanda tem custo energ\u00e9tico, tem efeitos no tr\u00e1fego das cidades.<\/p>\n<p>Outro caso que tem rela\u00e7\u00e3o direta com o setor de log\u00edstica &#8211; ramo de atua\u00e7\u00e3o da CargOn, logtech a qual dirijo: as pessoas cada vez mais querem pronta entrega, e as plataformas garantem o envio do pedido em tempo recorde. Ora, isso tem um custo energ\u00e9tico e, portanto ambiental muito grande. Um ve\u00edculo, em vez de sair quando estiver com sua carga completa, roda a todo instante, para viabilizar o imediatismo da entrega prometida pelo fornecedor, e almejada pelo cliente. O foco precisa ser a otimiza\u00e7\u00e3o da log\u00edstica.<\/p>\n<p><strong>Vamos pensar nisso?<\/strong><\/p>\n<p>Ou seja, n\u00e3o adianta um neg\u00f3cio se autoproclamar ESG, mesmo que realizando a\u00e7\u00f5es interessantes, se efetivamente sua atua\u00e7\u00e3o n\u00e3o contribui para um ambiente mais sustent\u00e1vel. Pelo contr\u00e1rio, agrega novos impactos ambientais, sociais e de governan\u00e7a. Reparem: o que est\u00e3o chamando de economia colaborativa tem promovido uma concentra\u00e7\u00e3o sem precedentes de poder tecnol\u00f3gico, em quatro, cinco grupos de bigtechs.<\/p>\n<p>Economia compartilhada, enquanto percurso para ESG, \u00e9 aquela em que os resultados s\u00e3o de e para todos, n\u00e3o de um ou dois propriet\u00e1rios. E veja, n\u00e3o se trata de utopia. O cooperativismo h\u00e1 d\u00e9cadas nos aponta esse caminho. Blockchain e criptomoedas, por exemplo, em seu conceito raiz, produtos desta era tecnol\u00f3gica, criados para n\u00e3o terem donos, usando tecnologia compartilhada e colabora\u00e7\u00e3o. N\u00e3o existe um \u201cdono\u201d de blockchain \u2013 ele \u00e9 de todos os participantes.<\/p>\n<p>Podemos, sim, ir por a\u00ed. Basta come\u00e7armos.<\/p>\n<\/div>\n<\/div>\n<div class=\"e-mailit_toolbox circular  size48\">\n<div class=\"e-mailit_btn_EMAILiT\"><\/div>\n<\/div>\n","protected":false},"excerpt":{"rendered":"<p>Ser ESG, um objetivo de corpora\u00e7\u00f5es comprometidas com seu entorno, com a sociedade. Sigla para \u201cenvironment, social and governance\u201d, isto \u00e9, \u201cmeio ambiente, social e governan\u00e7a\u201d, o conceito ESG por vezes \u00e9 reduzido, ou mesmo distorcido, para atender meramente a estrat\u00e9gias de marketing. \u00c9 preciso fazer valer, com a\u00e7\u00f5es pr\u00e1ticas, concretas e perenes, o que [&hellip;]<\/p>\n","protected":false},"author":2,"featured_media":12216,"comment_status":"open","ping_status":"open","sticky":false,"template":"","format":"standard","meta":{"_jetpack_memberships_contains_paid_content":false,"footnotes":""},"categories":[51],"tags":[8510,8509,8508],"featured_image_src":{"landsacpe":["https:\/\/revistaempresarios.net\/web\/wp-content\/uploads\/2023\/09\/f91113730b7fd4bbc63df2b09b5b988a_XL-1140x445.jpg",1140,445,true],"list":["https:\/\/revistaempresarios.net\/web\/wp-content\/uploads\/2023\/09\/f91113730b7fd4bbc63df2b09b5b988a_XL-463x348.jpg",463,348,true],"medium":["https:\/\/revistaempresarios.net\/web\/wp-content\/uploads\/2023\/09\/f91113730b7fd4bbc63df2b09b5b988a_XL-300x262.jpg",300,262,true],"full":["https:\/\/revistaempresarios.net\/web\/wp-content\/uploads\/2023\/09\/f91113730b7fd4bbc63df2b09b5b988a_XL.jpg",1220,1064,false]},"jetpack_sharing_enabled":true,"jetpack_featured_media_url":"https:\/\/revistaempresarios.net\/web\/wp-content\/uploads\/2023\/09\/f91113730b7fd4bbc63df2b09b5b988a_XL.jpg","jetpack-related-posts":[],"_links":{"self":[{"href":"https:\/\/revistaempresarios.net\/web\/wp-json\/wp\/v2\/posts\/12215"}],"collection":[{"href":"https:\/\/revistaempresarios.net\/web\/wp-json\/wp\/v2\/posts"}],"about":[{"href":"https:\/\/revistaempresarios.net\/web\/wp-json\/wp\/v2\/types\/post"}],"author":[{"embeddable":true,"href":"https:\/\/revistaempresarios.net\/web\/wp-json\/wp\/v2\/users\/2"}],"replies":[{"embeddable":true,"href":"https:\/\/revistaempresarios.net\/web\/wp-json\/wp\/v2\/comments?post=12215"}],"version-history":[{"count":1,"href":"https:\/\/revistaempresarios.net\/web\/wp-json\/wp\/v2\/posts\/12215\/revisions"}],"predecessor-version":[{"id":12217,"href":"https:\/\/revistaempresarios.net\/web\/wp-json\/wp\/v2\/posts\/12215\/revisions\/12217"}],"wp:featuredmedia":[{"embeddable":true,"href":"https:\/\/revistaempresarios.net\/web\/wp-json\/wp\/v2\/media\/12216"}],"wp:attachment":[{"href":"https:\/\/revistaempresarios.net\/web\/wp-json\/wp\/v2\/media?parent=12215"}],"wp:term":[{"taxonomy":"category","embeddable":true,"href":"https:\/\/revistaempresarios.net\/web\/wp-json\/wp\/v2\/categories?post=12215"},{"taxonomy":"post_tag","embeddable":true,"href":"https:\/\/revistaempresarios.net\/web\/wp-json\/wp\/v2\/tags?post=12215"}],"curies":[{"name":"wp","href":"https:\/\/api.w.org\/{rel}","templated":true}]}}