{"id":12212,"date":"2023-09-05T09:41:26","date_gmt":"2023-09-05T12:41:26","guid":{"rendered":"https:\/\/revistaempresarios.net\/web\/?p=12212"},"modified":"2023-09-05T09:41:26","modified_gmt":"2023-09-05T12:41:26","slug":"caso-123-milhas-entenda-como-ocorre-a-recuperacao-judicial-de-empresas","status":"publish","type":"post","link":"https:\/\/revistaempresarios.net\/web\/2023\/09\/05\/caso-123-milhas-entenda-como-ocorre-a-recuperacao-judicial-de-empresas\/","title":{"rendered":"Caso 123 Milhas: Entenda como ocorre a recupera\u00e7\u00e3o judicial de empresas"},"content":{"rendered":"<div class=\"itemBody\">\n<div class=\"itemIntroText\">\n<p>De acordo com o advogado e S\u00f3cio Diretor da Nelson Wilians Advogados, S\u00e9rgio Vieira, o processo de Recupera\u00e7\u00e3o Judicial \u00e9 uma \u00faltima alternativa para empresas \u00e0 beira da fal\u00eancia<\/p>\n<\/div>\n<div class=\"itemFullText\">\n<p>Na \u00faltima sexta-feira, 18, a empresa de viagens a\u00e9reas 123 Milhas cancelou pacotes e emiss\u00f5es de passagens da sua linha promocional e afirmou que os consumidores seriam ressarcidos, no entanto, nesta ter\u00e7a-feira, 29, a empresa entrou com um pedido de recupera\u00e7\u00e3o judicial \u00e0 1\u00ba Vara Empresarial da Comarca de Belo Horizonte, em Minas Gerais.<\/p>\n<p>A grande quantidade de empresas em recupera\u00e7\u00e3o judicial nos \u00faltimos tempos chamou a aten\u00e7\u00e3o, de acordo com o Monitor RGF de Recupera\u00e7\u00e3o Judicial, realizado pela consultoria RGF &amp; Associados, 2 a cada mil empresas brasileiras ativas encerraram junho em recupera\u00e7\u00e3o judicial, o que despertou uma s\u00e9rie de d\u00favidas acerca do processo de peti\u00e7\u00e3o.<\/p>\n<p><strong>O que \u00e9 recupera\u00e7\u00e3o judicial?<\/strong><\/p>\n<p>A Recupera\u00e7\u00e3o Judicial \u00e9 uma estrat\u00e9gia adotada por empresas para evitar a fal\u00eancia. O processo possibilita que as empresas interrompam e reestruturem uma por\u00e7\u00e3o de suas d\u00edvidas acumuladas durante per\u00edodos de crise, prevenindo o fechamento, cortes de empregos e atrasos em pagamentos.<\/p>\n<p>A recupera\u00e7\u00e3o judicial \u00e9 uma \u00faltima alternativa para empresas que est\u00e3o com as contas desequilibradas evitarem a fal\u00eancia, explica o advogado e S\u00f3cio Diretor da Nelson Wilians Advogados, S\u00e9rgio Vieira.<\/p>\n<p>\u201cSeu objetivo essencial \u00e9 a elabora\u00e7\u00e3o de um plano de recupera\u00e7\u00e3o vi\u00e1vel, demonstrando aos credores que a empresa tem a capacidade de se reerguer, mediante a renegocia\u00e7\u00e3o de seus d\u00e9bitos\u201d.<\/p>\n<p>\u201cUma das implica\u00e7\u00f5es centrais da aprova\u00e7\u00e3o do plano de recupera\u00e7\u00e3o \u00e9 a suspens\u00e3o da maior parte das obriga\u00e7\u00f5es financeiras da empresa, ou seja, o adiamento ou a interrup\u00e7\u00e3o dos pagamentos aos credores, permitindo que a empresa direcione seus recursos para funcion\u00e1rios, impostos e mat\u00e9ria-prima, fundamentais para a continuidade do neg\u00f3cio\u201d.<\/p>\n<p><strong>Qualquer empresa pode solicitar a Recupera\u00e7\u00e3o Judicial?<\/strong><\/p>\n<p>\u201cA recupera\u00e7\u00e3o judicial n\u00e3o \u00e9 aberta a todas as sociedades empresariais, por exemplo, empresas p\u00fablicas, sociedades de economia mista, institui\u00e7\u00f5es financeiras, sociedades seguradoras, entre outros, n\u00e3o podem utilizar o recurso\u201d Explica S\u00e9rgio Vieira.<\/p>\n<p><strong>Como \u00e9 feita a Recupera\u00e7\u00e3o Judicial?<\/strong><\/p>\n<p>\u201cAs empresas com d\u00edvidas que se enquadram para o pedido de Recupera\u00e7\u00e3o Judicial precisam contar com a representa\u00e7\u00e3o de um advogado para os tr\u00e2mites legais. A princ\u00edpio ser\u00e1 necess\u00e1rio um pedido em ju\u00edzo que deve conter alguns itens espec\u00edficos como extratos banc\u00e1rios, plano de recupera\u00e7\u00e3o, rela\u00e7\u00e3o de bens da empresa e s\u00f3cios, entre outros\u201d.<\/p>\n<p>\u201cAssim que for aceita a proposta, \u00e9 nomeado um administrador judicial para p\u00f4r o plano de recupera\u00e7\u00e3o em pr\u00e1tica e fiscalizar a sua execu\u00e7\u00e3o. Os d\u00e9bitos s\u00e3o renegociados com base no fluxo de caixa da empresa. A Recupera\u00e7\u00e3o Judicial deve durar, no m\u00e1ximo, dois anos, no entanto, na pr\u00e1tica ela pode ser estendida via autoriza\u00e7\u00e3o judicial\u201d Afirma.<\/p>\n<p><strong>Sobre S\u00e9rgio Vieira<\/strong><\/p>\n<p>Sergio Rodrigo Russo Vieira tem 38 anos (S\u00e3o Paulo em junho de 1983). Formado em Direito em 2006 na Universidade Salvador, assumiu o cargo de S\u00f3cio Diretor do escrit\u00f3rio Nelson Wilians Advogados em Manaus, que \u00e9 atualmente \u00e9 o maior escrit\u00f3rio do pa\u00eds e conta com filiais em todos os Estados da Federa\u00e7\u00e3o, empregando cerca de 2.000 colaboradores e com 450.000 processos ativos em sua base.<\/p>\n<\/div>\n<\/div>\n<div class=\"e-mailit_toolbox circular  size48\">\n<div class=\"e-mailit_btn_EMAILiT\"><\/div>\n<\/div>\n","protected":false},"excerpt":{"rendered":"<p>De acordo com o advogado e S\u00f3cio Diretor da Nelson Wilians Advogados, S\u00e9rgio Vieira, o processo de Recupera\u00e7\u00e3o Judicial \u00e9 uma \u00faltima alternativa para empresas \u00e0 beira da fal\u00eancia Na \u00faltima sexta-feira, 18, a empresa de viagens a\u00e9reas 123 Milhas cancelou pacotes e emiss\u00f5es de passagens da sua linha promocional e afirmou que os consumidores [&hellip;]<\/p>\n","protected":false},"author":2,"featured_media":12213,"comment_status":"open","ping_status":"open","sticky":false,"template":"","format":"standard","meta":{"_jetpack_memberships_contains_paid_content":false,"_joinchat":[],"footnotes":""},"categories":[51,57,60],"tags":[8507],"featured_image_src":{"landsacpe":["https:\/\/revistaempresarios.net\/web\/wp-content\/uploads\/2023\/09\/051362f1a38dca6933c12b28fd62ad76_XL-1140x445.jpg",1140,445,true],"list":["https:\/\/revistaempresarios.net\/web\/wp-content\/uploads\/2023\/09\/051362f1a38dca6933c12b28fd62ad76_XL-463x348.jpg",463,348,true],"medium":["https:\/\/revistaempresarios.net\/web\/wp-content\/uploads\/2023\/09\/051362f1a38dca6933c12b28fd62ad76_XL-300x171.jpg",300,171,true],"full":["https:\/\/revistaempresarios.net\/web\/wp-content\/uploads\/2023\/09\/051362f1a38dca6933c12b28fd62ad76_XL.jpg",1220,697,false]},"jetpack_sharing_enabled":true,"jetpack_featured_media_url":"https:\/\/revistaempresarios.net\/web\/wp-content\/uploads\/2023\/09\/051362f1a38dca6933c12b28fd62ad76_XL.jpg","jetpack-related-posts":[],"_links":{"self":[{"href":"https:\/\/revistaempresarios.net\/web\/wp-json\/wp\/v2\/posts\/12212"}],"collection":[{"href":"https:\/\/revistaempresarios.net\/web\/wp-json\/wp\/v2\/posts"}],"about":[{"href":"https:\/\/revistaempresarios.net\/web\/wp-json\/wp\/v2\/types\/post"}],"author":[{"embeddable":true,"href":"https:\/\/revistaempresarios.net\/web\/wp-json\/wp\/v2\/users\/2"}],"replies":[{"embeddable":true,"href":"https:\/\/revistaempresarios.net\/web\/wp-json\/wp\/v2\/comments?post=12212"}],"version-history":[{"count":1,"href":"https:\/\/revistaempresarios.net\/web\/wp-json\/wp\/v2\/posts\/12212\/revisions"}],"predecessor-version":[{"id":12214,"href":"https:\/\/revistaempresarios.net\/web\/wp-json\/wp\/v2\/posts\/12212\/revisions\/12214"}],"wp:featuredmedia":[{"embeddable":true,"href":"https:\/\/revistaempresarios.net\/web\/wp-json\/wp\/v2\/media\/12213"}],"wp:attachment":[{"href":"https:\/\/revistaempresarios.net\/web\/wp-json\/wp\/v2\/media?parent=12212"}],"wp:term":[{"taxonomy":"category","embeddable":true,"href":"https:\/\/revistaempresarios.net\/web\/wp-json\/wp\/v2\/categories?post=12212"},{"taxonomy":"post_tag","embeddable":true,"href":"https:\/\/revistaempresarios.net\/web\/wp-json\/wp\/v2\/tags?post=12212"}],"curies":[{"name":"wp","href":"https:\/\/api.w.org\/{rel}","templated":true}]}}