{"id":12191,"date":"2023-09-05T08:49:14","date_gmt":"2023-09-05T11:49:14","guid":{"rendered":"https:\/\/revistaempresarios.net\/web\/?p=12191"},"modified":"2023-09-05T08:49:14","modified_gmt":"2023-09-05T11:49:14","slug":"bradesco-vida-e-previdencia-promove-encontro-comercial-em-campinas","status":"publish","type":"post","link":"https:\/\/revistaempresarios.net\/web\/2023\/09\/05\/bradesco-vida-e-previdencia-promove-encontro-comercial-em-campinas\/","title":{"rendered":"Bradesco Vida e Previd\u00eancia promove encontro comercial em Campinas"},"content":{"rendered":"<div class=\"itemBody\">\n<div class=\"itemIntroText\">\n<p>Companhia reuniu corretores, assessorias e representantes de entidades da regi\u00e3o<\/p>\n<\/div>\n<div class=\"itemFullText\">\n<p>\u00a0A Bradesco Vida e Previd\u00eancia realizou na sexta (1\u00ba), em Campinas (SP), o BVP ConVida + Prev, um encontro comercial que visa aproximar cada vez mais a companhia das equipes de corretores espalhadas pelo Brasil. Durante o evento, foram apresentados, aos cerca de cem participantes, as atualiza\u00e7\u00f5es do Projeto Bravo, al\u00e9m de outras novidades focadas exclusivamente para as equipes de vendas parceiras.<\/p>\n<p>O diretor Comercial da Bradesco Vida e Previd\u00eancia, Jos\u00e9 Pires, conduziu o encontro e ressaltou a relev\u00e2ncia estrat\u00e9gica de Campinas e regi\u00e3o para a institui\u00e7\u00e3o, j\u00e1 que a cidade foi uma das primeiras localidades a receber a iniciativa. Na sequ\u00eancia, destacou a import\u00e2ncia do relacionamento da equipe comercial com os corretores e demais parceiros. \u201cA Bradesco Vida e Previd\u00eancia, assim como todas as empresas do Grupo Bradesco Seguros, valoriza muito os corretores, pois entendemos que eles s\u00e3o fundamentais para o sucesso do nosso neg\u00f3cio. Eventos como esse nos d\u00e3o a possibilidade de, n\u00e3o s\u00f3 disseminar as nossas a\u00e7\u00f5es internas, mas, principalmente, de ouvir as necessidades dos nossos parceiros e aperfei\u00e7oar o nosso trabalho\u201d, ressaltou.<\/p>\n<p>Al\u00e9m de Jos\u00e9 Pires, estiveram presentes ao evento, pela Bradesco Vida e Previd\u00eancia, os superintendentes Alex Queiroz, Anderson Mundim e Maurilio Cec\u00edlio, a superintendente Comercial Let\u00edcia Bonaretti e os gerentes Comerciais Rita Pavan, Juliani Camozzi e Marcos Camargo. O evento tamb\u00e9m reuniu profissionais de munic\u00edpios vizinhos, como Sorocaba, Piracicaba, S\u00e3o Jos\u00e9 dos Campos e Jundia\u00ed, e representantes do Sincor-SP.<\/p>\n<p><strong>Sobre a Bradesco Vida e Previd\u00eancia<\/strong><\/p>\n<p>A Bradesco Vida e Previd\u00eancia, empresa do Grupo Bradesco Seguros, atua h\u00e1 mais de quatro d\u00e9cadas no pa\u00eds, protegendo participantes de planos de Previd\u00eancia e VGBL e segurados de Vida e Acidentes Pessoais. No segmento de Seguro de Vida e Acidentes Pessoais, do qual \u00e9 l\u00edder de mercado, oferece uma ampla gama de produtos com coberturas para diversas situa\u00e7\u00f5es, incluindo doen\u00e7as graves e perda de renda por desemprego involunt\u00e1rio, al\u00e9m de assist\u00eancias personalizadas<\/p>\n<\/div>\n<\/div>\n<div class=\"e-mailit_toolbox circular  size48\">\n<div class=\"e-mailit_btn_EMAILiT\"><\/div>\n<\/div>\n","protected":false},"excerpt":{"rendered":"<p>Companhia reuniu corretores, assessorias e representantes de entidades da regi\u00e3o \u00a0A Bradesco Vida e Previd\u00eancia realizou na sexta (1\u00ba), em Campinas (SP), o BVP ConVida + Prev, um encontro comercial que visa aproximar cada vez mais a companhia das equipes de corretores espalhadas pelo Brasil. Durante o evento, foram apresentados, aos cerca de cem participantes, [&hellip;]<\/p>\n","protected":false},"author":2,"featured_media":12192,"comment_status":"open","ping_status":"open","sticky":false,"template":"","format":"standard","meta":{"_jetpack_memberships_contains_paid_content":false,"footnotes":""},"categories":[51,54,56,58,60],"tags":[8502],"featured_image_src":{"landsacpe":["https:\/\/revistaempresarios.net\/web\/wp-content\/uploads\/2023\/09\/32a3248553d9f22548824dc73c22c487_XL-1140x445.jpg",1140,445,true],"list":["https:\/\/revistaempresarios.net\/web\/wp-content\/uploads\/2023\/09\/32a3248553d9f22548824dc73c22c487_XL-463x348.jpg",463,348,true],"medium":["https:\/\/revistaempresarios.net\/web\/wp-content\/uploads\/2023\/09\/32a3248553d9f22548824dc73c22c487_XL-300x225.jpg",300,225,true],"full":["https:\/\/revistaempresarios.net\/web\/wp-content\/uploads\/2023\/09\/32a3248553d9f22548824dc73c22c487_XL.jpg",1220,915,false]},"jetpack_sharing_enabled":true,"jetpack_featured_media_url":"https:\/\/revistaempresarios.net\/web\/wp-content\/uploads\/2023\/09\/32a3248553d9f22548824dc73c22c487_XL.jpg","jetpack-related-posts":[],"_links":{"self":[{"href":"https:\/\/revistaempresarios.net\/web\/wp-json\/wp\/v2\/posts\/12191"}],"collection":[{"href":"https:\/\/revistaempresarios.net\/web\/wp-json\/wp\/v2\/posts"}],"about":[{"href":"https:\/\/revistaempresarios.net\/web\/wp-json\/wp\/v2\/types\/post"}],"author":[{"embeddable":true,"href":"https:\/\/revistaempresarios.net\/web\/wp-json\/wp\/v2\/users\/2"}],"replies":[{"embeddable":true,"href":"https:\/\/revistaempresarios.net\/web\/wp-json\/wp\/v2\/comments?post=12191"}],"version-history":[{"count":1,"href":"https:\/\/revistaempresarios.net\/web\/wp-json\/wp\/v2\/posts\/12191\/revisions"}],"predecessor-version":[{"id":12193,"href":"https:\/\/revistaempresarios.net\/web\/wp-json\/wp\/v2\/posts\/12191\/revisions\/12193"}],"wp:featuredmedia":[{"embeddable":true,"href":"https:\/\/revistaempresarios.net\/web\/wp-json\/wp\/v2\/media\/12192"}],"wp:attachment":[{"href":"https:\/\/revistaempresarios.net\/web\/wp-json\/wp\/v2\/media?parent=12191"}],"wp:term":[{"taxonomy":"category","embeddable":true,"href":"https:\/\/revistaempresarios.net\/web\/wp-json\/wp\/v2\/categories?post=12191"},{"taxonomy":"post_tag","embeddable":true,"href":"https:\/\/revistaempresarios.net\/web\/wp-json\/wp\/v2\/tags?post=12191"}],"curies":[{"name":"wp","href":"https:\/\/api.w.org\/{rel}","templated":true}]}}