{"id":12188,"date":"2023-09-05T08:42:54","date_gmt":"2023-09-05T11:42:54","guid":{"rendered":"https:\/\/revistaempresarios.net\/web\/?p=12188"},"modified":"2023-09-05T08:42:54","modified_gmt":"2023-09-05T11:42:54","slug":"iniciativa-da-vli-que-amplia-seguranca-das-pessoas-no-tiplam-e-premiada","status":"publish","type":"post","link":"https:\/\/revistaempresarios.net\/web\/2023\/09\/05\/iniciativa-da-vli-que-amplia-seguranca-das-pessoas-no-tiplam-e-premiada\/","title":{"rendered":"Iniciativa da VLI que amplia seguran\u00e7a das pessoas no Tiplam \u00e9 premiada"},"content":{"rendered":"<div class=\"itemBody\">\n<div class=\"itemIntroText\">\n<p>A solu\u00e7\u00e3o Prote\u00e7\u00e3o \u00e0 Vida recebeu o Pr\u00eamio &#8211; Destaque Inova\u00e7\u00e3o e Tecnologia 2023 da Aberimest<\/p>\n<\/div>\n<div class=\"itemFullText\">\n<p>A iniciativa da VLI \u2013 companhia de solu\u00e7\u00f5es log\u00edsticas que opera terminais, ferrovias e portos \u2013, conhecida como Prote\u00e7\u00e3o \u00e0 Vida, implantada no in\u00edcio deste m\u00eas de agosto, no Terminal Integrador Portu\u00e1rio Luiz Antonio Mesquita (Tiplam) localizado na Baixada Santista, em S\u00e3o Paulo, para ampliar o patamar de seguran\u00e7a de todas as pessoas que estiverem em suas depend\u00eancias recebeu o Pr\u00eamio &#8211; Destaque Inova\u00e7\u00e3o e Tecnologia 2023 da Associa\u00e7\u00e3o Brasileira das Empresas e Profissionais de Engenharia das Comunica\u00e7\u00f5es e Infraestrutura (Aberimest).<\/p>\n<p>A premia\u00e7\u00e3o foi realizada na noite dessa segunda-feira (28), em S\u00e3o Paulo, durante o Global Smart Summit 5G Tech, encontro realizado pela Aberimest em comemora\u00e7\u00e3o de seus 41 anos no evento, que contou com a presen\u00e7a de diversos convidados, entre representantes do setor de Engenharia de Infraestrutura das Comunica\u00e7\u00f5es nacional e internacional, al\u00e9m de autoridades p\u00fablicas e privadas.<\/p>\n<p>A solu\u00e7\u00e3o, que j\u00e1 \u00e9 reconhecida por ser inovadora, \u00e9 usada por cerca de 600 pessoas por dia no Tiplam, entre empregados da empresa, bombeiros, brigadistas, terceiros de diversas \u00e1reas, tripula\u00e7\u00e3o, caminhoneiros e visitantes. Trata-se de uma solu\u00e7\u00e3o de Internet of Thinks (Iot) \u2013 internet das coisas \u2013, composta por plataforma web, dispositivos de rastreamento e aplicativo m\u00f3vel.<\/p>\n<p>A Prote\u00e7\u00e3o \u00e0 Vida faz controle de acesso em \u00e1reas cr\u00edticas; gera alarmes de incid\u00eancia de raios, chuvas, ventos fortes e abandono de \u00e1rea; permite aos usu\u00e1rios informar situa\u00e7\u00f5es de emerg\u00eancia ao Centro de Controle de Seguran\u00e7a (CCS); alerta os usu\u00e1rios sobre o uso de equipamentos de prote\u00e7\u00e3o individual (EPIs) de acordo com \u00e1reas de risco; gerencia indicadores de seguran\u00e7a do trabalho; conecta outros dispositivos para controle de viola\u00e7\u00e3o de abrigo de inc\u00eandio, afastamento de m\u00e1scara de fuga e outros.<\/p>\n<p>Segundo o gerente-geral de Opera\u00e7\u00f5es do Sistema Sudeste da VLI, Denilson Fernandes, o pr\u00eamio concedido pela Aberimest representa o reconhecimento a uma iniciativa que est\u00e1 diretamente ligada aos valores da companhia. \u201cIsso porque o objetivo da solu\u00e7\u00e3o \u00e9 proteger as pessoas, potencializando nosso cuidado genu\u00edno. Promover a seguran\u00e7a e o bem-estar de todos \u00e9 nossa prioridade\u201d, frisa.<\/p>\n<p><strong>Sobre a VLI<\/strong><\/p>\n<p>A VLI tem o compromisso de apoiar a transforma\u00e7\u00e3o da log\u00edstica no pa\u00eds, por meio da integra\u00e7\u00e3o de servi\u00e7os em portos, ferrovias e terminais. A empresa engloba as ferrovias Norte Sul (FNS) e Centro-Atl\u00e2ntica (FCA), al\u00e9m de terminais intermodais, que unem o carregamento e o descarregamento de produtos ao transporte ferrovi\u00e1rio, e terminais portu\u00e1rios situados em eixos estrat\u00e9gicos da costa brasileira, tais como em Santos (SP), S\u00e3o Lu\u00eds (MA) e Vit\u00f3ria (ES). Por quatro anos consecutivos entre as tr\u00eas companhias mais inovadoras do setor de Transporte e Log\u00edstica no ranking do Valor Inova\u00e7\u00e3o, a VLI transporta as riquezas do Brasil por rotas que passam pelas regi\u00f5es Norte, Nordeste, Sudeste e Centro-Oeste.<\/p>\n<\/div>\n<\/div>\n<div class=\"e-mailit_toolbox circular  size48\">\n<div class=\"e-mailit_btn_EMAILiT\"><\/div>\n<\/div>\n","protected":false},"excerpt":{"rendered":"<p>A solu\u00e7\u00e3o Prote\u00e7\u00e3o \u00e0 Vida recebeu o Pr\u00eamio &#8211; Destaque Inova\u00e7\u00e3o e Tecnologia 2023 da Aberimest A iniciativa da VLI \u2013 companhia de solu\u00e7\u00f5es log\u00edsticas que opera terminais, ferrovias e portos \u2013, conhecida como Prote\u00e7\u00e3o \u00e0 Vida, implantada no in\u00edcio deste m\u00eas de agosto, no Terminal Integrador Portu\u00e1rio Luiz Antonio Mesquita (Tiplam) localizado na Baixada [&hellip;]<\/p>\n","protected":false},"author":2,"featured_media":12189,"comment_status":"open","ping_status":"open","sticky":false,"template":"","format":"standard","meta":{"_jetpack_memberships_contains_paid_content":false,"footnotes":""},"categories":[53,56,61],"tags":[8501],"featured_image_src":{"landsacpe":["https:\/\/revistaempresarios.net\/web\/wp-content\/uploads\/2023\/09\/c9bbb2bcfdf046ceab83f7aefb5b1c44_XL-1140x445.jpg",1140,445,true],"list":["https:\/\/revistaempresarios.net\/web\/wp-content\/uploads\/2023\/09\/c9bbb2bcfdf046ceab83f7aefb5b1c44_XL-463x348.jpg",463,348,true],"medium":["https:\/\/revistaempresarios.net\/web\/wp-content\/uploads\/2023\/09\/c9bbb2bcfdf046ceab83f7aefb5b1c44_XL-300x169.jpg",300,169,true],"full":["https:\/\/revistaempresarios.net\/web\/wp-content\/uploads\/2023\/09\/c9bbb2bcfdf046ceab83f7aefb5b1c44_XL.jpg",1220,686,false]},"jetpack_sharing_enabled":true,"jetpack_featured_media_url":"https:\/\/revistaempresarios.net\/web\/wp-content\/uploads\/2023\/09\/c9bbb2bcfdf046ceab83f7aefb5b1c44_XL.jpg","jetpack-related-posts":[],"_links":{"self":[{"href":"https:\/\/revistaempresarios.net\/web\/wp-json\/wp\/v2\/posts\/12188"}],"collection":[{"href":"https:\/\/revistaempresarios.net\/web\/wp-json\/wp\/v2\/posts"}],"about":[{"href":"https:\/\/revistaempresarios.net\/web\/wp-json\/wp\/v2\/types\/post"}],"author":[{"embeddable":true,"href":"https:\/\/revistaempresarios.net\/web\/wp-json\/wp\/v2\/users\/2"}],"replies":[{"embeddable":true,"href":"https:\/\/revistaempresarios.net\/web\/wp-json\/wp\/v2\/comments?post=12188"}],"version-history":[{"count":1,"href":"https:\/\/revistaempresarios.net\/web\/wp-json\/wp\/v2\/posts\/12188\/revisions"}],"predecessor-version":[{"id":12190,"href":"https:\/\/revistaempresarios.net\/web\/wp-json\/wp\/v2\/posts\/12188\/revisions\/12190"}],"wp:featuredmedia":[{"embeddable":true,"href":"https:\/\/revistaempresarios.net\/web\/wp-json\/wp\/v2\/media\/12189"}],"wp:attachment":[{"href":"https:\/\/revistaempresarios.net\/web\/wp-json\/wp\/v2\/media?parent=12188"}],"wp:term":[{"taxonomy":"category","embeddable":true,"href":"https:\/\/revistaempresarios.net\/web\/wp-json\/wp\/v2\/categories?post=12188"},{"taxonomy":"post_tag","embeddable":true,"href":"https:\/\/revistaempresarios.net\/web\/wp-json\/wp\/v2\/tags?post=12188"}],"curies":[{"name":"wp","href":"https:\/\/api.w.org\/{rel}","templated":true}]}}