{"id":12107,"date":"2023-09-01T15:11:43","date_gmt":"2023-09-01T18:11:43","guid":{"rendered":"https:\/\/revistaempresarios.net\/web\/?p=12107"},"modified":"2023-09-01T15:11:43","modified_gmt":"2023-09-01T18:11:43","slug":"no-ceara-grupo-gerardo-bastos-investe-2-milhoes-em-oficinas-de-shopping-centers-e-gera-mais-100-empregos-diretos-e-indiretos","status":"publish","type":"post","link":"https:\/\/revistaempresarios.net\/web\/2023\/09\/01\/no-ceara-grupo-gerardo-bastos-investe-2-milhoes-em-oficinas-de-shopping-centers-e-gera-mais-100-empregos-diretos-e-indiretos\/","title":{"rendered":"No Cear\u00e1, Grupo Gerardo Bastos investe 2 milh\u00f5es em oficinas de shopping centers e gera mais 100 empregos diretos e indiretos"},"content":{"rendered":"<div>\n<p dir=\"ltr\">Uma das principais refer\u00eancias em servi\u00e7os mec\u00e2nicos no Nordeste, o Grupo Gerardo Bastos est\u00e1 empenhado em ampliar sua abrang\u00eancia, visando atender a todas as \u00e1reas-chave do Cear\u00e1. Como parte dessa miss\u00e3o, a rede est\u00e1 expandindo suas opera\u00e7\u00f5es para as demais regi\u00f5es de Fortaleza, proporcionando um alcance mais amplo e acess\u00edvel, inaugurando sua unidade no Shopping J\u00f3quei, na \u00faltima sexta-feira (25).<\/p>\n<p dir=\"ltr\">Al\u00e9m desse empreendimento de destaque no Shopping J\u00f3quei, o grupo est\u00e1 com data marcada para a abertura da primeira loja na regi\u00e3o metropolitana, situada no Shopping Terrazo, que ser\u00e1 em setembro. O investimento total para ambas as iniciativas ultrapassou a marca dos R$ 2 milh\u00f5es, resultando na cria\u00e7\u00e3o de mais de 100 empregos diretos\u00a0e indiretos.<\/p>\n<p dir=\"ltr\">Essa nova localiza\u00e7\u00e3o ir\u00e1 oferecer aos residentes das proximidades todas as inova\u00e7\u00f5es tecnol\u00f3gicas e vantagens j\u00e1 presentes nas renomadas lojas do Shopping, localizadas no RioMar Fortaleza e no Riomar Kennedy.<\/p>\n<p dir=\"ltr\">Leonardo Ara\u00fajo, diretor comercial do Grupo Gerardo Bastos, compartilha os planos ambiciosos: &#8220;Nossa vis\u00e3o envolve estabelecer uma presen\u00e7a da Gerardo Bastos em cada local do estado. Na capital, j\u00e1 englobamos praticamente toda a regi\u00e3o e estamos tra\u00e7ando expans\u00f5es para \u00e1reas interiores.&#8221;<\/p>\n<p dir=\"ltr\">Os empreendimentos se destacam pelo emprego de equipamentos de ponta, visando oferecer servi\u00e7os de excel\u00eancia no mercado. As unidades sobressaem-se ao proporcionar um ambiente acolhedor e pr\u00e1tico para aqueles em busca de servi\u00e7os mec\u00e2nicos, eliminando as longas esperas e disponibilizando hor\u00e1rios flex\u00edveis, em sintonia com as necessidades do p\u00fablico.<\/p>\n<\/div>\n","protected":false},"excerpt":{"rendered":"<p>Uma das principais refer\u00eancias em servi\u00e7os mec\u00e2nicos no Nordeste, o Grupo Gerardo Bastos est\u00e1 empenhado em ampliar sua abrang\u00eancia, visando atender a todas as \u00e1reas-chave do Cear\u00e1. Como parte dessa miss\u00e3o, a rede est\u00e1 expandindo suas opera\u00e7\u00f5es para as demais regi\u00f5es de Fortaleza, proporcionando um alcance mais amplo e acess\u00edvel, inaugurando sua unidade no Shopping [&hellip;]<\/p>\n","protected":false},"author":2,"featured_media":12108,"comment_status":"open","ping_status":"open","sticky":false,"template":"","format":"standard","meta":{"_jetpack_memberships_contains_paid_content":false,"footnotes":""},"categories":[51,54,56,60],"tags":[8479,8478],"featured_image_src":{"landsacpe":["https:\/\/revistaempresarios.net\/web\/wp-content\/uploads\/2023\/09\/img_1036-1140x445.webp",1140,445,true],"list":["https:\/\/revistaempresarios.net\/web\/wp-content\/uploads\/2023\/09\/img_1036-463x348.webp",463,348,true],"medium":["https:\/\/revistaempresarios.net\/web\/wp-content\/uploads\/2023\/09\/img_1036-300x225.webp",300,225,true],"full":["https:\/\/revistaempresarios.net\/web\/wp-content\/uploads\/2023\/09\/img_1036.webp",1600,1200,false]},"jetpack_sharing_enabled":true,"jetpack_featured_media_url":"https:\/\/revistaempresarios.net\/web\/wp-content\/uploads\/2023\/09\/img_1036.webp","jetpack-related-posts":[],"_links":{"self":[{"href":"https:\/\/revistaempresarios.net\/web\/wp-json\/wp\/v2\/posts\/12107"}],"collection":[{"href":"https:\/\/revistaempresarios.net\/web\/wp-json\/wp\/v2\/posts"}],"about":[{"href":"https:\/\/revistaempresarios.net\/web\/wp-json\/wp\/v2\/types\/post"}],"author":[{"embeddable":true,"href":"https:\/\/revistaempresarios.net\/web\/wp-json\/wp\/v2\/users\/2"}],"replies":[{"embeddable":true,"href":"https:\/\/revistaempresarios.net\/web\/wp-json\/wp\/v2\/comments?post=12107"}],"version-history":[{"count":1,"href":"https:\/\/revistaempresarios.net\/web\/wp-json\/wp\/v2\/posts\/12107\/revisions"}],"predecessor-version":[{"id":12109,"href":"https:\/\/revistaempresarios.net\/web\/wp-json\/wp\/v2\/posts\/12107\/revisions\/12109"}],"wp:featuredmedia":[{"embeddable":true,"href":"https:\/\/revistaempresarios.net\/web\/wp-json\/wp\/v2\/media\/12108"}],"wp:attachment":[{"href":"https:\/\/revistaempresarios.net\/web\/wp-json\/wp\/v2\/media?parent=12107"}],"wp:term":[{"taxonomy":"category","embeddable":true,"href":"https:\/\/revistaempresarios.net\/web\/wp-json\/wp\/v2\/categories?post=12107"},{"taxonomy":"post_tag","embeddable":true,"href":"https:\/\/revistaempresarios.net\/web\/wp-json\/wp\/v2\/tags?post=12107"}],"curies":[{"name":"wp","href":"https:\/\/api.w.org\/{rel}","templated":true}]}}