{"id":12043,"date":"2023-08-30T17:02:01","date_gmt":"2023-08-30T20:02:01","guid":{"rendered":"https:\/\/revistaempresarios.net\/web\/?p=12043"},"modified":"2023-08-30T17:02:01","modified_gmt":"2023-08-30T20:02:01","slug":"empreendedorismo-na-pele-fisioterapeuta-fatura-milhoes-com-tratamento-de-estrias","status":"publish","type":"post","link":"https:\/\/revistaempresarios.net\/web\/2023\/08\/30\/empreendedorismo-na-pele-fisioterapeuta-fatura-milhoes-com-tratamento-de-estrias\/","title":{"rendered":"Empreendedorismo na pele: Fisioterapeuta fatura milh\u00f5es com tratamento de estrias"},"content":{"rendered":"<p class=\"fst-italic text-center\">M\u00e9todo Barbara Aguiar habilita profissionais da \u00e1rea da sa\u00fade e est\u00e9tica no Brasil e pa\u00edses do exterior<\/p>\n<div>\n<p>A paix\u00e3o pelo empreendedorismo e o sonho do neg\u00f3cio pr\u00f3prio sempre estiveram presentes na vida da paulista Barbara Aguiar. Hoje, aos 34 anos, a fisioterapeuta que projeta um faturamento de quase 4 milh\u00f5es para 2023, celebra o sucesso da sua cl\u00ednica, do m\u00e9todo que criou para o tratamento de estrias e de transformar a vida das pessoas compartilhando sua t\u00e9cnica com profissionais de sa\u00fade e est\u00e9tica atrav\u00e9s de seu curso.<\/p>\n<p>Antes de abrir a sua cl\u00ednica, Barbara j\u00e1 havia empreendido durante a faculdade. Nesse per\u00edodo, a jovem comprava utens\u00edlios de uma empresa de com\u00e9rcio eletr\u00f4nico americana, como capas de celular, acess\u00f3rios e as revendia, experi\u00eancia que narra como uma no\u00e7\u00e3o inicial no mundo dos neg\u00f3cios. Tamb\u00e9m atuou na \u00e1rea de venda direta de cosm\u00e9ticos, tornando-se uma consultora premiada.<\/p>\n<p>\u201cVenho de uma fam\u00edlia com esp\u00edrito empreendedor, onde tive a oportunidade de aprender com eles ao longo dos anos. Essa influ\u00eancia foi fundamental para adquirir as habilidades que me impulsionaram a seguir o caminho que estou trilhando hoje. Depois de me formar na faculdade, decidi dar um passo adiante e realizar o sonho de abrir a minha pr\u00f3pria cl\u00ednica\u201d, relembra Barbara.<\/p>\n<p>Formada em Fisioterapia e Medicina tradicional Chinesa Sist\u00eamica e Est\u00e9tica e p\u00f3s-graduada em Est\u00e9tica e Cosmetologia, Barbara despertou seu interesse pelo estudo dos \u00f3rg\u00e3os e sistemas humanos. No ano de 2013, ap\u00f3s perceber que havia uma lacuna no mercado para o tratamento de estrias, desenvolveu o m\u00e9todo Barbara Aguiar, t\u00e9cnica inovadora que remove toda a primeira camada de pele para fazer a substitui\u00e7\u00e3o por um novo tecido.<\/p>\n<p>\u201cO M\u00e9todo Barbara Aguiar utiliza uma combina\u00e7\u00e3o de agulhas para restaura\u00e7\u00e3o tecidual, cosm\u00e9ticos e suplementos alimentares, sendo indolor, podendo chegar a resultados de at\u00e9 100% de recupera\u00e7\u00e3o da pele estriada sem causar danos ao tecido \u00edntegro. Foi quando vi o quanto poderia mudar a vida das pessoas\u201d, detalha.<\/p>\n<p>Al\u00e9m do sucesso h\u00e1 mais de 10 anos no tratamento das estrias, a empreendedora ministra curso de extens\u00e3o universit\u00e1ria reconhecido pelo MEC e j\u00e1 habilitou mais de 300 profissionais de sa\u00fade e est\u00e9tica no Brasil, Estados Unidos, Austr\u00e1lia, Canad\u00e1, Portugal, Nova Zel\u00e2ndia e Su\u00ed\u00e7a.<\/p>\n<p>\u201cCom dedica\u00e7\u00e3o, muito estudo e paix\u00e3o pelo que fa\u00e7o, estou orgulhosa de como o meu neg\u00f3cio tem crescido e como tenho contribu\u00eddo para melhorar a autoestima e a confian\u00e7a das pessoas, ajudando-as a se sentirem bem em sua pr\u00f3pria apar\u00eancia. O sucesso do meu empreendimento \u00e9 fruto desse esfor\u00e7o cont\u00ednuo onde alcan\u00e7o resultados efetivos e satisfat\u00f3rios dos meus pacientes al\u00e9m da transforma\u00e7\u00e3o da vida das pessoas que fazem meu curso. Esses s\u00e3o fatores decisivos para construir uma s\u00f3lida reputa\u00e7\u00e3o no setor\u201d, finaliza Barbara.<\/p>\n<p>&nbsp;<\/p>\n<p><strong>Sobre Barbara Aguiar:<\/strong><\/p>\n<p>Criadora do \u201cM\u00e9todo Barbara Aguiar\u201d para remo\u00e7\u00e3o definitiva de estrias.Barbara \u00e9 formada em Fisioterapia e Medicina Tradicional Chinesa Sist\u00eamica e Est\u00e9tica, e p\u00f3s-graduada em Est\u00e9tica e Cosmetologia. Sua carreira sempre foi impulsionada pelo desejo de aliviar o desconforto que as estrias causam na maioria das pessoas. Ao perceber a falta de tratamentos espec\u00edficos, Barbara decidiu embarcar em uma jornada de descoberta em busca de uma abordagem inovadora e revolucion\u00e1ria que pudesse minimizar o impacto negativo que a pele estriada tem sobre a autoestima dos pacientes.Em 2013, ela desenvolveu o m\u00e9todo que leva seu nome e que tem transformado a vida de mulheres e homens no Brasil e no mundo.Por ser um tratamento de restaura\u00e7\u00e3o tecidual, o destaque do m\u00e9todo \u00e9 sua capacidade de regenerar entre 70% a 100% da pele estriada, definitivamente, independentemente da cor e idade das estrias.Essa descoberta foi um ponto crucial na trajet\u00f3ria da especialista, que percebeu o imenso potencial transformador que essa t\u00e9cnica poderia ter na vida das pessoas que sofrem com estrias. Atualmente o \u201cM\u00e9todo Barbara Aguiar\u201d, curso de extens\u00e3o universit\u00e1ria reconhecido pelo MEC, j\u00e1 habilitou mais de 300 profissionais de sa\u00fade no Brasil e em pa\u00edses como Estados Unidos, Austr\u00e1lia, Canad\u00e1, Portugal, Nova Zel\u00e2ndia e Su\u00ed\u00e7a. Instagram:\u00a0@estriasbarbaraaguiar<\/p>\n<\/div>\n","protected":false},"excerpt":{"rendered":"<p>M\u00e9todo Barbara Aguiar habilita profissionais da \u00e1rea da sa\u00fade e est\u00e9tica no Brasil e pa\u00edses do exterior A paix\u00e3o pelo empreendedorismo e o sonho do neg\u00f3cio pr\u00f3prio sempre estiveram presentes na vida da paulista Barbara Aguiar. Hoje, aos 34 anos, a fisioterapeuta que projeta um faturamento de quase 4 milh\u00f5es para 2023, celebra o sucesso [&hellip;]<\/p>\n","protected":false},"author":2,"featured_media":12044,"comment_status":"open","ping_status":"open","sticky":false,"template":"","format":"standard","meta":{"_jetpack_memberships_contains_paid_content":false,"footnotes":""},"categories":[51,56,57,60],"tags":[8454],"featured_image_src":{"landsacpe":["https:\/\/revistaempresarios.net\/web\/wp-content\/uploads\/2023\/08\/66a7782cb93e340b74ca95d417c2d7ac_medium-300x445.jpg",300,445,true],"list":["https:\/\/revistaempresarios.net\/web\/wp-content\/uploads\/2023\/08\/66a7782cb93e340b74ca95d417c2d7ac_medium-300x348.jpg",300,348,true],"medium":["https:\/\/revistaempresarios.net\/web\/wp-content\/uploads\/2023\/08\/66a7782cb93e340b74ca95d417c2d7ac_medium-200x300.jpg",200,300,true],"full":["https:\/\/revistaempresarios.net\/web\/wp-content\/uploads\/2023\/08\/66a7782cb93e340b74ca95d417c2d7ac_medium.jpg",300,449,false]},"jetpack_sharing_enabled":true,"jetpack_featured_media_url":"https:\/\/revistaempresarios.net\/web\/wp-content\/uploads\/2023\/08\/66a7782cb93e340b74ca95d417c2d7ac_medium.jpg","jetpack-related-posts":[],"_links":{"self":[{"href":"https:\/\/revistaempresarios.net\/web\/wp-json\/wp\/v2\/posts\/12043"}],"collection":[{"href":"https:\/\/revistaempresarios.net\/web\/wp-json\/wp\/v2\/posts"}],"about":[{"href":"https:\/\/revistaempresarios.net\/web\/wp-json\/wp\/v2\/types\/post"}],"author":[{"embeddable":true,"href":"https:\/\/revistaempresarios.net\/web\/wp-json\/wp\/v2\/users\/2"}],"replies":[{"embeddable":true,"href":"https:\/\/revistaempresarios.net\/web\/wp-json\/wp\/v2\/comments?post=12043"}],"version-history":[{"count":1,"href":"https:\/\/revistaempresarios.net\/web\/wp-json\/wp\/v2\/posts\/12043\/revisions"}],"predecessor-version":[{"id":12045,"href":"https:\/\/revistaempresarios.net\/web\/wp-json\/wp\/v2\/posts\/12043\/revisions\/12045"}],"wp:featuredmedia":[{"embeddable":true,"href":"https:\/\/revistaempresarios.net\/web\/wp-json\/wp\/v2\/media\/12044"}],"wp:attachment":[{"href":"https:\/\/revistaempresarios.net\/web\/wp-json\/wp\/v2\/media?parent=12043"}],"wp:term":[{"taxonomy":"category","embeddable":true,"href":"https:\/\/revistaempresarios.net\/web\/wp-json\/wp\/v2\/categories?post=12043"},{"taxonomy":"post_tag","embeddable":true,"href":"https:\/\/revistaempresarios.net\/web\/wp-json\/wp\/v2\/tags?post=12043"}],"curies":[{"name":"wp","href":"https:\/\/api.w.org\/{rel}","templated":true}]}}