{"id":11978,"date":"2023-08-24T21:48:14","date_gmt":"2023-08-25T00:48:14","guid":{"rendered":"https:\/\/revistaempresarios.net\/web\/?p=11978"},"modified":"2023-08-24T21:48:14","modified_gmt":"2023-08-25T00:48:14","slug":"bel-guerra-lanca-livro-com-estrategias-para-empreendedores","status":"publish","type":"post","link":"https:\/\/revistaempresarios.net\/web\/2023\/08\/24\/bel-guerra-lanca-livro-com-estrategias-para-empreendedores\/","title":{"rendered":"Bel Guerra lan\u00e7a livro com estrat\u00e9gias para empreendedores"},"content":{"rendered":"<p class=\"fst-italic text-center\">Autora \u00e9 refer\u00eancia na \u00e1rea da beleza e atrav\u00e9s do livro inspira mulheres alcan\u00e7arem a autenticidade do seu neg\u00f3cio<\/p>\n<div>\n<p>Bel Guerra, biom\u00e9dica esteta e especialista em harmoniza\u00e7\u00e3o facial, lan\u00e7a o livro \u201cdo preto e branco ao colorido\u201d, pela Editora Novo S\u00e9culo. Atenta aos desafios do mundo dos neg\u00f3cios, a autora decide reunir em sua primeira autobiografia t\u00e9cnicas de empreendedorismo, desafios da sua trajet\u00f3ria e passos para que os profissionais da \u00e1rea encontrem a sua autenticidade.<\/p>\n<p>\u201cO livro conta muito mais do que a\u00a0 minha trajet\u00f3ria e sobre a minha carreira, ele foi feito, detalhe por detalhe, para fazer com que os profissionais da \u00e1rea se inspirem e sigam o caminho para encontrar a si mesmo e ter a coragem de ser quem s\u00e3o\u201d, comenta a autora.<\/p>\n<p>Formada em biomedicina desde 2018, no livro \u201cDo preto e branco ao colorido\u201d, a autora fala sobre os desafios que enfrentou at\u00e9 se tornar uma refer\u00eancia no ramo de harmoniza\u00e7\u00e3o facial, al\u00e9m de apresentar estrat\u00e9gias de gest\u00e3o, treinamento de equipe, marketing de diferencia\u00e7\u00e3o e gest\u00e3o financeira.<\/p>\n<p>Ao abra\u00e7ar seu lado empreendedor, ela conseguiu dar um salto naquilo que a empolgava: a mentoria para profissionais da est\u00e9tica. Atrav\u00e9s do seu posicionamento no mercado de harmoniza\u00e7\u00e3o facial, Bel Guerra construiu um ecossistema completo para a \u00e1rea da est\u00e9tica.<\/p>\n<p>Atualmente, a autora compartilha a sua rotina com 76 mil seguidores em sua conta no Instagram, possui duas cl\u00ednicas, sendo uma delas em S\u00e3o Paulo, uma escola com mais de 20 cursos e mentoria para mulheres, al\u00e9m de realizar o congresso BGExperience, que re\u00fane cerca de 2,5 mil pessoas por edi\u00e7\u00e3o.<\/p>\n<p><strong>Cruzando fronteiras<\/strong><strong><br \/>\n<\/strong><br \/>\nNascida em Dourados, Mato Grosso do Sul, a autora atualmente mora em Nova York e coordena o setor financeiro e o marketing das duas cl\u00ednicas, enquanto a sua equipe exerce as fun\u00e7\u00f5es de harmoniza\u00e7\u00e3o facial no Brasil.<\/p>\n<p>Nesse universo, Bel busca ampliar a vis\u00e3o das empreendedoras para enxergar que um neg\u00f3cio com t\u00e9cnicas estruturadas pode atravessar fronteiras. \u201cTenho uma equipe que atende no Brasil as minhas pacientes e as delas tamb\u00e9m. Antes de me mudar para Nova York, fui deixando pessoas no meu lugar para dar continuidade ao meu legado\u201d, explica.<\/p>\n<p>Aos 28 anos, a empreendedora afirma que tem uma miss\u00e3o muito clara: ajudar cada vez mais pessoas!<\/p>\n<p>O livro j\u00e1 est\u00e1 dispon\u00edvel para compra no site da editora.\u00a0 Para obter mais informa\u00e7\u00f5es acesse:\u00a0<a href=\"https:\/\/www.gruponovoseculo.com.br\/do-preto-e-branco-ao-colorido\">https:\/\/www.gruponovoseculo.com.br\/do-preto-e-branco-ao-colorido<\/a><\/p>\n<p>&nbsp;<\/p>\n<p><strong>Ficha t\u00e9cnica:<\/strong><\/p>\n<p><strong>Livro<\/strong>: Do preto e branco ao colorido<\/p>\n<p><strong>P\u00e1ginas<\/strong>: 192<\/p>\n<p><strong>Editora<\/strong>: NOVO S\u00c9CULO EDITORA<\/p>\n<p><strong>Valor<\/strong>: R$ 69,90<\/p>\n<\/div>\n<div class=\"text-center\">\n<div class=\"mt-5\"><\/div>\n<\/div>\n","protected":false},"excerpt":{"rendered":"<p>Autora \u00e9 refer\u00eancia na \u00e1rea da beleza e atrav\u00e9s do livro inspira mulheres alcan\u00e7arem a autenticidade do seu neg\u00f3cio Bel Guerra, biom\u00e9dica esteta e especialista em harmoniza\u00e7\u00e3o facial, lan\u00e7a o livro \u201cdo preto e branco ao colorido\u201d, pela Editora Novo S\u00e9culo. Atenta aos desafios do mundo dos neg\u00f3cios, a autora decide reunir em sua primeira [&hellip;]<\/p>\n","protected":false},"author":2,"featured_media":11979,"comment_status":"open","ping_status":"open","sticky":false,"template":"","format":"standard","meta":{"_jetpack_memberships_contains_paid_content":false,"footnotes":""},"categories":[51,56,57,60],"tags":[8425],"featured_image_src":{"landsacpe":["https:\/\/revistaempresarios.net\/web\/wp-content\/uploads\/2023\/08\/Bel-Guerra-lanca-livro-com-estrategias-para-empreendedores.jpg",454,392,false],"list":["https:\/\/revistaempresarios.net\/web\/wp-content\/uploads\/2023\/08\/Bel-Guerra-lanca-livro-com-estrategias-para-empreendedores-454x348.jpg",454,348,true],"medium":["https:\/\/revistaempresarios.net\/web\/wp-content\/uploads\/2023\/08\/Bel-Guerra-lanca-livro-com-estrategias-para-empreendedores-300x259.jpg",300,259,true],"full":["https:\/\/revistaempresarios.net\/web\/wp-content\/uploads\/2023\/08\/Bel-Guerra-lanca-livro-com-estrategias-para-empreendedores.jpg",454,392,false]},"jetpack_sharing_enabled":true,"jetpack_featured_media_url":"https:\/\/revistaempresarios.net\/web\/wp-content\/uploads\/2023\/08\/Bel-Guerra-lanca-livro-com-estrategias-para-empreendedores.jpg","jetpack-related-posts":[],"_links":{"self":[{"href":"https:\/\/revistaempresarios.net\/web\/wp-json\/wp\/v2\/posts\/11978"}],"collection":[{"href":"https:\/\/revistaempresarios.net\/web\/wp-json\/wp\/v2\/posts"}],"about":[{"href":"https:\/\/revistaempresarios.net\/web\/wp-json\/wp\/v2\/types\/post"}],"author":[{"embeddable":true,"href":"https:\/\/revistaempresarios.net\/web\/wp-json\/wp\/v2\/users\/2"}],"replies":[{"embeddable":true,"href":"https:\/\/revistaempresarios.net\/web\/wp-json\/wp\/v2\/comments?post=11978"}],"version-history":[{"count":1,"href":"https:\/\/revistaempresarios.net\/web\/wp-json\/wp\/v2\/posts\/11978\/revisions"}],"predecessor-version":[{"id":11980,"href":"https:\/\/revistaempresarios.net\/web\/wp-json\/wp\/v2\/posts\/11978\/revisions\/11980"}],"wp:featuredmedia":[{"embeddable":true,"href":"https:\/\/revistaempresarios.net\/web\/wp-json\/wp\/v2\/media\/11979"}],"wp:attachment":[{"href":"https:\/\/revistaempresarios.net\/web\/wp-json\/wp\/v2\/media?parent=11978"}],"wp:term":[{"taxonomy":"category","embeddable":true,"href":"https:\/\/revistaempresarios.net\/web\/wp-json\/wp\/v2\/categories?post=11978"},{"taxonomy":"post_tag","embeddable":true,"href":"https:\/\/revistaempresarios.net\/web\/wp-json\/wp\/v2\/tags?post=11978"}],"curies":[{"name":"wp","href":"https:\/\/api.w.org\/{rel}","templated":true}]}}