{"id":11877,"date":"2023-08-23T19:23:59","date_gmt":"2023-08-23T22:23:59","guid":{"rendered":"https:\/\/revistaempresarios.net\/web\/?p=11877"},"modified":"2023-08-23T19:23:59","modified_gmt":"2023-08-23T22:23:59","slug":"doterra-inaugura-sua-primeira-fabrica-no-brasil","status":"publish","type":"post","link":"https:\/\/revistaempresarios.net\/web\/2023\/08\/23\/doterra-inaugura-sua-primeira-fabrica-no-brasil\/","title":{"rendered":"d\u014dTERRA\u00ae inaugura sua primeira f\u00e1brica no Brasil"},"content":{"rendered":"<p class=\"fst-italic text-center\">Com sede em Joinville (SC), a companhia investiu R$50 milh\u00f5es com o objetivo de criar capacidade produtiva e efici\u00eancia operacional para expans\u00e3o e consolida\u00e7\u00e3o da marca no territ\u00f3rio nacional<\/p>\n<div>\n<p>A\u00a0<strong>d\u014dTERRA<\/strong>, empresa de bem-estar l\u00edder mundial no mercado de aromaterapia e \u00f3leos essenciais, acaba de inaugurar a sua primeira f\u00e1brica no Brasil, localizada em Santa Catarina (Joinville), no maior parque empresarial multissetorial da Am\u00e9rica do Sul, o Perini Business Park. As instala\u00e7\u00f5es possuem uma \u00e1rea total de 7.000m\u00b2, com previs\u00e3o de produ\u00e7\u00e3o de mais de 100 milh\u00f5es de frascos por ano. A empresa investiu R$ 50 milh\u00f5es no projeto.<\/p>\n<p>A f\u00e1brica come\u00e7ou a ser constru\u00edda em agosto de 2022 e come\u00e7ar\u00e1 a operar a partir de setembro, envasando os \u00f3leos essenciais da empresa no Brasil. A d\u014dTERRA\u00ae utiliza apenas \u00f3leos 100% puros, obtidos por meio de um rigoroso processo de qualidade pr\u00f3prio, que inclui o\u00a0<strong>CPTG\u00ae<\/strong>\u00a0(Certificado de Pureza Testada e Garantida). Esta sequ\u00eancia de mais de 50 testes, lote a lote, foram desenvolvidos pela empresa para assegurar a pureza dos \u00f3leos que ser\u00e3o envasados e \u00e9 um dos grandes diferenciais da marca. Inclusive, a nova f\u00e1brica do Brasil conta com um<strong>\u00a0laborat\u00f3rio CPTG de \u00faltima gera\u00e7\u00e3o<\/strong>, nos mesmos padr\u00f5es de sua matriz nos Estados Unidos, para realizar esse processo.<\/p>\n<p>\u201cAlguns dos motivos que impulsionaram a decis\u00e3o de estabelecer uma f\u00e1brica no Brasil foram a cria\u00e7\u00e3o da capacidade produtiva para atender os planos de expans\u00e3o da companhia, trazer mais efici\u00eancia nas opera\u00e7\u00f5es e criar uma vantagem competitiva, com custos menores, disponibilidade de produtos e presen\u00e7a mais s\u00f3lida da marca no pa\u00eds. Agora, a d\u014dTERRA tamb\u00e9m ter\u00e1 capacidade de envasar \u00f3leos essenciais da biodiversidade brasileira para outros mercados do globo, tornando o Brasil um polo de produ\u00e7\u00e3o e distribui\u00e7\u00e3o da empresa para o mundo\u201d, declara\u00a0<strong>Helton Vecchi, Diretor Geral d\u014dTERRA Brasil.\u00a0<\/strong><\/p>\n<p>O projeto seguiu os mais rigorosos padr\u00f5es de engenharia, com sistemas de tratamento de res\u00edduos, gest\u00e3o eficiente de energia, uso reduzido de \u00e1gua, al\u00e9m de sistemas de prote\u00e7\u00e3o contra inc\u00eandio e acidentes. O espa\u00e7o est\u00e1 preparado para receber visitantes, que poder\u00e3o acessar o audit\u00f3rio, o laborat\u00f3rio, as linhas de envase e armaz\u00e9m. Al\u00e9m disso, a planta da f\u00e1brica conta com um Espa\u00e7o de Experi\u00eancia d\u014dTERRA, para experimenta\u00e7\u00e3o de produtos da empresa.<\/p>\n<p><strong>Outros benef\u00edcios log\u00edsticos<\/strong><\/p>\n<p>A Regi\u00e3o Sul concentra o 2\u00ba maior percentual do setor industrial da economia nacional, atr\u00e1s apenas da Regi\u00e3o Sudeste. Entre outros benef\u00edcios, a infraestrutura local facilita a circula\u00e7\u00e3o de mercadorias, capitais e pessoas &#8211; al\u00e9m da proximidade com parceiros comerciais e oportunidade de atua\u00e7\u00e3o na Am\u00e9rica Latina.<\/p>\n<p>A planta industrial est\u00e1 preparada para absorver volumes para exporta\u00e7\u00e3o para Am\u00e9rica do Sul e tamb\u00e9m para outras regi\u00f5es do mundo. \u201cVai depender da demanda desses mercados e ofertas do mercado brasileiro\u201d, continua Vecchi, \u201ctemos mais espa\u00e7o para estoque, capacidade maior e mais r\u00e1pida de produ\u00e7\u00e3o, al\u00e9m de custos menores em toda a cadeia, como, por exemplo, no transporte de produtos\u201d.<\/p>\n<p>A estrat\u00e9gia de log\u00edstica tamb\u00e9m visa atender o projeto de expans\u00e3o das Casas d\u014dTERRA, que funcionam como um espa\u00e7o de relacionamento para clientes e Consultores de Bem-Estar, assim como pontos de distribui\u00e7\u00e3o de produtos nas mais diversas regi\u00f5es do pa\u00eds.<\/p>\n<p><strong>Gera\u00e7\u00e3o de empregos e renda<\/strong><\/p>\n<p>O aporte de R$ 50 milh\u00f5es trar\u00e1 benef\u00edcios que v\u00e3o al\u00e9m da gera\u00e7\u00e3o de empregos, diretos e indiretos, passando inclusive por arrecada\u00e7\u00e3o de impostos. \u201cNa capacidade m\u00e1xima de produ\u00e7\u00e3o, devemos chegar a mais de 150 empregos diretos\u201d, comenta Vecchi, \u201csem contar o n\u00famero de fornecedores para a presta\u00e7\u00e3o de servi\u00e7os, desde a constru\u00e7\u00e3o at\u00e9 a f\u00e1brica em opera\u00e7\u00e3o\u201d.<\/p>\n<p>A cidade de Joinville tamb\u00e9m contar\u00e1 com o apoio da doTERRA pra iniciativas de Responsabilidade Social, por meio da\u00a0<strong>Healing Hands\u2122<\/strong>\u00a0&#8211; criada em 2012 como uma organiza\u00e7\u00e3o oficial sem fins lucrativos com o principal objetivo de levar esperan\u00e7a para as comunidades carentes e fortalec\u00ea-las com as ferramentas necess\u00e1rias para que se tornem autossuficientes. \u201cIsso ser\u00e1 um dos principais diferenciais na nova f\u00e1brica: a aproxima\u00e7\u00e3o com a comunidade local para a\u00e7\u00f5es sociais da Healing Hands\u2122, assim como \u00e9 feito em parceria com organiza\u00e7\u00f5es e consultores de bem-estar, para oferecer esperan\u00e7a a milh\u00f5es de pessoas em todo o mundo\u201d.<\/p>\n<p>Com uma trajet\u00f3ria de sucesso, a d\u014dTERRA\u00ae tornou-se uma refer\u00eancia no setor de \u00f3leos essenciais e hoje, com iniciativas que v\u00e3o al\u00e9m da Healing Hands, consegue ajudar as comunidades a melhorar seu pr\u00f3prio futuro econ\u00f4mico por meio dos modelos\u00a0<strong>CoImpact Sourcing\u00ae\u00a0<\/strong>(Fornecimento por CoImpacto), projeto de extra\u00e7\u00e3o sustent\u00e1vel da d\u014dTERRA. A empresa capacita, melhora e impacta a sociedade em \u00e1reas do mundo onde melhor se cultiva plantas para \u00f3leos essenciais, trabalhando diretamente com os agricultores e produtores, oferecendo suporte educacional, desenvolvimento sustent\u00e1vel e um com\u00e9rcio justo para melhorar suas vidas e suas comunidades.<\/p>\n<p>&nbsp;<\/p>\n<p><strong>Sobre a d\u014dTERRA:<\/strong><\/p>\n<p>A d\u014dTERRA International \u00e9 uma empresa de sa\u00fade integrativa e bem-estar e \u00e9 a l\u00edder mundial do mercado global de aromaterapia e \u00f3leos essenciais. A d\u014dTERRA contrata o fornecimento, testa, manufatura e distribui \u00f3leos essenciais CPTG (Certificado de Pureza Testada e Garantida\u00ae) e produtos que cont\u00eam \u00f3leos essenciais para mais de nove milh\u00f5es de Consultores de Bem-Estar e clientes d\u014dTERRA. Por meio de pr\u00e1ticas de fornecimento respons\u00e1vel de vanguarda no setor, a d\u014dTERRA mant\u00e9m os mais altos n\u00edveis de qualidade, pureza e sustentabilidade em parceria com produtores locais do mundo inteiro, por meio do Fornecimento por CoImpacto\u00ae. O Healing Hands\u00ae d\u014dTERRA, uma organiza\u00e7\u00e3o sem fins lucrativos registrada nos Estados Unidos como \u201c501(c)(3)\u201d, oferece recursos e ferramentas para comunidades de fornecimento mundiais e organiza\u00e7\u00f5es caritativas, visando a autossufici\u00eancia, a sa\u00fade, a educa\u00e7\u00e3o, o saneamento e a luta contra o tr\u00e1fico humano. Por meio dos benef\u00edcios dos \u00f3leos essenciais que trazem melhorias para a vida, a d\u014dTERRA est\u00e1 ajudando a curar o mundo, uma gota, uma pessoa e uma comunidade de cada vez.<\/p>\n<p>Equipe d\u014dTERRA\/ @doterrabr<\/p>\n<p><a href=\"https:\/\/urldefense.proofpoint.com\/v2\/url?u=http-3A__www.doterra.com.br&amp;d=DwMFaQ&amp;c=St7VC5EjqSvU5oFqB7m7fw&amp;r=RJC782Sig-rZO4WLLWPczDPuuSQjhYR_EMAoCeXU4n4&amp;m=YTHO2wBf3XIjpVPraBD2dDx97RVNwr-UtrpYJrBKKQU&amp;s=Fv9arlsuaOKgifleh2NWBFPGY7JyuxSUvPIS-aEkLYo&amp;e=\">www.doterra.com.br<\/a><\/p>\n<\/div>\n","protected":false},"excerpt":{"rendered":"<p>Com sede em Joinville (SC), a companhia investiu R$50 milh\u00f5es com o objetivo de criar capacidade produtiva e efici\u00eancia operacional para expans\u00e3o e consolida\u00e7\u00e3o da marca no territ\u00f3rio nacional A\u00a0d\u014dTERRA, empresa de bem-estar l\u00edder mundial no mercado de aromaterapia e \u00f3leos essenciais, acaba de inaugurar a sua primeira f\u00e1brica no Brasil, localizada em Santa Catarina [&hellip;]<\/p>\n","protected":false},"author":2,"featured_media":11878,"comment_status":"open","ping_status":"open","sticky":false,"template":"","format":"standard","meta":{"_jetpack_memberships_contains_paid_content":false,"footnotes":""},"categories":[51,54,56,60],"tags":[8390],"featured_image_src":{"landsacpe":["https:\/\/revistaempresarios.net\/web\/wp-content\/uploads\/2023\/08\/doTERRA\u00ae-inaugura-sua-primeira-fabrica-no-Brasil.jpg",658,378,false],"list":["https:\/\/revistaempresarios.net\/web\/wp-content\/uploads\/2023\/08\/doTERRA\u00ae-inaugura-sua-primeira-fabrica-no-Brasil-463x348.jpg",463,348,true],"medium":["https:\/\/revistaempresarios.net\/web\/wp-content\/uploads\/2023\/08\/doTERRA\u00ae-inaugura-sua-primeira-fabrica-no-Brasil-300x172.jpg",300,172,true],"full":["https:\/\/revistaempresarios.net\/web\/wp-content\/uploads\/2023\/08\/doTERRA\u00ae-inaugura-sua-primeira-fabrica-no-Brasil.jpg",658,378,false]},"jetpack_sharing_enabled":true,"jetpack_featured_media_url":"https:\/\/revistaempresarios.net\/web\/wp-content\/uploads\/2023\/08\/doTERRA\u00ae-inaugura-sua-primeira-fabrica-no-Brasil.jpg","jetpack-related-posts":[],"_links":{"self":[{"href":"https:\/\/revistaempresarios.net\/web\/wp-json\/wp\/v2\/posts\/11877"}],"collection":[{"href":"https:\/\/revistaempresarios.net\/web\/wp-json\/wp\/v2\/posts"}],"about":[{"href":"https:\/\/revistaempresarios.net\/web\/wp-json\/wp\/v2\/types\/post"}],"author":[{"embeddable":true,"href":"https:\/\/revistaempresarios.net\/web\/wp-json\/wp\/v2\/users\/2"}],"replies":[{"embeddable":true,"href":"https:\/\/revistaempresarios.net\/web\/wp-json\/wp\/v2\/comments?post=11877"}],"version-history":[{"count":1,"href":"https:\/\/revistaempresarios.net\/web\/wp-json\/wp\/v2\/posts\/11877\/revisions"}],"predecessor-version":[{"id":11879,"href":"https:\/\/revistaempresarios.net\/web\/wp-json\/wp\/v2\/posts\/11877\/revisions\/11879"}],"wp:featuredmedia":[{"embeddable":true,"href":"https:\/\/revistaempresarios.net\/web\/wp-json\/wp\/v2\/media\/11878"}],"wp:attachment":[{"href":"https:\/\/revistaempresarios.net\/web\/wp-json\/wp\/v2\/media?parent=11877"}],"wp:term":[{"taxonomy":"category","embeddable":true,"href":"https:\/\/revistaempresarios.net\/web\/wp-json\/wp\/v2\/categories?post=11877"},{"taxonomy":"post_tag","embeddable":true,"href":"https:\/\/revistaempresarios.net\/web\/wp-json\/wp\/v2\/tags?post=11877"}],"curies":[{"name":"wp","href":"https:\/\/api.w.org\/{rel}","templated":true}]}}