{"id":11851,"date":"2023-08-19T21:16:07","date_gmt":"2023-08-20T00:16:07","guid":{"rendered":"https:\/\/revistaempresarios.net\/web\/?p=11851"},"modified":"2023-08-19T21:16:07","modified_gmt":"2023-08-20T00:16:07","slug":"fase-de-testes-do-fgts-digital-comeca-no-sabado","status":"publish","type":"post","link":"https:\/\/revistaempresarios.net\/web\/2023\/08\/19\/fase-de-testes-do-fgts-digital-comeca-no-sabado\/","title":{"rendered":"Fase de testes do FGTS digital come\u00e7a no s\u00e1bado"},"content":{"rendered":"<p class=\"fst-italic text-center\">No dia 19, empresas do Grupo 1 do eSocial j\u00e1 poder\u00e3o experimentar a tecnologia. Outros grupos come\u00e7am a acessar a partir do dia 16 de setembro<\/p>\n<div>\n<p><img loading=\"lazy\" decoding=\"async\" src=\"https:\/\/www.serpro.gov.br\/menu\/noticias\/noticias-2023\/fase-testes-fgts-digital\/fgts-digital.png\/@@images\/image\/large\" alt=\"\" width=\"768\" height=\"401\" \/><\/p>\n<p>Neste s\u00e1bado, 19 de agosto, come\u00e7a a fase de testes do FGTS digital. Empresas do Grupo 1 do eSocial, aquelas que possuem um faturamento anual superior a R$ 78 milh\u00f5es, j\u00e1 poder\u00e3o come\u00e7ar a experimentar a tecnologia. As empresas de outros grupos devem utilizar o sistema a partir do dia 16 de setembro. O per\u00edodo de testes termina dia 10 de novembro e a tecnologia ser\u00e1 adotada, em definitivo, a partir de janeiro de 2024. O fundo envolve mais de 43 milh\u00f5es de pessoas, sendo 4 milh\u00f5es de empregadores, e possui uma movimenta\u00e7\u00e3o m\u00e9dia anual de R$ 180 bilh\u00f5es de reais.<\/p>\n<p>A expectativa \u00e9 de que a tecnologia desenvolvida pelo Serpro para o Minist\u00e9rio do Trabalho e a Caixa reduza o tempo gasto pelas empresas no recolhimento do FGTS de 34 para 25 horas mensais, j\u00e1 que as informa\u00e7\u00f5es do eSocial \u00e9 que ser\u00e3o respons\u00e1veis por alimentar diretamente a base de c\u00e1lculo. Segundo o Serpro, o sistema deve eliminar burocracias e custos, diminuir custos operacionais, reduzir despesas com tarifas al\u00e9m de promover a transpar\u00eancia, integra\u00e7\u00e3o de ambientes e facilitar gerenciamento de informa\u00e7\u00f5es.<\/p>\n<p>O procedimento padr\u00e3o de recolhimento do FGTS realizado hoje pelas empresas envolve gerar uma folha de pagamento, enviar o documento a um sistema de recolhimento da Caixa, aguardar a gera\u00e7\u00e3o de um segundo documento, quitar, e, ap\u00f3s tudo isso, acessar um outro sistema da Caixa para a transmiss\u00e3o e envio. Agora, a folha de pagamento j\u00e1 ser\u00e1 transmitida automaticamente para o eSocial, que ir\u00e1 compartilhar as informa\u00e7\u00f5es, tamb\u00e9m de forma autom\u00e1tica, ao FGTS Digital, bastando acessar o ambiente online para o pagamento.<\/p>\n<p><strong>Parada no eSocial<\/strong><\/p>\n<p>No s\u00e1bado, o eSocial deve sofrer uma parada entre oito da manh\u00e3 e meio dia para a integra\u00e7\u00e3o com o novo sistema. No per\u00edodo da tarde, a tecnologia j\u00e1 vai estar dispon\u00edvel, mas apenas para as empresas do Grupo 1. As outras empresas devem utilizar o sistema a partir do dia 16 de setembro. At\u00e9 essa data, podem at\u00e9 acessar o ambiente online, mas n\u00e3o haver\u00e1 integra\u00e7\u00e3o com os dados do eSocial.<\/p>\n<p>Durante o per\u00edodo de testes, a orienta\u00e7\u00e3o \u00e9 transmitir as informa\u00e7\u00f5es da forma tradicional, pelos sistemas da Caixa, e comparar com a guia gerada pela nova tecnologia. \u00c9 bom lembrar que o teste \u00e9 restrito ao ambiente do FGTS Digital: n\u00e3o se deve inserir dados inver\u00eddicos no ambiente do eSocial, cujas informa\u00e7\u00f5es possuem validade jur\u00eddica.<\/p>\n<p>A Caixa continua com a gest\u00e3o dos valores, sendo respons\u00e1vel pelos cr\u00e9ditos nas contas dos trabalhadores. O FGTS representa um montante que, at\u00e9 ser sacado pelo titular, \u00e9 utilizado pelo governo para financiar projetos de constru\u00e7\u00e3o de infraestrutura, saneamento b\u00e1sico e moradias em todo o pa\u00eds.<\/p>\n<\/div>\n","protected":false},"excerpt":{"rendered":"<p>No dia 19, empresas do Grupo 1 do eSocial j\u00e1 poder\u00e3o experimentar a tecnologia. Outros grupos come\u00e7am a acessar a partir do dia 16 de setembro Neste s\u00e1bado, 19 de agosto, come\u00e7a a fase de testes do FGTS digital. Empresas do Grupo 1 do eSocial, aquelas que possuem um faturamento anual superior a R$ 78 [&hellip;]<\/p>\n","protected":false},"author":2,"featured_media":11852,"comment_status":"open","ping_status":"open","sticky":false,"template":"","format":"standard","meta":{"_jetpack_memberships_contains_paid_content":false,"footnotes":""},"categories":[51,56,62],"tags":[8383],"featured_image_src":{"landsacpe":["https:\/\/revistaempresarios.net\/web\/wp-content\/uploads\/2023\/08\/large.png",768,401,false],"list":["https:\/\/revistaempresarios.net\/web\/wp-content\/uploads\/2023\/08\/large-463x348.png",463,348,true],"medium":["https:\/\/revistaempresarios.net\/web\/wp-content\/uploads\/2023\/08\/large-300x157.png",300,157,true],"full":["https:\/\/revistaempresarios.net\/web\/wp-content\/uploads\/2023\/08\/large.png",768,401,false]},"jetpack_sharing_enabled":true,"jetpack_featured_media_url":"https:\/\/revistaempresarios.net\/web\/wp-content\/uploads\/2023\/08\/large.png","jetpack-related-posts":[],"_links":{"self":[{"href":"https:\/\/revistaempresarios.net\/web\/wp-json\/wp\/v2\/posts\/11851"}],"collection":[{"href":"https:\/\/revistaempresarios.net\/web\/wp-json\/wp\/v2\/posts"}],"about":[{"href":"https:\/\/revistaempresarios.net\/web\/wp-json\/wp\/v2\/types\/post"}],"author":[{"embeddable":true,"href":"https:\/\/revistaempresarios.net\/web\/wp-json\/wp\/v2\/users\/2"}],"replies":[{"embeddable":true,"href":"https:\/\/revistaempresarios.net\/web\/wp-json\/wp\/v2\/comments?post=11851"}],"version-history":[{"count":1,"href":"https:\/\/revistaempresarios.net\/web\/wp-json\/wp\/v2\/posts\/11851\/revisions"}],"predecessor-version":[{"id":11853,"href":"https:\/\/revistaempresarios.net\/web\/wp-json\/wp\/v2\/posts\/11851\/revisions\/11853"}],"wp:featuredmedia":[{"embeddable":true,"href":"https:\/\/revistaempresarios.net\/web\/wp-json\/wp\/v2\/media\/11852"}],"wp:attachment":[{"href":"https:\/\/revistaempresarios.net\/web\/wp-json\/wp\/v2\/media?parent=11851"}],"wp:term":[{"taxonomy":"category","embeddable":true,"href":"https:\/\/revistaempresarios.net\/web\/wp-json\/wp\/v2\/categories?post=11851"},{"taxonomy":"post_tag","embeddable":true,"href":"https:\/\/revistaempresarios.net\/web\/wp-json\/wp\/v2\/tags?post=11851"}],"curies":[{"name":"wp","href":"https:\/\/api.w.org\/{rel}","templated":true}]}}