{"id":11819,"date":"2023-08-18T12:33:37","date_gmt":"2023-08-18T15:33:37","guid":{"rendered":"https:\/\/revistaempresarios.net\/web\/?p=11819"},"modified":"2023-08-18T12:33:37","modified_gmt":"2023-08-18T15:33:37","slug":"de-professor-de-academia-e-advogada-a-empreendedores-de-sucesso-casal-fatura-mais-de-r3-milhoes-por-ano-com-franquia-de-cuidadores","status":"publish","type":"post","link":"https:\/\/revistaempresarios.net\/web\/2023\/08\/18\/de-professor-de-academia-e-advogada-a-empreendedores-de-sucesso-casal-fatura-mais-de-r3-milhoes-por-ano-com-franquia-de-cuidadores\/","title":{"rendered":"De professor de academia e advogada a empreendedores de sucesso: casal fatura mais de R$3 milh\u00f5es por ano com franquia de cuidadores"},"content":{"rendered":"<p class=\"fst-italic text-center\">Acuidar Recife comemora 5 anos em julho e mant\u00e9m altas expectativas para o futuro<\/p>\n<div>\n<p>\u201cNunca cheguei a desistir das minhas decis\u00f5es e sempre vou at\u00e9 o fim, afinal, se fosse f\u00e1cil chegar aonde a gente quer chegar, todo mundo estaria l\u00e1\u201d &#8211; foi com esse pensamento que L\u00edvia Ramalho tomou a decis\u00e3o de trocar a carreira de direito por seu empreendimento pr\u00f3prio, aos 26 anos.<\/p>\n<p>Seu marido, Josenildo Ramalho, partilhou da mesma decis\u00e3o quando, em 2018, deixou a carreira no N\u00facleo de Apoio da Sa\u00fade \u00e0 Fam\u00edlia (NASF), em Jo\u00e3o Pessoa, para ser seu s\u00f3cio na franquia Acuidar. Ele tamb\u00e9m atuava como personal trainer e professor de academia nas horas vagas &#8211; \u201cTivemos v\u00e1rios desafios. No in\u00edcio, mor\u00e1vamos em Jo\u00e3o Pessoa e sempre fic\u00e1vamos viajando para Recife para atender clientes e fazer treinamentos com cuidadores e toda a gest\u00e3o a dist\u00e2ncia\u201d, comenta.<\/p>\n<p>Sobre n\u00e3o dar prosseguimento a sua carreira jur\u00eddica e apostar na franquia Acuidar para a sua estreia no mundo dos neg\u00f3cios, L\u00edvia pontua: \u201cAcredito que nossas vontades, valores e prioridades nos ajudam a tomar boas decis\u00f5es. Sempre tive dentro de mim um desejo forte de buscar os meus sonhos e objetivos. Conseguir suportar todo o processo com as mudan\u00e7as, at\u00e9 chegar l\u00e1, se torna desafiante\u201d.<\/p>\n<p>Em parceria, Josenildo e L\u00edvia come\u00e7aram as atividades na nova empreitada, mas o in\u00edcio n\u00e3o foi f\u00e1cil. A transi\u00e7\u00e3o de carreira, paralela ao come\u00e7o de um novo empreendimento, exigiram coragem de ambos. \u201cPosso resumir esse processo em tr\u00eas palavras: dedica\u00e7\u00e3o, supera\u00e7\u00e3o e perseveran\u00e7a. Com a transi\u00e7\u00e3o de carreira tive que me mudar de estado para atuar de forma full time na cidade de Recife e me dedicar a uma \u00e1rea diferente. Mas, ao mesmo tempo, bastante promissora e de grande relev\u00e2ncia no mercado\u201d, revela L\u00edvia, que conclui: \u201cTodos n\u00f3s precisamos passar por momentos ruins para recebermos os momentos bons. \u00c9 necess\u00e1rio abdicar de muita coisa e pensar sempre \u00e0 frente, dando o nosso m\u00e1ximo e o melhor que podemos ser para atingir os nossos objetivos\u201d.<\/p>\n<p>Josenildo acrescenta a import\u00e2ncia de terem tomado essa decis\u00e3o em conjunto: \u201cO fato de empreendermos em casal facilitou ao lidarmos com todos os desafios. Acredito que esse modelo de neg\u00f3cio se encaixa bem para quem quer fazer neg\u00f3cios com o parceiro e deseja prosperar financeiramente\u201d, explica. \u201cSempre estive acompanhando minha esposa no processo de crescimento da empresa e apoiando sempre que precisava. Um dos grandes desafios foi no ano da pandemia, em 2020, que apesar das dificuldades, conseguimos chegar ao nosso primeiro milh\u00e3o\u201d, acrescenta o profissional.<\/p>\n<p>Os resultados da perspic\u00e1cia do casal n\u00e3o demoraram a aparecer e o sucesso da franquia se revelou ascendente. Hoje, o faturamento m\u00e9dio mensal da empresa gira em torno de R$ 300 mil, com lucro de 20% a 30%. A dupla n\u00e3o pretende parar nesses n\u00fameros: \u201cNossa meta \u00e9 impactar muito mais vidas em nossa regi\u00e3o, levando uma assist\u00eancia acolhedora, emp\u00e1tica e qualificada, selecionando os melhores profissionais para cuidar dos nossos assistidos\u201d, enfatiza Ramalho.<\/p>\n<p>\u201cA Acuidar Recife tem se destacado pela dedica\u00e7\u00e3o em apresentar um time engajado, sempre seguindo a cultura da empresa, procurando melhoria cont\u00ednua do servi\u00e7o, levando amor em forma de cuidados e proporcionando seguran\u00e7a, conforto e qualidade de vida para todos os clientes\u201d, refor\u00e7a Josenildo.<\/p>\n<p>Com a comemora\u00e7\u00e3o de cinco anos da unidade Acuidar Recife, L\u00edvia revela que n\u00e3o se arrepende da mudan\u00e7a de carreira e se orgulha de sua trajet\u00f3ria. A empreendedora encoraja aqueles que se inspiram em sua hist\u00f3ria, motivando-os a n\u00e3o desistir. \u201c\u00c9 necess\u00e1rio seguir sempre em frente e n\u00e3o deixar os obst\u00e1culos te impedirem de agir, empreender d\u00e1 trabalho, crescer d\u00e1 trabalho e ser bom e refer\u00eancia tamb\u00e9m. \u00c9 uma honra para n\u00f3s sabermos que a nossa trajet\u00f3ria at\u00e9 aqui vem sendo gloriosa e os pr\u00f3ximos cinco anos tamb\u00e9m ser\u00e3o incr\u00edveis\u201d, finaliza.<\/p>\n<p><strong>Sobre a Acuidar:<\/strong><\/p>\n<p>Fundada em 2016 pelo m\u00e9dico Vitor Hugo de Oliveira e pela fisioterapeuta J\u00e9ssica Soares Ramalho, a rede oferece servi\u00e7os no domic\u00edlio do cliente ou durante acompanhamento hospitalar, com op\u00e7\u00f5es de di\u00e1rias avulsas e planos mensais. A marca entrou para o mercado do franchising em 2020, contando hoje com 115 unidades inauguradas. O investimento inicial total \u00e9 de R$ 44 mil (j\u00e1 com a taxa de franquia) o faturamento m\u00e9dio mensal \u00e9 de R$ 60 mil e o prazo de retorno \u00e9 de 6 a 15 meses. Saiba mais em:\u00a0<a href=\"https:\/\/www.acuidarbr.com.br\/\">https:\/\/www.acuidarbr.com.br\/<\/a><\/p>\n<\/div>\n<div class=\"text-center\">\n<div class=\"mt-5\"><\/div>\n<\/div>\n","protected":false},"excerpt":{"rendered":"<p>Acuidar Recife comemora 5 anos em julho e mant\u00e9m altas expectativas para o futuro \u201cNunca cheguei a desistir das minhas decis\u00f5es e sempre vou at\u00e9 o fim, afinal, se fosse f\u00e1cil chegar aonde a gente quer chegar, todo mundo estaria l\u00e1\u201d &#8211; foi com esse pensamento que L\u00edvia Ramalho tomou a decis\u00e3o de trocar a [&hellip;]<\/p>\n","protected":false},"author":2,"featured_media":11820,"comment_status":"open","ping_status":"open","sticky":false,"template":"","format":"standard","meta":{"_jetpack_memberships_contains_paid_content":false,"footnotes":""},"categories":[51,54,56,60],"tags":[8370],"featured_image_src":{"landsacpe":["https:\/\/revistaempresarios.net\/web\/wp-content\/uploads\/2023\/08\/Livia-e-Josenildo-responsaveis-pela-Acuidar-Recife-1024x445.jpg",1024,445,true],"list":["https:\/\/revistaempresarios.net\/web\/wp-content\/uploads\/2023\/08\/Livia-e-Josenildo-responsaveis-pela-Acuidar-Recife-463x348.jpg",463,348,true],"medium":["https:\/\/revistaempresarios.net\/web\/wp-content\/uploads\/2023\/08\/Livia-e-Josenildo-responsaveis-pela-Acuidar-Recife-300x227.jpg",300,227,true],"full":["https:\/\/revistaempresarios.net\/web\/wp-content\/uploads\/2023\/08\/Livia-e-Josenildo-responsaveis-pela-Acuidar-Recife.jpg",1024,774,false]},"jetpack_sharing_enabled":true,"jetpack_featured_media_url":"https:\/\/revistaempresarios.net\/web\/wp-content\/uploads\/2023\/08\/Livia-e-Josenildo-responsaveis-pela-Acuidar-Recife.jpg","jetpack-related-posts":[],"_links":{"self":[{"href":"https:\/\/revistaempresarios.net\/web\/wp-json\/wp\/v2\/posts\/11819"}],"collection":[{"href":"https:\/\/revistaempresarios.net\/web\/wp-json\/wp\/v2\/posts"}],"about":[{"href":"https:\/\/revistaempresarios.net\/web\/wp-json\/wp\/v2\/types\/post"}],"author":[{"embeddable":true,"href":"https:\/\/revistaempresarios.net\/web\/wp-json\/wp\/v2\/users\/2"}],"replies":[{"embeddable":true,"href":"https:\/\/revistaempresarios.net\/web\/wp-json\/wp\/v2\/comments?post=11819"}],"version-history":[{"count":1,"href":"https:\/\/revistaempresarios.net\/web\/wp-json\/wp\/v2\/posts\/11819\/revisions"}],"predecessor-version":[{"id":11821,"href":"https:\/\/revistaempresarios.net\/web\/wp-json\/wp\/v2\/posts\/11819\/revisions\/11821"}],"wp:featuredmedia":[{"embeddable":true,"href":"https:\/\/revistaempresarios.net\/web\/wp-json\/wp\/v2\/media\/11820"}],"wp:attachment":[{"href":"https:\/\/revistaempresarios.net\/web\/wp-json\/wp\/v2\/media?parent=11819"}],"wp:term":[{"taxonomy":"category","embeddable":true,"href":"https:\/\/revistaempresarios.net\/web\/wp-json\/wp\/v2\/categories?post=11819"},{"taxonomy":"post_tag","embeddable":true,"href":"https:\/\/revistaempresarios.net\/web\/wp-json\/wp\/v2\/tags?post=11819"}],"curies":[{"name":"wp","href":"https:\/\/api.w.org\/{rel}","templated":true}]}}