{"id":11803,"date":"2023-08-18T12:13:11","date_gmt":"2023-08-18T15:13:11","guid":{"rendered":"https:\/\/revistaempresarios.net\/web\/?p=11803"},"modified":"2023-08-18T12:13:11","modified_gmt":"2023-08-18T15:13:11","slug":"vendas-saltam-mais-de-800-em-menos-de-seis-anos-fortalecem-os-negocios-e-exigem-da-abrafad-uma-nova-sede-em-sp","status":"publish","type":"post","link":"https:\/\/revistaempresarios.net\/web\/2023\/08\/18\/vendas-saltam-mais-de-800-em-menos-de-seis-anos-fortalecem-os-negocios-e-exigem-da-abrafad-uma-nova-sede-em-sp\/","title":{"rendered":"Vendas saltam mais de 800% em menos de seis anos, fortalecem os neg\u00f3cios e exigem da Abrafad uma nova sede em SP"},"content":{"rendered":"<p class=\"fst-italic text-center\">O novo escrit\u00f3rio administrativo, no bairro de Santana, na zona norte, \u00e9 mais amplo e est\u00e1 preparado para atender melhor os associados, ind\u00fastrias, distribuidores e colaboradores<\/p>\n<div>\n<p>Em 2023, a Abrafad (<a href=\"http:\/\/www.abrafad.com.br\/\">www.abrafad.com.br<\/a>) completa seis anos em dezembro. Fundada em Belo Horizonte, Minas Gerais, a entidade re\u00fane hoje 21 bandeiras e tem muito o que comemorar. Saiu de um faturamento em vendas de R$ 817 milh\u00f5es em dezembro de 2017, com um total de 973 lojas, para R$ 6,6 bilh\u00f5es em junho de 2023 e 5,6 mil PDVs, o que representa, em valores de neg\u00f3cios, um avan\u00e7o de pouco mais de 800% no per\u00edodo. Os dados s\u00e3o da consultoria IQVIA.<\/p>\n<p>Para suportar esse crescimento, a federa\u00e7\u00e3o acaba de mudar de endere\u00e7o em S\u00e3o Paulo, onde mant\u00e9m a sua sede administrativa desde 2020. Ela deixou a Vila Clementino, na zona sul, e seguiu para o bairro de Santana, na regi\u00e3o norte da capital. \u201cCom o crescimento expressivo que tivemos, especialmente nos \u00faltimos tr\u00eas anos, t\u00ednhamos a necessidade de encontrar um espa\u00e7o mais amplo. Precis\u00e1vamos de uma \u00e1rea maior para atendermos melhor os nossos associados e parceiros colaboradores\u201d, afirma Nilson Ribeiro, diretor-executivo da Abrafad.<\/p>\n<p>A Abrafad vem em uma crescente expans\u00e3o org\u00e2nica, em novas redes associadas e em valor de vendas desde o in\u00edcio de suas opera\u00e7\u00f5es. Mas o grande salto ocorreu com a chegada de Nilson Ribeiro \u00e0 diretoria executiva em 2020.<\/p>\n<p>Com Ribeiro no comando, no primeiro ano, a Abrafad j\u00e1 saltou para 3,3 mil lojas e R$ 3,2 bilh\u00f5es em faturamento em 2020 mesmo com a pandemia. Essa acelera\u00e7\u00e3o no crescimento a posiciona hoje em uma posi\u00e7\u00e3o de destaque, com R$ 6,6 bilh\u00f5es em faturamento e mais de 5,6 mil PDVs \u201cOs resultados s\u00e3o expressivos gra\u00e7as ao comprometimento e apoio entre as redes associadas. E nosso trabalho \u00e9 esse, de integrar farm\u00e1cias e drogarias independentes nas plataformas inovadoras de gest\u00e3o, para melhorar a distribui\u00e7\u00e3o e venda de produtos farmac\u00eauticos\u201d, afirma o executivo.<\/p>\n<p>Para as redes associadas, o crescimento da Abrafad se deve em boa parte ao dinamismo nos neg\u00f3cios implementado por Nilson Ribeiro desde a sua chegada. Foi em sua gest\u00e3o que a associa\u00e7\u00e3o passou a oferecer ferramentas de Intelig\u00eancia de Mercado \u00e0s empresas e a promover o Encontro de Neg\u00f3cios desde 2021, com a ind\u00fastria e distribuidores. Esse evento funciona como uma constru\u00e7\u00e3o de parcerias, um gerador de confian\u00e7a e abertura de oportunidades que beneficiam toda a cadeia.<\/p>\n<p>O desempenho at\u00e9 junho de 2023 j\u00e1 superou o planejamento de faturamento e n\u00famero de lojas que a Abrafad tinha para 2023. Sinal de que os n\u00fameros ser\u00e3o ainda mais generosos nos pr\u00f3ximos quatro meses. Hoje, 44% dos neg\u00f3cios da associa\u00e7\u00e3o est\u00e3o na regi\u00e3o Sudeste, 34% no Nordeste e 19% no Sul.<\/p>\n<p>As bandeiras que integram a Abrafad hoje s\u00e3o Acofarma, Bifarma, Grupo Confarma, Rede Ellomais, Rede Facillite, Farmatotal, Farma Voc\u00ea, Forte Farma, Fort Popular, Rede Lucremais, Rede Melhor Compra, Rede Meta, Multifarma, Pre\u00e7o Baixo, Pre\u00e7o Justo, Rede Bem, Rede 2000, Supermais, SmallFarma, Rede Soma e Rede Universal Farma. S\u00e3o elas as respons\u00e1veis pelos resultados abaixo apresentados.<\/p>\n<p>&nbsp;<\/p>\n<table>\n<tbody>\n<tr>\n<td width=\"189\"><strong>ANO<\/strong><\/td>\n<td width=\"189\"><strong>N\u00daMERO DE LOJAS<\/strong><\/td>\n<td width=\"189\"><strong>FATURAMENTO<\/strong><\/td>\n<\/tr>\n<tr>\n<td width=\"189\">2017<\/td>\n<td width=\"189\">973<\/td>\n<td width=\"189\">R$ 817 milh\u00f5es<\/td>\n<\/tr>\n<tr>\n<td width=\"189\">2018<\/td>\n<td width=\"189\">1.213<\/td>\n<td width=\"189\">R$ 1,01 bilh\u00e3o<\/td>\n<\/tr>\n<tr>\n<td width=\"189\">2019<\/td>\n<td width=\"189\">1.462<\/td>\n<td width=\"189\">R$ 1,22 bilh\u00e3o<\/td>\n<\/tr>\n<tr>\n<td width=\"189\">2020<\/td>\n<td width=\"189\">3.382<\/td>\n<td width=\"189\">R$ 3,2 bilh\u00f5es<\/td>\n<\/tr>\n<tr>\n<td width=\"189\">2021<\/td>\n<td width=\"189\">4.181<\/td>\n<td width=\"189\">R$ 3,9 bilh\u00f5es<\/td>\n<\/tr>\n<tr>\n<td width=\"189\">2022<\/td>\n<td width=\"189\">4.518<\/td>\n<td width=\"189\">R$ 4,2 bilh\u00f5es<\/td>\n<\/tr>\n<tr>\n<td width=\"189\">2023<\/td>\n<td width=\"189\">5.642<\/td>\n<td width=\"189\">R$ 6,6 bilh\u00f5es<\/td>\n<\/tr>\n<\/tbody>\n<\/table>\n<\/div>\n","protected":false},"excerpt":{"rendered":"<p>O novo escrit\u00f3rio administrativo, no bairro de Santana, na zona norte, \u00e9 mais amplo e est\u00e1 preparado para atender melhor os associados, ind\u00fastrias, distribuidores e colaboradores Em 2023, a Abrafad (www.abrafad.com.br) completa seis anos em dezembro. Fundada em Belo Horizonte, Minas Gerais, a entidade re\u00fane hoje 21 bandeiras e tem muito o que comemorar. Saiu [&hellip;]<\/p>\n","protected":false},"author":2,"featured_media":11804,"comment_status":"open","ping_status":"open","sticky":false,"template":"","format":"standard","meta":{"_jetpack_memberships_contains_paid_content":false,"footnotes":""},"categories":[51,54,56,60],"tags":[8365,8364],"featured_image_src":{"landsacpe":["https:\/\/revistaempresarios.net\/web\/wp-content\/uploads\/2023\/08\/Nilson-Ribeiro-diretor-executivo-da-Abrafad-1140x445.jpeg",1140,445,true],"list":["https:\/\/revistaempresarios.net\/web\/wp-content\/uploads\/2023\/08\/Nilson-Ribeiro-diretor-executivo-da-Abrafad-463x348.jpeg",463,348,true],"medium":["https:\/\/revistaempresarios.net\/web\/wp-content\/uploads\/2023\/08\/Nilson-Ribeiro-diretor-executivo-da-Abrafad-300x200.jpeg",300,200,true],"full":["https:\/\/revistaempresarios.net\/web\/wp-content\/uploads\/2023\/08\/Nilson-Ribeiro-diretor-executivo-da-Abrafad.jpeg",1600,1066,false]},"jetpack_sharing_enabled":true,"jetpack_featured_media_url":"https:\/\/revistaempresarios.net\/web\/wp-content\/uploads\/2023\/08\/Nilson-Ribeiro-diretor-executivo-da-Abrafad.jpeg","jetpack-related-posts":[],"_links":{"self":[{"href":"https:\/\/revistaempresarios.net\/web\/wp-json\/wp\/v2\/posts\/11803"}],"collection":[{"href":"https:\/\/revistaempresarios.net\/web\/wp-json\/wp\/v2\/posts"}],"about":[{"href":"https:\/\/revistaempresarios.net\/web\/wp-json\/wp\/v2\/types\/post"}],"author":[{"embeddable":true,"href":"https:\/\/revistaempresarios.net\/web\/wp-json\/wp\/v2\/users\/2"}],"replies":[{"embeddable":true,"href":"https:\/\/revistaempresarios.net\/web\/wp-json\/wp\/v2\/comments?post=11803"}],"version-history":[{"count":1,"href":"https:\/\/revistaempresarios.net\/web\/wp-json\/wp\/v2\/posts\/11803\/revisions"}],"predecessor-version":[{"id":11805,"href":"https:\/\/revistaempresarios.net\/web\/wp-json\/wp\/v2\/posts\/11803\/revisions\/11805"}],"wp:featuredmedia":[{"embeddable":true,"href":"https:\/\/revistaempresarios.net\/web\/wp-json\/wp\/v2\/media\/11804"}],"wp:attachment":[{"href":"https:\/\/revistaempresarios.net\/web\/wp-json\/wp\/v2\/media?parent=11803"}],"wp:term":[{"taxonomy":"category","embeddable":true,"href":"https:\/\/revistaempresarios.net\/web\/wp-json\/wp\/v2\/categories?post=11803"},{"taxonomy":"post_tag","embeddable":true,"href":"https:\/\/revistaempresarios.net\/web\/wp-json\/wp\/v2\/tags?post=11803"}],"curies":[{"name":"wp","href":"https:\/\/api.w.org\/{rel}","templated":true}]}}