{"id":11535,"date":"2023-08-11T13:23:11","date_gmt":"2023-08-11T16:23:11","guid":{"rendered":"https:\/\/revistaempresarios.net\/web\/?p=11535"},"modified":"2023-08-11T13:23:11","modified_gmt":"2023-08-11T16:23:11","slug":"comercio-entre-brasil-e-canada-mantem-tendencia-de-alta-no-primeiro-semestre-de-2023","status":"publish","type":"post","link":"https:\/\/revistaempresarios.net\/web\/2023\/08\/11\/comercio-entre-brasil-e-canada-mantem-tendencia-de-alta-no-primeiro-semestre-de-2023\/","title":{"rendered":"Com\u00e9rcio entre Brasil e Canad\u00e1 mant\u00e9m tend\u00eancia de alta no primeiro semestre de 2023"},"content":{"rendered":"<p class=\"fst-italic text-center\">Exporta\u00e7\u00e3o de avi\u00f5es, m\u00e1quinas e outros ve\u00edculos a\u00e9reos, retoma crescimento anterior \u00e0 pandemia e responde por quase 10% de todos os itens comprados pelo Canad\u00e1<\/p>\n<div>\n<p><strong><img decoding=\"async\" src=\"https:\/\/files.pressmanager.net\/clientes\/a228e599fb231b7ddd9a307c16468bce\/imagens\/2023\/04\/19\/bef26f6fe3277ff5e76f011e8bb8dd1f.jpg\" alt=\"\" width=\"700\" \/><\/strong><\/p>\n<p>O Brasil vem mantendo o ritmo de crescimento no interc\u00e2mbio comercial com o Canad\u00e1, com aumento de 3% nas exporta\u00e7\u00f5es para o pa\u00eds norte-americano no primeiro semestre de 2023, segundo dados do estudo\u00a0<em>Quick Trade Facts<\/em>, da C\u00e2mara de Com\u00e9rcio Brasil-Canad\u00e1 (CCBC). As exporta\u00e7\u00f5es atingiram US$ 2,575 bilh\u00f5es no per\u00edodo, pouco acima do resultado verificado no mesmo per\u00edodo de 2022, de US$ 2,497 bilh\u00f5es. De janeiro a junho de 2023, o saldo comercial brasileiro foi positivo, em US$ 793 milh\u00f5es.<\/p>\n<p>No primeiro semestre de 2023, a corrente de com\u00e9rcio (FOB) \u2013 soma das importa\u00e7\u00f5es e exporta\u00e7\u00f5es \u2013 totalizou US$ 4,357 bilh\u00f5es, recuo de 13% em rela\u00e7\u00e3o aos resultados apurados no mesmo per\u00edodo do ano passado, de US$ 4,988 bilh\u00f5es. O resultado semestral reflete os ajustes na corrente de com\u00e9rcio entre os dois pa\u00edses, que mant\u00e9m o crescimento: no segundo trimestre de 2023 (abril-junho), a corrente comercial atingiu US$ 2,405 bilh\u00f5es (FOB), crescimento de 23% em rela\u00e7\u00e3o aos n\u00fameros do primeiro trimestre de 2023, de US$ 1,95 bilh\u00e3o (FOB).<\/p>\n<p>Tamb\u00e9m no segundo trimestre, o Canad\u00e1 contribuiu com 1,6% do resultado total nas compras de produtos brasileiros com todo o mundo. Esse percentual \u00e9 quase id\u00eantico ao apresentado no mesmo per\u00edodo de 2022. Em rela\u00e7\u00e3o \u00e0s importa\u00e7\u00f5es brasileiras vindas do Canad\u00e1, no trimestre o percentual caiu de 1,9% para 1,5%, se comparado a igual per\u00edodo do ano passado.<\/p>\n<p>Depois do recorde no com\u00e9rcio bilateral entre Brasil e Canad\u00e1 em 2022 \u2013 quando ultrapassou a cifra de US$ 10 bilh\u00f5es (FOB) pela primeira vez na hist\u00f3ria -, os dois pa\u00edses devem continuar a manter o ritmo de crescimento. A agenda de encontros deve fortalecer ainda mais os neg\u00f3cios bilaterais. Recentemente, o presidente Lu\u00eds In\u00e1cio Lula da Silva se reuniu com a chanceler canadense M\u00e9lanie Jolie para discutir temas relacionados ao meio ambiente, desenvolvimento inclusivo, direitos humanos, educa\u00e7\u00e3o, ci\u00eancia e tecnologia, inova\u00e7\u00e3o, defesa, energia e minera\u00e7\u00e3o. Al\u00e9m disso, a aprova\u00e7\u00e3o do texto-base da proposta de emenda \u00e0 Constitui\u00e7\u00e3o (PEC) da Reforma Tribut\u00e1ria tamb\u00e9m deve contribuir para acelerar os neg\u00f3cios nos pr\u00f3ximos meses.<\/p>\n<p>Para Ronaldo Ramos, presidente da CCBC, as iniciativas e miss\u00f5es comerciais j\u00e1 programadas dever\u00e3o incentivar ainda mais a amplia\u00e7\u00e3o dos neg\u00f3cios entre os dois pa\u00edses. \u201cAs parcerias estrat\u00e9gicas ajudam a identificar oportunidades e ampliar o acesso das empresas a diferentes mercados. Sem d\u00favida, o Canad\u00e1 \u00e9 um pa\u00eds que re\u00fane todas as condi\u00e7\u00f5es para viabilizar a internacionaliza\u00e7\u00e3o das empresas brasileiras\u201d, avalia.<\/p>\n<p>O executivo chama a aten\u00e7\u00e3o para a retomada da produ\u00e7\u00e3o, ap\u00f3s a pandemia, de produtos manufaturados brasileiros com o crescimento dos embarques para o Canad\u00e1. A participa\u00e7\u00e3o dessa categoria nas exporta\u00e7\u00f5es totais passou de 47,3%, em 2022, para 49,8%, em 2023. J\u00e1 as vendas de avi\u00f5es e outros ve\u00edculos a\u00e9reos, al\u00e9m de m\u00e1quinas, responderam por quase 10% de todos os itens comprados pelo Canad\u00e1.<\/p>\n<p>Paulo de Castro Reis, diretor de Rela\u00e7\u00f5es Institucionais da CCBC, concorda que os dois pa\u00edses nunca estiveram t\u00e3o pr\u00f3ximos. \u201cO Canad\u00e1 j\u00e1 est\u00e1 no radar das empresas brasileiras que n\u00e3o apenas querem se internacionalizar, como tamb\u00e9m expandir os neg\u00f3cios e criar bases de opera\u00e7\u00f5es na Am\u00e9rica do Norte. As miss\u00f5es comerciais de diversos setores estrat\u00e9gicos favorecem o aumento dos neg\u00f3cios e o estabelecimento de novas parcerias, e devem continuar em alta em 2023 e 2024\u201d, diz.<\/p>\n<p><strong>Exporta\u00e7\u00f5es<\/strong><\/p>\n<p>Os produtos relacionados \u00e0 minera\u00e7\u00e3o e os manufaturados, como aeronaves e maquin\u00e1rios, s\u00e3o destaque no ranking de exporta\u00e7\u00f5es brasileiras para o Canad\u00e1. As exporta\u00e7\u00f5es de bulh\u00e3o dourado (ouro), em formas brutas, para uso n\u00e3o monet\u00e1rio, totalizaram US$ 672,3 milh\u00f5es no trimestre. A exporta\u00e7\u00e3o de carnes e miudezas comest\u00edveis tamb\u00e9m apresentou um bom resultado, de US$ 38 milh\u00f5es.<\/p>\n<p>O aumento de venda de produtos manufaturados brasileiros para o Canad\u00e1 \u2013 que registrou aumento, de 47,3%, em 2022, para 49,8%, em 2023 \u2013 corresponde \u00e0s exporta\u00e7\u00f5es de avi\u00f5es e outros ve\u00edculos a\u00e9reos, e tamb\u00e9m \u00e0 alta da exporta\u00e7\u00e3o de m\u00e1quinas. No semestre, foram comercializados US$ 251,6 milh\u00f5es, 9,8% de tudo o que o Canad\u00e1 comprou do Brasil. A produ\u00e7\u00e3o retomou os resultados comerciais anteriores \u00e0 pandemia. Ap\u00f3s o per\u00edodo de restri\u00e7\u00e3o \u00e0s viagens, a linha produtiva de aeronaves retomou, em 2023, os n\u00edveis anteriores.<\/p>\n<p><strong>Importa\u00e7\u00f5es<\/strong><\/p>\n<p>O Brasil registrou queda de 28% das importa\u00e7\u00f5es no primeiro semestre de 2023, em US$ 1,782 bilh\u00e3o. No mesmo per\u00edodo do ano passado o resultado foi de US$ 2,490 bilh\u00f5es.<\/p>\n<p>A compra de produtos semimanufaturados \u00e9 a mais representativa, mesmo com a queda de 72,4% para 61,9%, se comparado ao mesmo per\u00edodo de 2022. No entanto, o Brasil tem importado mais itens manufaturados em 2023, com aumento de participa\u00e7\u00e3o de 24,4% para 34% este ano, crescimento puxado pela maior compra de itens do setor aeron\u00e1utico, da ind\u00fastria de pl\u00e1stico e farmac\u00eautica.<\/p>\n<p><strong>SERVI\u00c7OS:<\/strong><\/p>\n<p>Acesse dados completos e an\u00e1lises no estudo completo da CCBC:\u00a0<a href=\"https:\/\/ccbc.org.br\/camara-comercio-brasil-canada\/publicacoes\/quick-trade-facts\/\"><strong>Quick Trade Facts<\/strong><\/a><\/p>\n<p><strong>\u00a0<\/strong><strong>Sobre a C\u00e2mara de Com\u00e9rcio Brasil-Canad\u00e1 (CCBC):<\/strong><\/p>\n<p>A C\u00e2mara de Com\u00e9rcio Brasil-Canad\u00e1 (CCBC) \u00e9 uma organiza\u00e7\u00e3o independente, mantida pelo setor privado e sem fins lucrativos, fundada em 1973. H\u00e1 49 anos, a CCBC aproxima pessoas, empresas, institui\u00e7\u00f5es p\u00fablicas e privadas de v\u00e1rios setores nos dois pa\u00edses. Com escrit\u00f3rios no Brasil e no Canad\u00e1, a institui\u00e7\u00e3o atua na constru\u00e7\u00e3o de conex\u00f5es para alavancar neg\u00f3cios, investimentos, estimular a inova\u00e7\u00e3o, o interc\u00e2mbio tecnol\u00f3gico e cultural bilateral.<\/p>\n<p><a href=\"https:\/\/ccbc.org.br\/\">Site da CCBC<\/a>\u00a0|\u00a0<a href=\"https:\/\/www.linkedin.com\/company\/ccbc.brca\/\">CCBC no LinkedIn<\/a>\u00a0|\u00a0<a href=\"https:\/\/www.facebook.com\/ccbc.brca\">CCBC no Facebook<\/a>\u00a0|\u00a0<a href=\"https:\/\/twitter.com\/ccbc_brca\">CCBC no Twitter<\/a>\u00a0|\u00a0<a href=\"https:\/\/www.instagram.com\/ccbc.brca\/\">CCBC no Instagram<\/a><\/p>\n<\/div>\n","protected":false},"excerpt":{"rendered":"<p>Exporta\u00e7\u00e3o de avi\u00f5es, m\u00e1quinas e outros ve\u00edculos a\u00e9reos, retoma crescimento anterior \u00e0 pandemia e responde por quase 10% de todos os itens comprados pelo Canad\u00e1 O Brasil vem mantendo o ritmo de crescimento no interc\u00e2mbio comercial com o Canad\u00e1, com aumento de 3% nas exporta\u00e7\u00f5es para o pa\u00eds norte-americano no primeiro semestre de 2023, segundo [&hellip;]<\/p>\n","protected":false},"author":2,"featured_media":11536,"comment_status":"open","ping_status":"open","sticky":false,"template":"","format":"standard","meta":{"_jetpack_memberships_contains_paid_content":false,"footnotes":""},"categories":[51,54,56,57,58,60],"tags":[8254],"featured_image_src":{"landsacpe":["https:\/\/revistaempresarios.net\/web\/wp-content\/uploads\/2023\/08\/bef26f6fe3277ff5e76f011e8bb8dd1f.jpg",1080,389,false],"list":["https:\/\/revistaempresarios.net\/web\/wp-content\/uploads\/2023\/08\/bef26f6fe3277ff5e76f011e8bb8dd1f-463x348.jpg",463,348,true],"medium":["https:\/\/revistaempresarios.net\/web\/wp-content\/uploads\/2023\/08\/bef26f6fe3277ff5e76f011e8bb8dd1f-300x108.jpg",300,108,true],"full":["https:\/\/revistaempresarios.net\/web\/wp-content\/uploads\/2023\/08\/bef26f6fe3277ff5e76f011e8bb8dd1f.jpg",1080,389,false]},"jetpack_sharing_enabled":true,"jetpack_featured_media_url":"https:\/\/revistaempresarios.net\/web\/wp-content\/uploads\/2023\/08\/bef26f6fe3277ff5e76f011e8bb8dd1f.jpg","jetpack-related-posts":[],"_links":{"self":[{"href":"https:\/\/revistaempresarios.net\/web\/wp-json\/wp\/v2\/posts\/11535"}],"collection":[{"href":"https:\/\/revistaempresarios.net\/web\/wp-json\/wp\/v2\/posts"}],"about":[{"href":"https:\/\/revistaempresarios.net\/web\/wp-json\/wp\/v2\/types\/post"}],"author":[{"embeddable":true,"href":"https:\/\/revistaempresarios.net\/web\/wp-json\/wp\/v2\/users\/2"}],"replies":[{"embeddable":true,"href":"https:\/\/revistaempresarios.net\/web\/wp-json\/wp\/v2\/comments?post=11535"}],"version-history":[{"count":1,"href":"https:\/\/revistaempresarios.net\/web\/wp-json\/wp\/v2\/posts\/11535\/revisions"}],"predecessor-version":[{"id":11537,"href":"https:\/\/revistaempresarios.net\/web\/wp-json\/wp\/v2\/posts\/11535\/revisions\/11537"}],"wp:featuredmedia":[{"embeddable":true,"href":"https:\/\/revistaempresarios.net\/web\/wp-json\/wp\/v2\/media\/11536"}],"wp:attachment":[{"href":"https:\/\/revistaempresarios.net\/web\/wp-json\/wp\/v2\/media?parent=11535"}],"wp:term":[{"taxonomy":"category","embeddable":true,"href":"https:\/\/revistaempresarios.net\/web\/wp-json\/wp\/v2\/categories?post=11535"},{"taxonomy":"post_tag","embeddable":true,"href":"https:\/\/revistaempresarios.net\/web\/wp-json\/wp\/v2\/tags?post=11535"}],"curies":[{"name":"wp","href":"https:\/\/api.w.org\/{rel}","templated":true}]}}