{"id":11308,"date":"2023-07-31T14:52:55","date_gmt":"2023-07-31T17:52:55","guid":{"rendered":"https:\/\/revistaempresarios.net\/web\/?p=11308"},"modified":"2023-07-31T14:52:55","modified_gmt":"2023-07-31T17:52:55","slug":"descubra-os-segredos-da-arte-da-negociacao-em-mais-um-episodio-do-podcast-primeira-impressao","status":"publish","type":"post","link":"https:\/\/revistaempresarios.net\/web\/2023\/07\/31\/descubra-os-segredos-da-arte-da-negociacao-em-mais-um-episodio-do-podcast-primeira-impressao\/","title":{"rendered":"Descubra os segredos da arte da negocia\u00e7\u00e3o em mais um epis\u00f3dio do podcast Primeira Impress\u00e3o"},"content":{"rendered":"<p class=\"fst-italic text-center\">Especialista e professora Sandra Stival \u00e9 a convidada do epis\u00f3dio<\/p>\n<div>\n<p>O projeto &#8220;Primeira Impress\u00e3o Podcast&#8221;, apresentado pelos empres\u00e1rios e profissionais de marketing Aline Wolff e Rodrigo Marrone, lan\u00e7a epis\u00f3dio com a participa\u00e7\u00e3o da especialista de Sandra Stival dedicado \u00e0 arte da negocia\u00e7\u00e3o. Os apresentadores exploram junto com a convidada sobre a import\u00e2ncia das habilidades de negocia\u00e7\u00e3o como primeiro impacto nas vendas e na tomada de decis\u00f5es das partes envolvidas. Assim, compartilham dicas valiosas para obter sucesso e fechar neg\u00f3cios de forma tranquila e assertiva.<\/p>\n<p>Aline Wolff e Rodrigo Marrone acreditam que o tempo \u00e9 um dos elementos mais poderosos na negocia\u00e7\u00e3o. Eles ressaltam que tanto os vendedores quanto os compradores t\u00eam um per\u00edodo limitado para tomar decis\u00f5es, o que torna crucial entender como aproveitar essa oportunidade. Durante o epis\u00f3dio, os apresentadores debatem com a convidada algumas estrat\u00e9gias eficazes para lidar com a oportunidade de uma negocia\u00e7\u00e3o, como estabelecer pre\u00e7os m\u00ednimos e m\u00e1ximos e abrir espa\u00e7o para argumenta\u00e7\u00e3o.<\/p>\n<p>Na exibi\u00e7\u00e3o, os participantes refor\u00e7am a import\u00e2ncia de um planejamento s\u00f3lido, o desenvolvimento de argumentos convincentes e a habilidade de lidar com as obje\u00e7\u00f5es dos clientes. Com exemplos pr\u00e1ticos e hist\u00f3rias inspiradas, eles mostram como uma negocia\u00e7\u00e3o bem conduzida pode fazer a diferen\u00e7a nas vendas e nos resultados do neg\u00f3cio.<\/p>\n<p>Poscast completo dispon\u00edvel em\u00a0<a href=\"https:\/\/www.youtube.com\/watch?v=RonCU6N3sP8&amp;t=11s\">(3953) A arte de Negociar &#8211; Como causar uma boa primeira impress\u00e3o? Com SANDRA STIVAL &#8211; YouTube<\/a>.<\/p>\n<p><strong>Sobre o &#8220;Primeira Impress\u00e3o Podcast&#8221;<\/strong><\/p>\n<p>O &#8220;Primeira Impress\u00e3o Podcast&#8221; \u00e9 uma fonte indispens\u00e1vel de informa\u00e7\u00f5es e insights sobre o mundo dos neg\u00f3cios. Nos epis\u00f3dios, os apresentadores trazem cases ilustrativos com importantes gestores e influenciadores de mercado. A transmiss\u00e3o ocorre nas plataformas de streaming do projeto, como YouTube e Spotfy. \u00c9 apoiado pela WH Comunica\u00e7\u00e3o, Milhas do Zero e \u00d3tica Splendere. O bate papo \u00e9 semanal e trata de marcas que causam aquela primeira boa impress\u00e3o p\u00fablica. Visa, assim, o desenvolvimento empresarial.<\/p>\n<\/div>\n<div class=\"text-center\">\n<div class=\"mt-5\"><\/div>\n<\/div>\n","protected":false},"excerpt":{"rendered":"<p>Especialista e professora Sandra Stival \u00e9 a convidada do epis\u00f3dio O projeto &#8220;Primeira Impress\u00e3o Podcast&#8221;, apresentado pelos empres\u00e1rios e profissionais de marketing Aline Wolff e Rodrigo Marrone, lan\u00e7a epis\u00f3dio com a participa\u00e7\u00e3o da especialista de Sandra Stival dedicado \u00e0 arte da negocia\u00e7\u00e3o. Os apresentadores exploram junto com a convidada sobre a import\u00e2ncia das habilidades de [&hellip;]<\/p>\n","protected":false},"author":2,"featured_media":11309,"comment_status":"open","ping_status":"open","sticky":false,"template":"","format":"standard","meta":{"_jetpack_memberships_contains_paid_content":false,"footnotes":""},"categories":[51,56,57,60],"tags":[8166],"featured_image_src":{"landsacpe":["https:\/\/revistaempresarios.net\/web\/wp-content\/uploads\/2023\/07\/Especialista-e-professora-Sandra-Stival-e-a-convidada-do-episodio-sobre-a-arte-da-negociacao-1140x445.jpg",1140,445,true],"list":["https:\/\/revistaempresarios.net\/web\/wp-content\/uploads\/2023\/07\/Especialista-e-professora-Sandra-Stival-e-a-convidada-do-episodio-sobre-a-arte-da-negociacao-463x348.jpg",463,348,true],"medium":["https:\/\/revistaempresarios.net\/web\/wp-content\/uploads\/2023\/07\/Especialista-e-professora-Sandra-Stival-e-a-convidada-do-episodio-sobre-a-arte-da-negociacao-300x300.jpg",300,300,true],"full":["https:\/\/revistaempresarios.net\/web\/wp-content\/uploads\/2023\/07\/Especialista-e-professora-Sandra-Stival-e-a-convidada-do-episodio-sobre-a-arte-da-negociacao.jpg",1220,1220,false]},"jetpack_sharing_enabled":true,"jetpack_featured_media_url":"https:\/\/revistaempresarios.net\/web\/wp-content\/uploads\/2023\/07\/Especialista-e-professora-Sandra-Stival-e-a-convidada-do-episodio-sobre-a-arte-da-negociacao.jpg","jetpack-related-posts":[],"_links":{"self":[{"href":"https:\/\/revistaempresarios.net\/web\/wp-json\/wp\/v2\/posts\/11308"}],"collection":[{"href":"https:\/\/revistaempresarios.net\/web\/wp-json\/wp\/v2\/posts"}],"about":[{"href":"https:\/\/revistaempresarios.net\/web\/wp-json\/wp\/v2\/types\/post"}],"author":[{"embeddable":true,"href":"https:\/\/revistaempresarios.net\/web\/wp-json\/wp\/v2\/users\/2"}],"replies":[{"embeddable":true,"href":"https:\/\/revistaempresarios.net\/web\/wp-json\/wp\/v2\/comments?post=11308"}],"version-history":[{"count":1,"href":"https:\/\/revistaempresarios.net\/web\/wp-json\/wp\/v2\/posts\/11308\/revisions"}],"predecessor-version":[{"id":11310,"href":"https:\/\/revistaempresarios.net\/web\/wp-json\/wp\/v2\/posts\/11308\/revisions\/11310"}],"wp:featuredmedia":[{"embeddable":true,"href":"https:\/\/revistaempresarios.net\/web\/wp-json\/wp\/v2\/media\/11309"}],"wp:attachment":[{"href":"https:\/\/revistaempresarios.net\/web\/wp-json\/wp\/v2\/media?parent=11308"}],"wp:term":[{"taxonomy":"category","embeddable":true,"href":"https:\/\/revistaempresarios.net\/web\/wp-json\/wp\/v2\/categories?post=11308"},{"taxonomy":"post_tag","embeddable":true,"href":"https:\/\/revistaempresarios.net\/web\/wp-json\/wp\/v2\/tags?post=11308"}],"curies":[{"name":"wp","href":"https:\/\/api.w.org\/{rel}","templated":true}]}}