{"id":11268,"date":"2023-07-27T17:42:12","date_gmt":"2023-07-27T20:42:12","guid":{"rendered":"https:\/\/revistaempresarios.net\/web\/?p=11268"},"modified":"2023-07-27T17:42:12","modified_gmt":"2023-07-27T20:42:12","slug":"fernanda-sanchez-cria-marca-de-quadros-que-utiliza-madeira-proveniente-de-reflorestamento","status":"publish","type":"post","link":"https:\/\/revistaempresarios.net\/web\/2023\/07\/27\/fernanda-sanchez-cria-marca-de-quadros-que-utiliza-madeira-proveniente-de-reflorestamento\/","title":{"rendered":"Fernanda Sanchez cria marca de quadros que utiliza madeira proveniente de reflorestamento"},"content":{"rendered":"<p class=\"fst-italic text-center\">Fot\u00f3grafa brasileira, empres\u00e1ria e especialista em fotografia de rec\u00e9m-nascidos, explica que as pe\u00e7as s\u00e3o \u00fanicas e confeccionadas artesanalmente<\/p>\n<div>\n<p>O desenvolvimento de um empreendimento \u00e9 uma jornada repleta de desafios e obst\u00e1culos, e quando se trata das mulheres empreendedoras, essas dificuldades muitas vezes se intensificam. Apesar dos avan\u00e7os na igualdade de g\u00eanero, ainda existem barreiras culturais, sociais e econ\u00f4micas que afetam sua capacidade de prosperar no mundo dos neg\u00f3cios.<\/p>\n<p>A falta de acesso a financiamento, o preconceito de g\u00eanero e as expectativas tradicionais s\u00e3o apenas algumas das quest\u00f5es que impactam negativamente o crescimento e o sucesso de empreendimentos liderados por mulheres. No entanto, algumas conseguem transformar suas vis\u00f5es em realidade.<\/p>\n<p>A fot\u00f3grafa\u00a0<a href=\"https:\/\/www.instagram.com\/studiofersanchez\/\" target=\"_blank\" rel=\"noopener\">Fernanda Sanchez<\/a>, por exemplo, pioneira brasileira e refer\u00eancia internacional na \u00e1rea da fotografia de rec\u00e9m-nascidos, acumulando mais de 15 anos de experi\u00eancia neste campo, \u00e9 idealizadora do La Madera, marca que desenvolve pe\u00e7as de moldura exclusivas, que unem a fotografia e design com produ\u00e7\u00f5es artesanais utilizando mat\u00e9rias-primas provenientes do manejo florestal.<\/p>\n<p>De acordo com a empres\u00e1ria, a ideia surgiu em 2016. \u201cDurante uma viagem \u00e0 Esc\u00f3cia, conheci um quadro artesanal holand\u00eas e me encantei, pois n\u00e3o havia nada parecido no Brasil. Vi a oportunidade de replicar um cen\u00e1rio semelhante com os fot\u00f3grafos brasileiros, que poderiam lucrar ainda mais oferecendo essas pe\u00e7as aos seus clientes. Iniciei uma sociedade com meu pai e nos reunimos com alguns artes\u00e3os para fazer projetos iniciais e lan\u00e7ar produtos. Depois de muitos testes e detalhes ajustados, encontramos um conceito \u00fanico\u201d, revela.<\/p>\n<p>Fernanda define os produtos da La Madera como a combina\u00e7\u00e3o perfeita entre a tend\u00eancia r\u00fastica, a originalidade do contempor\u00e2neo e a irrever\u00eancia da arte. \u201cS\u00e3o pe\u00e7as exclusivas no Brasil, que utilizam mat\u00e9rias-primas provenientes do manejo florestal, unindo design, produ\u00e7\u00e3o artesanal e momentos memor\u00e1veis. \u00c9 a eleg\u00e2ncia transformada em um artigo \u00fanico\u201d, declara.<\/p>\n<p>A recep\u00e7\u00e3o aos produtos da marca foi extremamente positiva no mercado. \u201cFizemos um lan\u00e7amento com fot\u00f3grafos influentes de cada \u00e1rea da fotografia, como casamento, fam\u00edlia e paisagismo. Como era um produto totalmente novo no pa\u00eds e com uma qualidade superior, foi muito bem aceito. Foi \u00f3timo, tamb\u00e9m, para os profissionais, que podem vender as pe\u00e7as com uma boa margem de lucro, al\u00e9m de estarem oferecendo um artigo sustent\u00e1vel e diferenciado para os seus clientes\u201d, relata.<\/p>\n<p>A linha de maior sucesso da marca \u00e9 a Woodblocks, que conta com amplia\u00e7\u00e3o em um papel fotogr\u00e1fico profissional, acabamento com bopp fosco aveludado, prote\u00e7\u00e3o contra raios UV, cantos arredondados \u00e0 m\u00e3o e pode ser solicitado nos mais diversos formatos. \u201cDe tempos em tempos, lan\u00e7amos novos produtos e acess\u00f3rios que agregam valor ao cat\u00e1logo da marca, ajudando diretamente nossos parceiros que vendem as pe\u00e7as da La Madera\u201d, pontua Fernanda.<\/p>\n<p>Para a empres\u00e1ria, os produtos da marca s\u00e3o \u00fanicos. \u201cA mat\u00e9ria-prima da linha Woodblocks \u00e9 proveniente de reflorestamento e de fornecedores com certifica\u00e7\u00e3o FSC, enquanto a linha WoodFrames \u00e9 confeccionada com madeira reaproveitada de demoli\u00e7\u00f5es. Ainda assim, o grande diferencial \u00e9 o processo de produ\u00e7\u00e3o artesanal e acabamento manual feito pelos nossos artes\u00e3os\u201d, finaliza.<\/p>\n<p><strong>Sobre Fernanda Sanchez<\/strong><\/p>\n<p>Precursora brasileira e refer\u00eancia internacional na fotografia newborn com mais de 15 anos de experi\u00eancia fotografando rec\u00e9m-nascidos. Cursou e fotografou com refer\u00eancias mundiais, na Europa, Austr\u00e1lia, Reino Unido e Estados Unidos, sobre Fotografia Newborn, al\u00e9m de fisiologia neonatal, visagismo e psicologia p\u00f3s-parto.<\/p>\n<p>Palestrante desde 2011 dos maiores congressos de fotografia do Brasil, Argentina, Chile, Paraguai e Peru. Professora com mais de 2000 horas lecionando cursos para fot\u00f3grafos em todo o Brasil, Am\u00e9rica Latina e Estados Unidos. Jurada dos maiores concursos de fotografia do mundo, como Inspiration Photographers, Outstanding Awards, Newborn Lovers, Amarelos, entre outros. Publicou o primeiro DVD educacional do Brasil sobre Fotografia Newborn. Criadora da Cotton the Posing Doll, a primeira boneca posicionadora da Am\u00e9rica Latina. Para\u00a0\u00a0mais informa\u00e7\u00f5es, acesse\u00a0<a href=\"http:\/\/www.fersanchezstudio.com\/\">fersanchezstudio.com<\/a>\u00a0ou\u00a0<a href=\"https:\/\/www.instagram.com\/studiofersanchez\/\">@studiofersanchez<\/a><\/p>\n<\/div>\n<div class=\"text-center\">\n<div class=\"mt-5\"><\/div>\n<\/div>\n","protected":false},"excerpt":{"rendered":"<p>Fot\u00f3grafa brasileira, empres\u00e1ria e especialista em fotografia de rec\u00e9m-nascidos, explica que as pe\u00e7as s\u00e3o \u00fanicas e confeccionadas artesanalmente O desenvolvimento de um empreendimento \u00e9 uma jornada repleta de desafios e obst\u00e1culos, e quando se trata das mulheres empreendedoras, essas dificuldades muitas vezes se intensificam. Apesar dos avan\u00e7os na igualdade de g\u00eanero, ainda existem barreiras culturais, [&hellip;]<\/p>\n","protected":false},"author":2,"featured_media":11269,"comment_status":"open","ping_status":"open","sticky":false,"template":"","format":"standard","meta":{"_jetpack_memberships_contains_paid_content":false,"_joinchat":[],"footnotes":""},"categories":[51,56],"tags":[8148],"featured_image_src":{"landsacpe":["https:\/\/revistaempresarios.net\/web\/wp-content\/uploads\/2023\/07\/fotografa-Fernanda-Sanchez-800x445.webp",800,445,true],"list":["https:\/\/revistaempresarios.net\/web\/wp-content\/uploads\/2023\/07\/fotografa-Fernanda-Sanchez-463x348.webp",463,348,true],"medium":["https:\/\/revistaempresarios.net\/web\/wp-content\/uploads\/2023\/07\/fotografa-Fernanda-Sanchez-300x200.webp",300,200,true],"full":["https:\/\/revistaempresarios.net\/web\/wp-content\/uploads\/2023\/07\/fotografa-Fernanda-Sanchez.webp",800,533,false]},"jetpack_sharing_enabled":true,"jetpack_featured_media_url":"https:\/\/revistaempresarios.net\/web\/wp-content\/uploads\/2023\/07\/fotografa-Fernanda-Sanchez.webp","jetpack-related-posts":[],"_links":{"self":[{"href":"https:\/\/revistaempresarios.net\/web\/wp-json\/wp\/v2\/posts\/11268"}],"collection":[{"href":"https:\/\/revistaempresarios.net\/web\/wp-json\/wp\/v2\/posts"}],"about":[{"href":"https:\/\/revistaempresarios.net\/web\/wp-json\/wp\/v2\/types\/post"}],"author":[{"embeddable":true,"href":"https:\/\/revistaempresarios.net\/web\/wp-json\/wp\/v2\/users\/2"}],"replies":[{"embeddable":true,"href":"https:\/\/revistaempresarios.net\/web\/wp-json\/wp\/v2\/comments?post=11268"}],"version-history":[{"count":1,"href":"https:\/\/revistaempresarios.net\/web\/wp-json\/wp\/v2\/posts\/11268\/revisions"}],"predecessor-version":[{"id":11270,"href":"https:\/\/revistaempresarios.net\/web\/wp-json\/wp\/v2\/posts\/11268\/revisions\/11270"}],"wp:featuredmedia":[{"embeddable":true,"href":"https:\/\/revistaempresarios.net\/web\/wp-json\/wp\/v2\/media\/11269"}],"wp:attachment":[{"href":"https:\/\/revistaempresarios.net\/web\/wp-json\/wp\/v2\/media?parent=11268"}],"wp:term":[{"taxonomy":"category","embeddable":true,"href":"https:\/\/revistaempresarios.net\/web\/wp-json\/wp\/v2\/categories?post=11268"},{"taxonomy":"post_tag","embeddable":true,"href":"https:\/\/revistaempresarios.net\/web\/wp-json\/wp\/v2\/tags?post=11268"}],"curies":[{"name":"wp","href":"https:\/\/api.w.org\/{rel}","templated":true}]}}