{"id":11094,"date":"2023-07-24T10:05:09","date_gmt":"2023-07-24T13:05:09","guid":{"rendered":"https:\/\/revistaempresarios.net\/web\/?p=11094"},"modified":"2023-07-24T10:05:09","modified_gmt":"2023-07-24T13:05:09","slug":"woba-disponibiliza-uma-semana-de-coworking-gratuito-em-agosto","status":"publish","type":"post","link":"https:\/\/revistaempresarios.net\/web\/2023\/07\/24\/woba-disponibiliza-uma-semana-de-coworking-gratuito-em-agosto\/","title":{"rendered":"Woba disponibiliza uma semana de coworking gratuito em agosto"},"content":{"rendered":"<div>\n<p><i>A\u00e7\u00e3o acontece entre os dias 7 e 11 de agosto e visa popularizar o uso de escrit\u00f3rios compartilhados na nova era do trabalho flex\u00edvel; reservas dever\u00e3o ser feitas on-line a partir de 18 de julho<\/i><\/p>\n<div>\n<p>Entre os dias 7 e 11 de agosto, a\u00a0<strong>Woba (<\/strong><a href=\"http:\/\/www.woba.com.br\/\" target=\"_blank\" rel=\"noopener noreferrer\"><strong>www.woba.com.br<\/strong><\/a><strong>), maior rede de escrit\u00f3rios flex\u00edveis da Am\u00e9rica Latina<\/strong>, vai promover a\u00a0<strong>\u201cCoworking Week 2023\u201d,\u00a0<\/strong>uma semana inteira de<strong>\u00a0reservas gratuitas<\/strong>\u00a0em mais de 2 mil espa\u00e7os\u00a0 de 250 munic\u00edpios brasileiros. A partir do dia 18 de julho, os usu\u00e1rios poder\u00e3o reservar esta\u00e7\u00f5es de trabalho em coworkings de todo o Brasil, aproveitando locais estruturados e criativos para um dia produtivo. As reservas poder\u00e3o ser realizadas no site e aplicativo da Woba:\u00a0<a href=\"https:\/\/woba.com.br\/home\/pt-br\" target=\"_blank\" rel=\"noopener noreferrer\">https:\/\/woba.com.br\/home\/pt-br<\/a>.<\/p>\n<p><em>\u201cO trabalho h\u00edbrido j\u00e1 \u00e9 uma realidade no Brasil, se consolidando a partir da maioria das empresas que decidem a volta flex\u00edvel e parcial ao presencial. A rede de coworkings da Woba oferece uma capilaridade que permite \u00e0s companhias a possibilidade de alcan\u00e7ar os colaboradores espalhados pelo pa\u00eds, oferecer uma estrutura adequada e ainda faz\u00ea-los sentirem-se parte da cultura da empresa. Al\u00e9m disso, a\u00a0 possibilidade de encontrar\u00a0 outros colegas e amigos mant\u00e9m vivo o esp\u00edrito de colabora\u00e7\u00e3o\u201d<\/em>, declara a CEO da Woba, Roberta Vasconcellos.<\/p>\n<p>A Coworking Week \u00e9 destinada \u00e0s pessoas que sentem falta de trabalhar fora de casa, querem encontrar pessoas e mudar de ambiente durante o expediente. Algo que, atualmente, o home office n\u00e3o oferece.\u00a0Segundo\u00a0<a href=\"https:\/\/www.bloomberglinea.com.br\/2022\/04\/17\/trabalho-hibrido-1-ou-2-dias-no-escritorio-e-o-ideal-diz-estudo-de-harvard\/\" target=\"_blank\" rel=\"noopener noreferrer\">um estudo da Harvard Business School<\/a>, um ou dois dias de trabalho no escrit\u00f3rio \u00e9 a configura\u00e7\u00e3o ideal para o trabalho h\u00edbrido, pois possibilita que os trabalhadores tenham a flexibilidade desejada, sem terem que ficar completamente isolados.<\/p>\n<p>Para realizar as reservas, os visitantes precisam apenas se cadastrar com um e-mail corporativo. Al\u00e9m da gratuidade na utiliza\u00e7\u00e3o, haver\u00e1 diversas ativa\u00e7\u00f5es nos espa\u00e7os no per\u00edodo e a programa\u00e7\u00e3o ser\u00e1 lan\u00e7ada em breve.\u00a0Segundo um estudo da Harvard Business School, um ou dois dias de trabalho no escrit\u00f3rio \u00e9 a configura\u00e7\u00e3o ideal para o trabalho h\u00edbrido, pois possibilita que os trabalhadores tenham a flexibilidade desejada, sem terem que ficar completamente isolados.<\/p>\n<p><em>\u201cOferecer esse tipo de benef\u00edcio aos colaboradores possibilita que eles tenham uma nova vis\u00e3o da atua\u00e7\u00e3o profissional, aproximando pessoas e clientes, al\u00e9m de dar oportunidade de todos encontrarem o verdadeiro balan\u00e7o entre a vida e o trabalho\u201d<\/em>, completa Roberta.<\/p>\n<p>A escolha para a data da Coworking Week n\u00e3o foi aleat\u00f3ria. Em 9 de agosto \u00e9 comemorado o Dia do Coworking, em raz\u00e3o de quando o termo, em 2005, foi utilizado pela primeira vez para se referir ao espa\u00e7o de trabalho compartilhado j\u00e1 com uso de tecnologias como a internet, reunindo profissionais diversos em um mesmo espa\u00e7o.<\/p>\n<p><strong>Coworking, um alicerce para o futuro do trabalho flex\u00edvel<\/strong><\/p>\n<p>Dados do \u201cCenso Coworking 2023 &#8211; Uma an\u00e1lise Woba do mercado brasileiro\u201d, da Woba, mostram que a abertura de escrit\u00f3rios compartilhados\u00a0saltou 63% entre 2019 e 2023 no Brasil.\u00a0De fato, muitas empresas v\u00eam deixando os locais tradicionais por solu\u00e7\u00f5es flex\u00edveis. Atualmente, a rede Woba atende empresas como XP, Yalo, Albert Einstein, Banco Inter, CNH Industrial e iFood, por exemplo.<\/p>\n<p>O motivo pela escolha de um coworking, segundo 44% dos entrevistados do Censo, \u00e9 a proposta de valor de comunidade e conex\u00e3o, sendo a redu\u00e7\u00e3o de custos a segunda escolha (42%).<\/p>\n<p><strong>Servi\u00e7o<\/strong><\/p>\n<p><strong><em>Coworking Week da Woba<\/em><\/strong><\/p>\n<p>Entre os dias 7 e 11 de agosto de 2023<\/p>\n<p>Mais de 2 mil espa\u00e7os dispon\u00edveis para reservas gr\u00e1tis<\/p>\n<p>Reservas a partir de 18 de julho<\/p>\n<p><a href=\"http:\/\/www.woba.com.br\/\" target=\"_blank\" rel=\"noopener noreferrer\"><strong>www.woba.com.br<\/strong><\/a><\/p>\n<p><strong>Sobre a Woba<\/strong>\u00a0&#8211; Ecossistema de solu\u00e7\u00f5es de trabalho. Fundada em 2017, dentro da comunidade San Pedro Valley, em Belo Horizonte, com o nome BeerOrCoffee, A Woba tornou-se o maior marketplace de coworkings da Am\u00e9rica Latina. Em 2022, passou a aderir ao conceito \u201cWork-Life Balance\u201d e se transformou em Woba. Conta com mais de 150 colaboradores, que trabalham de norte a sul do Brasil e do exterior. Entre seus clientes est\u00e3o XP, iFood, Yalo, Albert Einstein, Gupy e Banco Inter. Os investimentos recebidos s\u00e3o R$ 8 milh\u00f5es (2018) de Kees Koolen, fundador do Booking.com, e de R$ 50 milh\u00f5es (2021) dos fundos Kaszek e Valor. Atualmente, participa do programa de acelera\u00e7\u00e3o Scale-Up Endeavor, que seleciona empresas com alto potencial de crescimento no pa\u00eds. Saiba mais em<a href=\"http:\/\/www.woba.com.br\/\" target=\"_blank\" rel=\"noopener noreferrer\">\u00a0www.woba.com.br<\/a>.<\/p>\n<\/div>\n<\/div>\n","protected":false},"excerpt":{"rendered":"<p>A\u00e7\u00e3o acontece entre os dias 7 e 11 de agosto e visa popularizar o uso de escrit\u00f3rios compartilhados na nova era do trabalho flex\u00edvel; reservas dever\u00e3o ser feitas on-line a partir de 18 de julho Entre os dias 7 e 11 de agosto, a\u00a0Woba (www.woba.com.br), maior rede de escrit\u00f3rios flex\u00edveis da Am\u00e9rica Latina, vai promover [&hellip;]<\/p>\n","protected":false},"author":2,"featured_media":11095,"comment_status":"open","ping_status":"open","sticky":false,"template":"","format":"standard","meta":{"_jetpack_memberships_contains_paid_content":false,"footnotes":""},"categories":[51,56,58,60],"tags":[8075],"featured_image_src":{"landsacpe":["https:\/\/revistaempresarios.net\/web\/wp-content\/uploads\/2023\/07\/Woba-disponibiliza-uma-semana-de-coworking-gratuito-em-agosto-1140x445.jpg",1140,445,true],"list":["https:\/\/revistaempresarios.net\/web\/wp-content\/uploads\/2023\/07\/Woba-disponibiliza-uma-semana-de-coworking-gratuito-em-agosto-463x348.jpg",463,348,true],"medium":["https:\/\/revistaempresarios.net\/web\/wp-content\/uploads\/2023\/07\/Woba-disponibiliza-uma-semana-de-coworking-gratuito-em-agosto-300x200.jpg",300,200,true],"full":["https:\/\/revistaempresarios.net\/web\/wp-content\/uploads\/2023\/07\/Woba-disponibiliza-uma-semana-de-coworking-gratuito-em-agosto.jpg",2560,1707,false]},"jetpack_sharing_enabled":true,"jetpack_featured_media_url":"https:\/\/revistaempresarios.net\/web\/wp-content\/uploads\/2023\/07\/Woba-disponibiliza-uma-semana-de-coworking-gratuito-em-agosto.jpg","jetpack-related-posts":[],"_links":{"self":[{"href":"https:\/\/revistaempresarios.net\/web\/wp-json\/wp\/v2\/posts\/11094"}],"collection":[{"href":"https:\/\/revistaempresarios.net\/web\/wp-json\/wp\/v2\/posts"}],"about":[{"href":"https:\/\/revistaempresarios.net\/web\/wp-json\/wp\/v2\/types\/post"}],"author":[{"embeddable":true,"href":"https:\/\/revistaempresarios.net\/web\/wp-json\/wp\/v2\/users\/2"}],"replies":[{"embeddable":true,"href":"https:\/\/revistaempresarios.net\/web\/wp-json\/wp\/v2\/comments?post=11094"}],"version-history":[{"count":1,"href":"https:\/\/revistaempresarios.net\/web\/wp-json\/wp\/v2\/posts\/11094\/revisions"}],"predecessor-version":[{"id":11096,"href":"https:\/\/revistaempresarios.net\/web\/wp-json\/wp\/v2\/posts\/11094\/revisions\/11096"}],"wp:featuredmedia":[{"embeddable":true,"href":"https:\/\/revistaempresarios.net\/web\/wp-json\/wp\/v2\/media\/11095"}],"wp:attachment":[{"href":"https:\/\/revistaempresarios.net\/web\/wp-json\/wp\/v2\/media?parent=11094"}],"wp:term":[{"taxonomy":"category","embeddable":true,"href":"https:\/\/revistaempresarios.net\/web\/wp-json\/wp\/v2\/categories?post=11094"},{"taxonomy":"post_tag","embeddable":true,"href":"https:\/\/revistaempresarios.net\/web\/wp-json\/wp\/v2\/tags?post=11094"}],"curies":[{"name":"wp","href":"https:\/\/api.w.org\/{rel}","templated":true}]}}