{"id":10924,"date":"2023-07-18T10:39:38","date_gmt":"2023-07-18T13:39:38","guid":{"rendered":"https:\/\/revistaempresarios.net\/web\/?p=10924"},"modified":"2023-07-18T10:39:38","modified_gmt":"2023-07-18T13:39:38","slug":"inverno-aquecido-vendas-em-alta-para-calcados-vestuario-e-gastronomia","status":"publish","type":"post","link":"https:\/\/revistaempresarios.net\/web\/2023\/07\/18\/inverno-aquecido-vendas-em-alta-para-calcados-vestuario-e-gastronomia\/","title":{"rendered":"Inverno Aquecido: vendas em alta para cal\u00e7ados, vestu\u00e1rio e gastronomia"},"content":{"rendered":"<div class=\"itemBody\">\n<div class=\"itemIntroText\">\n<p>Segundo levantamento feito pela Confedera\u00e7\u00e3o Nacional do Com\u00e9rcio de Bens, Servi\u00e7os e Turismo (CNC) no ano passado o inverno gerou em torno de R$ 13,7 bilh\u00f5es em vendas no varejo<\/p>\n<\/div>\n<div class=\"itemFullText\">\n<p>Com a chegada do inverno, as perspectivas para os setores de cal\u00e7ados, vestu\u00e1rio e gastronomia s\u00e3o animadoras. O clima frio e a busca por aconchego impulsionam a demanda por itens que proporcionem conforto, estilo e sabores irresist\u00edveis.<\/p>\n<p>O inverno \u00e9 uma \u00e9poca que desperta nas pessoas a necessidade de se proteger do frio, mas tamb\u00e9m de se sentir bem e confiantes em rela\u00e7\u00e3o \u00e0 apar\u00eancia. Segundo levantamento feito pela Confedera\u00e7\u00e3o Nacional do Com\u00e9rcio de Bens, Servi\u00e7os e Turismo (CNC), no ano passado o inverno tinha a expectativa de R$ 13,7 bilh\u00f5es em vendas no varejo.<\/p>\n<p>O setor de cal\u00e7ados e vestu\u00e1rio aproveita essa demanda sazonal para oferecer uma ampla variedade de op\u00e7\u00f5es elegantes e confort\u00e1veis, garantindo que os consumidores estejam preparados para enfrentar as baixas temperaturas com estilo.<\/p>\n<p>Para o Mentor de Empres\u00e1rios, Andr\u00e9 Minucci, a esta\u00e7\u00e3o gelada traz consigo \u00f3timas perspectivas para os setores de cal\u00e7ados, vestu\u00e1rio e gastronomia. \u201cOs consumidores est\u00e3o em busca de conforto, estilo e experi\u00eancias aconchegantes, o que abre espa\u00e7o para o crescimento e o sucesso dos neg\u00f3cios nesses segmentos\u201d, comenta o especialista.<\/p>\n<p><strong>Tend\u00eancias e crescimento inverno 2023<\/strong><\/p>\n<p>O inverno de 2023 traz uma nova tend\u00eancia de moda que est\u00e1 conquistando os brasileiros: os bobojacos. Segundo dados fornecidos pelo Data Shopee, uma plataforma de com\u00e9rcio eletr\u00f4nico, essas pe\u00e7as de vestu\u00e1rio t\u00eam sido as mais desejadas pelos consumidores. O termo &#8220;bobojaco&#8221; registrou um impressionante crescimento de 242% nas buscas.<\/p>\n<p>Segundo estimativas do mercado, as vendas de cal\u00e7ados e vestu\u00e1rio durante a temporada de inverno devem apresentar um crescimento significativo em rela\u00e7\u00e3o ao ano anterior. A busca por botas, sapatos fechados, su\u00e9teres, cachec\u00f3is e outros itens relacionados ao inverno tende a aumentar consideravelmente. Al\u00e9m disso, as marcas que investem em tecidos de qualidade, design inovador e sustentabilidade t\u00eam uma vantagem competitiva na prefer\u00eancia dos consumidores conscientes.<\/p>\n<p>No setor gastron\u00f4mico, o inverno tamb\u00e9m traz boas perspectivas. As pessoas buscam refei\u00e7\u00f5es quentes, bebidas reconfortantes e pratos que remetam ao aconchego de casa. \u201cRestaurantes, cafeterias e bares podem aproveitar essa demanda para oferecer um card\u00e1pio sazonalmente tem\u00e1tico, incluindo pratos quentes, sopas, fondues, bebidas quentes\u201d, diz Andr\u00e9. A cria\u00e7\u00e3o de experi\u00eancias gastron\u00f4micas \u00fanicas, com ambientes acolhedores e decora\u00e7\u00e3o tem\u00e1tica, tamb\u00e9m contribui para atrair e fidelizar clientes durante o inverno.<\/p>\n<p><strong>Dicas para impulsionar as vendas<\/strong><\/p>\n<p>Diante desse cen\u00e1rio, Andr\u00e9 Minucci, mentor de empres\u00e1rios reconhecido por suas estrat\u00e9gias de sucesso, compartilha algumas dicas essenciais para os empreendedores que desejam aproveitar ao m\u00e1ximo as oportunidades desta temporada. Minucci destaca a import\u00e2ncia de:<\/p>\n<p>CONHECER O SEU P\u00daBLICO-ALVO: Entender as necessidades, prefer\u00eancias e comportamentos dos clientes permite direcionar seus esfor\u00e7os de marketing e desenvolver produtos e servi\u00e7os personalizados para atender \u00e0s suas expectativas.<\/p>\n<p>INOVAR NO DESIGN E NA QUALIDADE: Investir em produtos com design diferenciado, materiais de alta qualidade e durabilidade \u00e9 fundamental para conquistar a confian\u00e7a e satisfa\u00e7\u00e3o dos consumidores exigentes.<\/p>\n<p>CRIAR EXPERI\u00caNCIAS MEMOR\u00c1VEIS: Oferecer um atendimento excepcional, criar ambientes aconchegantes e proporcionar momentos \u00fanicos para os clientes contribui para que eles se tornem promotores de sua marca, compartilhando suas experi\u00eancias positivas com outros potenciais clientes.<\/p>\n<p>APOSTAR NO MARKETING DIGITAL: Utilizar estrat\u00e9gias de marketing digital, como redes sociais, e-mail marketing e influenciadores, pode ampliar o alcance da sua marca e atrair novos clientes. Aproveite as plataformas online para destacar os seus produtos e servi\u00e7os, compartilhar conte\u00fado relevante e engajar o seu p\u00fablico.<\/p>\n<p>INVESTIR NA CAPACITA\u00c7\u00c3O: Buscar conhecimento e aprimoramento cont\u00ednuo \u00e9 essencial para se manter atualizado e competitivo no mercado. Uma mentoria empresarial pode ser um excelente recurso para adquirir insights valiosos, orienta\u00e7\u00f5es personalizadas e suporte estrat\u00e9gico.<\/p>\n<p>\u201cAtrav\u00e9s desse trabalho, os empres\u00e1rios t\u00eam o acompanhamento com um mentor, capaz de fornecer orienta\u00e7\u00f5es personalizadas, criar um plano de a\u00e7\u00e3o, compartilhar conhecimentos e auxiliar na identifica\u00e7\u00e3o de oportunidades de crescimento\u201d, diz.<\/p>\n<p>Os empreendedores nesse inverno t\u00eam a oportunidade de potencializar suas vendas, fortalecer suas marcas e se destacar em um mercado cada vez mais competitivo. Aproveite as oportunidades que o inverno traz e prepare-se para uma temporada de sucesso\u201d, finaliza<\/p>\n<\/div>\n<\/div>\n<div class=\"e-mailit_toolbox circular  size48\">\n<div class=\"e-mailit_btn_EMAILiT\"><\/div>\n<\/div>\n","protected":false},"excerpt":{"rendered":"<p>Segundo levantamento feito pela Confedera\u00e7\u00e3o Nacional do Com\u00e9rcio de Bens, Servi\u00e7os e Turismo (CNC) no ano passado o inverno gerou em torno de R$ 13,7 bilh\u00f5es em vendas no varejo Com a chegada do inverno, as perspectivas para os setores de cal\u00e7ados, vestu\u00e1rio e gastronomia s\u00e3o animadoras. O clima frio e a busca por aconchego [&hellip;]<\/p>\n","protected":false},"author":2,"featured_media":10925,"comment_status":"open","ping_status":"open","sticky":false,"template":"","format":"standard","meta":{"_jetpack_memberships_contains_paid_content":false,"footnotes":""},"categories":[51,54,56,57],"tags":[8009,8010],"featured_image_src":{"landsacpe":["https:\/\/revistaempresarios.net\/web\/wp-content\/uploads\/2023\/07\/ce6c67fb32c56acfe900228c4e39a4a0_XL-1140x445.jpg",1140,445,true],"list":["https:\/\/revistaempresarios.net\/web\/wp-content\/uploads\/2023\/07\/ce6c67fb32c56acfe900228c4e39a4a0_XL-463x348.jpg",463,348,true],"medium":["https:\/\/revistaempresarios.net\/web\/wp-content\/uploads\/2023\/07\/ce6c67fb32c56acfe900228c4e39a4a0_XL-300x290.jpg",300,290,true],"full":["https:\/\/revistaempresarios.net\/web\/wp-content\/uploads\/2023\/07\/ce6c67fb32c56acfe900228c4e39a4a0_XL.jpg",1220,1179,false]},"jetpack_sharing_enabled":true,"jetpack_featured_media_url":"https:\/\/revistaempresarios.net\/web\/wp-content\/uploads\/2023\/07\/ce6c67fb32c56acfe900228c4e39a4a0_XL.jpg","jetpack-related-posts":[],"_links":{"self":[{"href":"https:\/\/revistaempresarios.net\/web\/wp-json\/wp\/v2\/posts\/10924"}],"collection":[{"href":"https:\/\/revistaempresarios.net\/web\/wp-json\/wp\/v2\/posts"}],"about":[{"href":"https:\/\/revistaempresarios.net\/web\/wp-json\/wp\/v2\/types\/post"}],"author":[{"embeddable":true,"href":"https:\/\/revistaempresarios.net\/web\/wp-json\/wp\/v2\/users\/2"}],"replies":[{"embeddable":true,"href":"https:\/\/revistaempresarios.net\/web\/wp-json\/wp\/v2\/comments?post=10924"}],"version-history":[{"count":1,"href":"https:\/\/revistaempresarios.net\/web\/wp-json\/wp\/v2\/posts\/10924\/revisions"}],"predecessor-version":[{"id":10926,"href":"https:\/\/revistaempresarios.net\/web\/wp-json\/wp\/v2\/posts\/10924\/revisions\/10926"}],"wp:featuredmedia":[{"embeddable":true,"href":"https:\/\/revistaempresarios.net\/web\/wp-json\/wp\/v2\/media\/10925"}],"wp:attachment":[{"href":"https:\/\/revistaempresarios.net\/web\/wp-json\/wp\/v2\/media?parent=10924"}],"wp:term":[{"taxonomy":"category","embeddable":true,"href":"https:\/\/revistaempresarios.net\/web\/wp-json\/wp\/v2\/categories?post=10924"},{"taxonomy":"post_tag","embeddable":true,"href":"https:\/\/revistaempresarios.net\/web\/wp-json\/wp\/v2\/tags?post=10924"}],"curies":[{"name":"wp","href":"https:\/\/api.w.org\/{rel}","templated":true}]}}