{"id":10888,"date":"2023-07-17T12:58:18","date_gmt":"2023-07-17T15:58:18","guid":{"rendered":"https:\/\/revistaempresarios.net\/web\/?p=10888"},"modified":"2023-07-17T13:03:18","modified_gmt":"2023-07-17T16:03:18","slug":"startup-em-portugal-investidor-anjo-rafael-nacif-da-dicas-para-quem-quer-abrir-seu-proprio-negocio","status":"publish","type":"post","link":"https:\/\/revistaempresarios.net\/web\/2023\/07\/17\/startup-em-portugal-investidor-anjo-rafael-nacif-da-dicas-para-quem-quer-abrir-seu-proprio-negocio\/","title":{"rendered":"Startup em Portugal: Investidor-anjo Rafael Nacif d\u00e1 dicas para quem quer abrir seu pr\u00f3prio neg\u00f3cio"},"content":{"rendered":"<p>Rafael Nacif \u00e9 empres\u00e1rio e mora atualmente em Portugal h\u00e1 10 anos. Em 2014, o profissional conheceu seu s\u00f3cio, o conhecido tubar\u00e3o do Shark Tank, Tim Vieira. Juntos, eles abriram a Brave Generation, empresa que tem o foco em investimentos em startups, a fim de ajudar pequenos empres\u00e1rios a crescerem e desenvolverem seus neg\u00f3cios. De l\u00e1 pra c\u00e1, foram mais de 30 empresas que receberam investimentos, atuando em v\u00e1rios setores da sociedade.<\/p>\n<p>Para quem deseja abrir uma startup em Portugal, Rafael explica que \u00e9 muito f\u00e1cil: \u201cBasta ter uma conta de banco de um NIF (equivalente ao nosso CPF), que j\u00e1 pode come\u00e7ar a operar aqui em Portugal, sendo brasileiro ou portugu\u00eas\u201d. E, para conseguir investidores, o empres\u00e1rio afirma que \u201cbons projetos atraem bons investidores\u201d. Depois de comprovar que o neg\u00f3cio \u00e9 bom, \u00e9 hora de come\u00e7ar a apresentar seu neg\u00f3cio em rodadas de investimentos externos. Em Portugal, ele garante que existem muitos grupos que recebem esses empreendedores e permitem que eles apresentem seus projetos.<\/p>\n<p>Caso haja d\u00favidas sobre em qual \u00e1rea abrir sua startup, Rafael afirma n\u00e3o acreditar que existam \u00e1reas melhores ou piores.\u00a0 \u201cEu acredito que existam \u00e1reas que fazem o seu cora\u00e7\u00e3o bater mais forte e os olhos brilharem, e que cada pessoa tem um chamado especial para entregar aquilo que tem de melhor ao mundo\u201d, afirma.<\/p>\n<p>Para ele, o segredo de todo neg\u00f3cio est\u00e1 em resolver um problema de um grupo de pessoas, criar uma necessidade e ser a solu\u00e7\u00e3o para a mesma: \u201cPor isso, se voc\u00ea fizer aquilo que voc\u00ea ama, se entregar de cora\u00e7\u00e3o ao seu projeto e resolver um problema, voc\u00ea ser\u00e1 bem sucedido\u201d, completa.<\/p>\n<p>O profissional ressalta que, apesar do mercado portugu\u00eas ser bem menor que o brasileiro, ele \u00e9 mais simples de operar e de entender a quest\u00e3o dos impostos: \u201cAinda que a burocracia tamb\u00e9m seja bastante, \u00e9 bem menor que a brasileira. A vantagem por aqui \u00e9 que a l\u00edngua \u00e9 a mesma e que estamos inseridos na comunidade Europeia, ou seja, conseguimos fazer neg\u00f3cio com outros pa\u00edses Europeus sem grande dificuldade\u201d, finaliza Rafael Nacif.<\/p>\n<p><strong><em>Quem \u00e9 Rafael Nacif<\/em><\/strong><\/p>\n<p>Palestrante Internacional | Empreendedor | Investidor | Fundador do Instituto Viver com Prop\u00f3sito |+ de 30 Mil Pessoas Treinadas<\/p>\n<p>Rafael Nacif \u00e9 empres\u00e1rio com participa\u00e7\u00e3o em mais de 30 empresas em Portugal e no estrangeiro em diversas \u00e1reas em diferentes partes do mundo. Rafael traz toda a sua expertise ao palco do IVP Business Network.<\/p>\n<p>Atua em v\u00e1rios setores da economia, como hotelaria, imobili\u00e1rio, tecnologia, energia, produ\u00e7\u00e3o audiovisual e agricultura. Nascido no Brasil, Rafael j\u00e1 viveu nos Estados Unidos, Canad\u00e1 e Su\u00ed\u00e7a, mas foi Portugal o pa\u00eds que escolheu para viver com sua esposa, duas filhas, quatro c\u00e3es e um gato.<\/p>\n<p>Em Portugal, Rafael \u00e9 s\u00f3cio do tubar\u00e3o Tim Vieira \u2013 conhecido pela sua participa\u00e7\u00e3o no programa &#8220;Shark Thank\u201d. Juntos, det\u00eam a Brave Generation, empresa de investimentos, gest\u00e3o e acompanhamento de startups.<\/p>\n<p>Amante de esportes, Rafael alia a sua paix\u00e3o \u00e0 dinamiza\u00e7\u00e3o de causas sociais e humanit\u00e1rias. J\u00e1 viajou por v\u00e1rios pa\u00edses de bicicleta.<\/p>\n<p>Licenciado pela Hawaii Pacific University, nos Estados Unidos da Am\u00e9rica, a sua paix\u00e3o pelo desenvolvimento e performance humana levou Rafael Nacif a especializar-se nesta \u00e1rea e a obter forma\u00e7\u00e3o nacional e internacional. Em 2018 funda o Instituto Viver com Prop\u00f3sito com a inten\u00e7\u00e3o de levar o conhecimento do desenvolvimento humano ao maior n\u00famero de pessoas. Sua bagagem como Trainer e L\u00edder do IVP envolvem desde cursos de Coaching no Brasil e Portugal, at\u00e9 treinamentos intensivos na Fran\u00e7a, passando pelo Reino Unido para conhecer o famoso Tony Robbins e estudar na escola fundada por um dos pais do Coaching, Sir John Whitmore.<\/p>\n<p>Aprimorou-se na \u00e1rea do Coaching, da Programa\u00e7\u00e3o Neurolingu\u00edstica, da Intelig\u00eancia Emocional e outros. Foram mais de cinquenta forma\u00e7\u00f5es nos \u00faltimos 3 anos. Escreveu o livro \u201cDesperta &#8211; Controla o teu dia e vive uma vida cheia de prop\u00f3sito\u201d, pela Rumo Editora<\/p>\n<p>Site:\u00a0<a href=\"https:\/\/rafaelnacif.com\/\">https:\/\/rafaelnacif.com\/<\/a><\/p>\n<p>Instagram:\u00a0<a href=\"https:\/\/www.instagram.com\/rafanacif\/\">https:\/\/www.instagram.com\/rafanacif\/<\/a><\/p>\n","protected":false},"excerpt":{"rendered":"<p>Rafael Nacif \u00e9 empres\u00e1rio e mora atualmente em Portugal h\u00e1 10 anos. Em 2014, o profissional conheceu seu s\u00f3cio, o conhecido tubar\u00e3o do Shark Tank, Tim Vieira. Juntos, eles abriram a Brave Generation, empresa que tem o foco em investimentos em startups, a fim de ajudar pequenos empres\u00e1rios a crescerem e desenvolverem seus neg\u00f3cios. De [&hellip;]<\/p>\n","protected":false},"author":2,"featured_media":10891,"comment_status":"open","ping_status":"open","sticky":false,"template":"","format":"standard","meta":{"_jetpack_memberships_contains_paid_content":false,"footnotes":""},"categories":[51,56,57],"tags":[7999],"featured_image_src":{"landsacpe":["https:\/\/revistaempresarios.net\/web\/wp-content\/uploads\/2023\/07\/Rafael-Nacif-ja-investiu-em-mais-de-30-empresas-1.jpg",120,120,false],"list":["https:\/\/revistaempresarios.net\/web\/wp-content\/uploads\/2023\/07\/Rafael-Nacif-ja-investiu-em-mais-de-30-empresas-1.jpg",120,120,false],"medium":["https:\/\/revistaempresarios.net\/web\/wp-content\/uploads\/2023\/07\/Rafael-Nacif-ja-investiu-em-mais-de-30-empresas-1.jpg",120,120,false],"full":["https:\/\/revistaempresarios.net\/web\/wp-content\/uploads\/2023\/07\/Rafael-Nacif-ja-investiu-em-mais-de-30-empresas-1.jpg",120,120,false]},"jetpack_sharing_enabled":true,"jetpack_featured_media_url":"https:\/\/revistaempresarios.net\/web\/wp-content\/uploads\/2023\/07\/Rafael-Nacif-ja-investiu-em-mais-de-30-empresas-1.jpg","jetpack-related-posts":[],"_links":{"self":[{"href":"https:\/\/revistaempresarios.net\/web\/wp-json\/wp\/v2\/posts\/10888"}],"collection":[{"href":"https:\/\/revistaempresarios.net\/web\/wp-json\/wp\/v2\/posts"}],"about":[{"href":"https:\/\/revistaempresarios.net\/web\/wp-json\/wp\/v2\/types\/post"}],"author":[{"embeddable":true,"href":"https:\/\/revistaempresarios.net\/web\/wp-json\/wp\/v2\/users\/2"}],"replies":[{"embeddable":true,"href":"https:\/\/revistaempresarios.net\/web\/wp-json\/wp\/v2\/comments?post=10888"}],"version-history":[{"count":1,"href":"https:\/\/revistaempresarios.net\/web\/wp-json\/wp\/v2\/posts\/10888\/revisions"}],"predecessor-version":[{"id":10890,"href":"https:\/\/revistaempresarios.net\/web\/wp-json\/wp\/v2\/posts\/10888\/revisions\/10890"}],"wp:featuredmedia":[{"embeddable":true,"href":"https:\/\/revistaempresarios.net\/web\/wp-json\/wp\/v2\/media\/10891"}],"wp:attachment":[{"href":"https:\/\/revistaempresarios.net\/web\/wp-json\/wp\/v2\/media?parent=10888"}],"wp:term":[{"taxonomy":"category","embeddable":true,"href":"https:\/\/revistaempresarios.net\/web\/wp-json\/wp\/v2\/categories?post=10888"},{"taxonomy":"post_tag","embeddable":true,"href":"https:\/\/revistaempresarios.net\/web\/wp-json\/wp\/v2\/tags?post=10888"}],"curies":[{"name":"wp","href":"https:\/\/api.w.org\/{rel}","templated":true}]}}