{"id":10651,"date":"2023-07-10T07:52:07","date_gmt":"2023-07-10T10:52:07","guid":{"rendered":"https:\/\/revistaempresarios.net\/web\/?p=10651"},"modified":"2023-07-10T07:52:07","modified_gmt":"2023-07-10T10:52:07","slug":"as-empresas-podem-e-devem-apoiar-colaboradores-que-cuidam-de-um-familiar-idoso","status":"publish","type":"post","link":"https:\/\/revistaempresarios.net\/web\/2023\/07\/10\/as-empresas-podem-e-devem-apoiar-colaboradores-que-cuidam-de-um-familiar-idoso\/","title":{"rendered":"As empresas podem e devem apoiar colaboradores que cuidam de um familiar idoso"},"content":{"rendered":"<div class=\"itemBody\">\n<div class=\"itemIntroText\">\n<p>Para a psic\u00f3loga e CEO da Mental Clean, F\u00e1tima Macedo, \u00e9 necess\u00e1rio que as organiza\u00e7\u00f5es lancem um olhar de apoio e acolhimento para o tema<\/p>\n<\/div>\n<div class=\"itemFullText\">\n<p>Envelhecer \u00e9 o curso natural da vida, um processo pelo qual todos iremos passar e que, inclusive, se inicia a partir do momento em que nascemos. Em muitos pa\u00edses do continente asi\u00e1tico o envelhecimento \u00e9 significado de respeito, orgulho e sabedoria pela jornada de uma vida dedicada ao trabalho e \u00e0 fam\u00edlia.<\/p>\n<p>Segundo dados do IBGE, a popula\u00e7\u00e3o de pessoas com 60 anos ou mais cresceu de 11,3% para 14,7%, no per\u00edodo de 2012 a 2021, o que representa um aumento de 39,8%, saltando de 22,3 milh\u00f5es para 31,2 milh\u00f5es de indiv\u00edduos dessa faixa et\u00e1ria.<\/p>\n<p>De acordo com F\u00e1tima Macedo, psic\u00f3loga especialista em Sa\u00fade Mental do Trabalhador, considerando que quase todos os brasileiros convivem com idosos em seus n\u00facleos familiares, uma quest\u00e3o torna-se fundamental quando essa realidade \u00e9 levada ao ambiente de trabalho: como acolher e dar suporte ao trabalhador que tem a responsabilidade de cuidar de um idoso?<\/p>\n<p>\u201cEstamos falando de idosos em situa\u00e7\u00e3o de cuidados constantes, com perda de autonomia, muitas vezes causada por doen\u00e7as como Alzheimer ou Parkinson, e que precisam de um acompanhamento ininterrupto\u201d, explica F\u00e1tima, que \u00e9 CEO da Mental Clean.<\/p>\n<p>De acordo com a Sociedade Brasileira de Gerontologia, estima-se que quase 2 milh\u00f5es de pessoas com idade acima de 60 anos t\u00eam dem\u00eancias, sendo que cerca de 40 a 60% delas s\u00e3o do tipo Alzheimer.<\/p>\n<p>Nesse contexto, \u201c\u00e9 fundamental que as empresas e organiza\u00e7\u00f5es entendam e apoiem os funcion\u00e1rios cujos familiares pr\u00f3ximos \u2013 pai e m\u00e3e \u2013 estejam nessa situa\u00e7\u00e3o\u201d, afirma a CEO da Mental Clean.<\/p>\n<p>Segundo dados do IBGE, s\u00f3 de 2016 para 2020 o n\u00famero de pessoas que se dedicavam a cuidar de idosos saltou de 3,7 milh\u00f5es para 5,1 milh\u00f5es. \u201cCom o envelhecimento e adoecimento de av\u00f3s e pais as pessoas que trabalham passam a ter uma jornada dupla, e por vezes tripla, obrigat\u00f3ria, precisando cumprir a jornada de trabalho com qualidade, e ao chegar em casa, precisa cuidar do idoso em praticamente todo o seu tempo restante e ainda dar conta dos cuidados da casa e dos filhos. Essa \u00e9 a realidade de muitas pessoas, em especial das mulheres. Isso gera uma estafa mental muito grande, podendo levar ao estresse e ao esgotamento da sa\u00fade mental e f\u00edsica dessa pessoa, e ainda levar a quadros ansiosos ou depressivos\u201d, alerta F\u00e1tima Macedo.<\/p>\n<p>A psic\u00f3loga observa que esse apoio deve partir, primordialmente, das lideran\u00e7as. \u201cEstar pr\u00f3ximo de seus times, garantir a seguran\u00e7a psicol\u00f3gica, e entender que pode acontecer de algu\u00e9m do time n\u00e3o estar bem por situa\u00e7\u00f5es como estas e ter, inclusive que se ausentar do trabalho para resolver situa\u00e7\u00f5es urgentes com esse familiar, sem que isso se torne mais um problema em sua vida ou sofra repres\u00e1lias, \u00e9 um suporte muito importante que faz com ele se sinta acolhido e respaldado\u201d, explica F\u00e1tima.<\/p>\n<p>A CEO da Mental Clean explica que a empresa pode, ainda, disponibilizar o apoio emocional \u00e0s pessoas colaboradoras que enfrentam esse tipo de situa\u00e7\u00e3o. \u201cAtendemos a v\u00e1rias empresas com esse suporte, criando canais de atendimento psicoterap\u00eautico, com profissionais que atendem 24 horas por dia\u201d, enfatiza.<\/p>\n<p>A\u00e7\u00f5es como estas impactam diretamente nos resultados das organiza\u00e7\u00f5es, pois diversas pesquisas apontam que trabalhadores motivados s\u00e3o mais produtivos, criativos, colaborativos e inovadores. \u201cSabemos que os resultados certamente impactam positivamente na produtividade das empresas. Mas, acima de tudo, estamos falando em humanidade\u201d, conclui F\u00e1tima.<\/p>\n<\/div>\n<\/div>\n<div class=\"e-mailit_toolbox circular  size48\">\n<div class=\"e-mailit_btn_EMAILiT\"><\/div>\n<\/div>\n","protected":false},"excerpt":{"rendered":"<p>Para a psic\u00f3loga e CEO da Mental Clean, F\u00e1tima Macedo, \u00e9 necess\u00e1rio que as organiza\u00e7\u00f5es lancem um olhar de apoio e acolhimento para o tema Envelhecer \u00e9 o curso natural da vida, um processo pelo qual todos iremos passar e que, inclusive, se inicia a partir do momento em que nascemos. Em muitos pa\u00edses do [&hellip;]<\/p>\n","protected":false},"author":2,"featured_media":10652,"comment_status":"open","ping_status":"open","sticky":false,"template":"","format":"standard","meta":{"_jetpack_memberships_contains_paid_content":false,"_joinchat":[],"footnotes":""},"categories":[51],"tags":[7902],"featured_image_src":{"landsacpe":["https:\/\/revistaempresarios.net\/web\/wp-content\/uploads\/2023\/07\/0ca56b8437bbab650d15550fba18c2c7_XL-1140x445.jpg",1140,445,true],"list":["https:\/\/revistaempresarios.net\/web\/wp-content\/uploads\/2023\/07\/0ca56b8437bbab650d15550fba18c2c7_XL-463x348.jpg",463,348,true],"medium":["https:\/\/revistaempresarios.net\/web\/wp-content\/uploads\/2023\/07\/0ca56b8437bbab650d15550fba18c2c7_XL-300x285.jpg",300,285,true],"full":["https:\/\/revistaempresarios.net\/web\/wp-content\/uploads\/2023\/07\/0ca56b8437bbab650d15550fba18c2c7_XL.jpg",1220,1160,false]},"jetpack_sharing_enabled":true,"jetpack_featured_media_url":"https:\/\/revistaempresarios.net\/web\/wp-content\/uploads\/2023\/07\/0ca56b8437bbab650d15550fba18c2c7_XL.jpg","jetpack-related-posts":[],"_links":{"self":[{"href":"https:\/\/revistaempresarios.net\/web\/wp-json\/wp\/v2\/posts\/10651"}],"collection":[{"href":"https:\/\/revistaempresarios.net\/web\/wp-json\/wp\/v2\/posts"}],"about":[{"href":"https:\/\/revistaempresarios.net\/web\/wp-json\/wp\/v2\/types\/post"}],"author":[{"embeddable":true,"href":"https:\/\/revistaempresarios.net\/web\/wp-json\/wp\/v2\/users\/2"}],"replies":[{"embeddable":true,"href":"https:\/\/revistaempresarios.net\/web\/wp-json\/wp\/v2\/comments?post=10651"}],"version-history":[{"count":1,"href":"https:\/\/revistaempresarios.net\/web\/wp-json\/wp\/v2\/posts\/10651\/revisions"}],"predecessor-version":[{"id":10653,"href":"https:\/\/revistaempresarios.net\/web\/wp-json\/wp\/v2\/posts\/10651\/revisions\/10653"}],"wp:featuredmedia":[{"embeddable":true,"href":"https:\/\/revistaempresarios.net\/web\/wp-json\/wp\/v2\/media\/10652"}],"wp:attachment":[{"href":"https:\/\/revistaempresarios.net\/web\/wp-json\/wp\/v2\/media?parent=10651"}],"wp:term":[{"taxonomy":"category","embeddable":true,"href":"https:\/\/revistaempresarios.net\/web\/wp-json\/wp\/v2\/categories?post=10651"},{"taxonomy":"post_tag","embeddable":true,"href":"https:\/\/revistaempresarios.net\/web\/wp-json\/wp\/v2\/tags?post=10651"}],"curies":[{"name":"wp","href":"https:\/\/api.w.org\/{rel}","templated":true}]}}