{"id":10644,"date":"2023-07-10T07:46:59","date_gmt":"2023-07-10T10:46:59","guid":{"rendered":"https:\/\/revistaempresarios.net\/web\/?p=10644"},"modified":"2023-07-10T07:46:59","modified_gmt":"2023-07-10T10:46:59","slug":"10-tecnicas-para-tornar-o-ambiente-empresarial-mais-produtivo-segundo-especialista","status":"publish","type":"post","link":"https:\/\/revistaempresarios.net\/web\/2023\/07\/10\/10-tecnicas-para-tornar-o-ambiente-empresarial-mais-produtivo-segundo-especialista\/","title":{"rendered":"10 t\u00e9cnicas para tornar o ambiente empresarial mais produtivo, segundo especialista"},"content":{"rendered":"<div class=\"itemBody\">\n<div class=\"itemIntroText\">\n<p>Mentora High Perfomance para Empres\u00e1rios, Carina da Costa acredita que, ao adotar uma mentalidade produtiva, \u00e9 poss\u00edvel impulsionar o sucesso e alcan\u00e7ar resultados not\u00e1veis<\/p>\n<\/div>\n<div class=\"itemFullText\">\n<p>Na sociedade em que vivemos, cada vez mais, o tempo \u00e9 o que cada um tem de mais precioso. Por isso, \u00e9 necess\u00e1rio aproveit\u00e1-lo da melhor maneira e de forma produtiva. Para falar um pouco sobre o assunto, conversamos com a empres\u00e1ria Carina da Costa, Mentora High Perfomance para Empres\u00e1rios. H\u00e1 anos dedicando seus estudos ao assunto, ela nos explica melhor sobre o que se trata a produtividade e revela 10 dicas para aument\u00e1-la em um ambiente empresarial.<\/p>\n<p>\u201cA produtividade, tanto no \u00e2mbito empresarial quanto pessoal, \u00e9 o poder de maximizar a efici\u00eancia e alcan\u00e7ar resultados excepcionais. No mundo dos neg\u00f3cios, ela representa a capacidade de utilizar recursos de maneira eficiente, otimizar processos e alcan\u00e7ar metas de forma consistente. J\u00e1 no n\u00edvel pessoal, a produtividade se refere a gerenciar seu tempo, energia e recursos de maneira eficaz para atingir seus objetivos pessoais e profissionais\u201d, diz.<\/p>\n<p>Para quem deseja aumentar a produtividade de uma empresa, Carina compartilha dicas preciosas, mas garante: \u201cEsse precisa ser um objetivo comum a todos para que, dessa forma, o crescimento e o sucesso sejam impulsionados\u201d, pondera.<\/p>\n<p>1. Defina metas claras<\/p>\n<p>Estabele\u00e7a metas espec\u00edficas e mensur\u00e1veis que sejam desafiadoras, por\u00e9m alcan\u00e7\u00e1veis. Isso fornece um senso de dire\u00e7\u00e3o e motiva\u00e7\u00e3o para a equipe.<\/p>\n<p>2. Otimize processos<\/p>\n<p>Analise os processos existentes e identifique oportunidades de melhoria. Automatize tarefas repetitivas, elimine lacunas e simplifique fluxos de trabalho para economizar tempo e recursos. Esse ser\u00e1 o primeiro passo pr\u00e1tico.<\/p>\n<p>3. Estimule a colabora\u00e7\u00e3o<\/p>\n<p>Promova a colabora\u00e7\u00e3o e o trabalho em equipe. Crie um ambiente prop\u00edcio para a troca de ideias, compartilhamento de conhecimento e solu\u00e7\u00e3o de problemas em conjunto. Dessa forma, al\u00e9m de todos estarem mais unidos, eles tamb\u00e9m estar\u00e3o mais abertos a ajudar uns aos outros.<\/p>\n<p>4. Priorize tarefas<\/p>\n<p>Identifique as tarefas mais importantes e priorize-as. Utilize t\u00e9cnicas de gerenciamento de tempo, como a matriz de Eisenhower, que \u00e9 uma ferramenta de gest\u00e3o, para distinguir entre tarefas urgentes e importantes, garantindo que o tempo seja gasto nas atividades que geram maior impacto<\/p>\n<p>5. Promova um ambiente saud\u00e1vel<\/p>\n<p>Cuide do bem-estar f\u00edsico e mental dos colaboradores. Incentive pausas regulares, estabele\u00e7a um equil\u00edbrio saud\u00e1vel entre trabalho e vida pessoal e ofere\u00e7a programas de bem-estar, como atividades f\u00edsicas ou sess\u00f5es de relaxamento. Lembre-se: se a mente est\u00e1 bem, todo o corpo estar\u00e1.<\/p>\n<p>6. Invista em treinamento e desenvolvimento<\/p>\n<p>Ofere\u00e7a oportunidades de aprendizado e crescimento para os colaboradores. O desenvolvimento de habilidades aumenta a confian\u00e7a, a motiva\u00e7\u00e3o e a efici\u00eancia no desempenho das tarefas. Isso implica diretamente na maneira como ele executa sua fun\u00e7\u00e3o.<\/p>\n<p>7. Estabele\u00e7a comunica\u00e7\u00e3o eficaz<\/p>\n<p>Promova uma comunica\u00e7\u00e3o clara e aberta dentro da equipe. Garanta que as informa\u00e7\u00f5es sejam transmitidas de forma eficiente e que todos estejam alinhados em rela\u00e7\u00e3o aos objetivos e expectativas. Todos precisam caminhar juntos em benef\u00edcio de algo, no caso, a empresa.<\/p>\n<p>8. Utilize tecnologia apropriada<\/p>\n<p>Explore ferramentas e softwares que possam automatizar processos, melhorar a colabora\u00e7\u00e3o e facilitar a comunica\u00e7\u00e3o. Escolha tecnologias que atendam \u00e0s necessidades espec\u00edficas da empresa e ajudem a impulsionar a produtividade. A longo, m\u00e9dio ou at\u00e9 mesmo a curto prazo, os resultados aparecer\u00e3o.<\/p>\n<p>9. Estimule a inova\u00e7\u00e3o<\/p>\n<p>Crie um ambiente que valorize a criatividade e a inova\u00e7\u00e3o. Incentive a busca por novas ideias, o compartilhamento de insights e a experimenta\u00e7\u00e3o de novas abordagens para resolver desafios. A criatividade est\u00e1 onde menos esperamos<\/p>\n<p>10. Promova uma cultura de produtividade<\/p>\n<p>Por \u00faltimo, mas n\u00e3o menos importante, estabele\u00e7a a produtividade como um valor fundamental da empresa. Reconhe\u00e7a e recompense o desempenho excepcional, incentive a supera\u00e7\u00e3o de desafios e celebre as conquistas alcan\u00e7adas. Ao implementar essas dicas, \u00e9 importante adapt\u00e1-las \u00e0s necessidades e caracter\u00edsticas espec\u00edficas da empresa. O objetivo \u00e9 criar um ambiente que encoraje a efici\u00eancia, o crescimento e a realiza\u00e7\u00e3o de resultados excepcionais.<\/p>\n<\/div>\n<\/div>\n<div class=\"e-mailit_toolbox circular  size48\">\n<div class=\"e-mailit_btn_EMAILiT\"><\/div>\n<\/div>\n","protected":false},"excerpt":{"rendered":"<p>Mentora High Perfomance para Empres\u00e1rios, Carina da Costa acredita que, ao adotar uma mentalidade produtiva, \u00e9 poss\u00edvel impulsionar o sucesso e alcan\u00e7ar resultados not\u00e1veis Na sociedade em que vivemos, cada vez mais, o tempo \u00e9 o que cada um tem de mais precioso. Por isso, \u00e9 necess\u00e1rio aproveit\u00e1-lo da melhor maneira e de forma produtiva. [&hellip;]<\/p>\n","protected":false},"author":2,"featured_media":10645,"comment_status":"open","ping_status":"open","sticky":false,"template":"","format":"standard","meta":{"_jetpack_memberships_contains_paid_content":false,"footnotes":""},"categories":[57,60],"tags":[],"featured_image_src":{"landsacpe":["https:\/\/revistaempresarios.net\/web\/wp-content\/uploads\/2023\/07\/1bf57cb4f883b7462576ea5bbd53fe59_XL-1140x445.jpg",1140,445,true],"list":["https:\/\/revistaempresarios.net\/web\/wp-content\/uploads\/2023\/07\/1bf57cb4f883b7462576ea5bbd53fe59_XL-463x348.jpg",463,348,true],"medium":["https:\/\/revistaempresarios.net\/web\/wp-content\/uploads\/2023\/07\/1bf57cb4f883b7462576ea5bbd53fe59_XL-300x283.jpg",300,283,true],"full":["https:\/\/revistaempresarios.net\/web\/wp-content\/uploads\/2023\/07\/1bf57cb4f883b7462576ea5bbd53fe59_XL.jpg",1220,1150,false]},"jetpack_sharing_enabled":true,"jetpack_featured_media_url":"https:\/\/revistaempresarios.net\/web\/wp-content\/uploads\/2023\/07\/1bf57cb4f883b7462576ea5bbd53fe59_XL.jpg","jetpack-related-posts":[],"_links":{"self":[{"href":"https:\/\/revistaempresarios.net\/web\/wp-json\/wp\/v2\/posts\/10644"}],"collection":[{"href":"https:\/\/revistaempresarios.net\/web\/wp-json\/wp\/v2\/posts"}],"about":[{"href":"https:\/\/revistaempresarios.net\/web\/wp-json\/wp\/v2\/types\/post"}],"author":[{"embeddable":true,"href":"https:\/\/revistaempresarios.net\/web\/wp-json\/wp\/v2\/users\/2"}],"replies":[{"embeddable":true,"href":"https:\/\/revistaempresarios.net\/web\/wp-json\/wp\/v2\/comments?post=10644"}],"version-history":[{"count":1,"href":"https:\/\/revistaempresarios.net\/web\/wp-json\/wp\/v2\/posts\/10644\/revisions"}],"predecessor-version":[{"id":10646,"href":"https:\/\/revistaempresarios.net\/web\/wp-json\/wp\/v2\/posts\/10644\/revisions\/10646"}],"wp:featuredmedia":[{"embeddable":true,"href":"https:\/\/revistaempresarios.net\/web\/wp-json\/wp\/v2\/media\/10645"}],"wp:attachment":[{"href":"https:\/\/revistaempresarios.net\/web\/wp-json\/wp\/v2\/media?parent=10644"}],"wp:term":[{"taxonomy":"category","embeddable":true,"href":"https:\/\/revistaempresarios.net\/web\/wp-json\/wp\/v2\/categories?post=10644"},{"taxonomy":"post_tag","embeddable":true,"href":"https:\/\/revistaempresarios.net\/web\/wp-json\/wp\/v2\/tags?post=10644"}],"curies":[{"name":"wp","href":"https:\/\/api.w.org\/{rel}","templated":true}]}}