{"id":10640,"date":"2023-07-10T07:44:01","date_gmt":"2023-07-10T10:44:01","guid":{"rendered":"https:\/\/revistaempresarios.net\/web\/?p=10640"},"modified":"2023-07-10T07:44:01","modified_gmt":"2023-07-10T10:44:01","slug":"trajetoria-de-lideres-empresarias-sera-contada-na-obra-santa-catarina-uma-historia-de-empreendedorismo","status":"publish","type":"post","link":"https:\/\/revistaempresarios.net\/web\/2023\/07\/10\/trajetoria-de-lideres-empresarias-sera-contada-na-obra-santa-catarina-uma-historia-de-empreendedorismo\/","title":{"rendered":"Trajet\u00f3ria de l\u00edderes empresarias ser\u00e1 contada na obra \u201cSanta Catarina: uma hist\u00f3ria de empreendedorismo\u201d"},"content":{"rendered":"<div class=\"itemBody\">\n<div class=\"itemIntroText\">\n<p>Entre os nomes que ser\u00e3o entrevistados pelo livro est\u00e1 o do empres\u00e1rio Adriano Palma, CEO do Faial<\/p>\n<\/div>\n<div class=\"itemFullText\">\n<p>Com lan\u00e7amento previsto para novembro, a nova produ\u00e7\u00e3o da Editora Express\u00e3o, realizada em parceria com o LIDE SC, est\u00e1 a pleno vapor e o Terra\u00e7o do Faial Primes Su\u00edtes \u00e9 o cen\u00e1rio oficial da produ\u00e7\u00e3o.<\/p>\n<p>As entrevistas e grava\u00e7\u00f5es com os l\u00edderes empresariais que ter\u00e3o suas trajet\u00f3rias contadas na obra \u201cSanta Catarina: uma hist\u00f3ria de empreendedorismo\u201d come\u00e7aram no final do m\u00eas de junho. Sendo que, a obra reunir\u00e1 nomes de pioneiros desbravadores al\u00e9m de l\u00edderes da atualidade.<\/p>\n<p>Entre os empreendedores entrevistados pelo livro est\u00e3o Anderson Becker, CEO da Abecker Loteamentos, Ricardo Dimas, CEO da Dimas Autom\u00f3veis, Aldo Garcia, CEO &#8211; Presidente na Betha Sistemas, Carlos Amaral, CEO Grupo SCC SBT, e Carlos Henrique Ramos Fonseca, superintendente do Sebrae SC, que j\u00e1 foram entrevistados pela Express\u00e3o e ter\u00e3o suas hist\u00f3rias eternizadas em duas p\u00e1ginas da nova obra.<\/p>\n<p>O CEO do Faial, Adriano Palma, tamb\u00e9m participar\u00e1 do projeto, contando um pouco da sua trajet\u00f3ria de sucesso. Ao assumir o empreendimento da fam\u00edlia, ap\u00f3s sua pr\u00e9-fal\u00eancia, o empres\u00e1rio teve como desafio reposicionar o hotel como refer\u00eancia em servi\u00e7os de hospedagem e qualidade de instala\u00e7\u00f5es. E hoje \u00e9 colecionador de pr\u00eamios, como quatro edi\u00e7\u00f5es do \u2018Pr\u00eamio Travellers\u2019 Choice, em 2023, 2022, 2021 e 2020, do Tripadvisor, que colocou o Faial entre os melhores hot\u00e9is do mundo na opini\u00e3o dos clientes.<\/p>\n<p>O livro \u201cSanta Catarina: uma hist\u00f3ria de empreendedorismo\u201d, bil\u00edngue (portugu\u00eas e ingl\u00eas), de capa dura e tiragem de cinco mil exemplares, ser\u00e1 dividido em tr\u00eas cap\u00edtulos: Passado, ressaltando a import\u00e2ncia dos pioneiros da ind\u00fastria catarinense; Presente, com destaque para os l\u00edderes da atualidade; e Futuro, abordando os desafios e perspectivas do mercado, da economia e do empreendedorismo em Santa Catarina.<\/p>\n<p>O lan\u00e7amento da obra est\u00e1 marcado para o dia 08 de novembro de 2023, na Alameda Casa Rosa, em Florian\u00f3polis, durante a solenidade do Pr\u00eamio L\u00edderes SC, promovida pelo LIDE.<\/p>\n<\/div>\n<\/div>\n<div class=\"e-mailit_toolbox circular  size48\">\n<div class=\"e-mailit_btn_EMAILiT\"><\/div>\n<\/div>\n","protected":false},"excerpt":{"rendered":"<p>Entre os nomes que ser\u00e3o entrevistados pelo livro est\u00e1 o do empres\u00e1rio Adriano Palma, CEO do Faial Com lan\u00e7amento previsto para novembro, a nova produ\u00e7\u00e3o da Editora Express\u00e3o, realizada em parceria com o LIDE SC, est\u00e1 a pleno vapor e o Terra\u00e7o do Faial Primes Su\u00edtes \u00e9 o cen\u00e1rio oficial da produ\u00e7\u00e3o. As entrevistas e [&hellip;]<\/p>\n","protected":false},"author":2,"featured_media":10641,"comment_status":"open","ping_status":"open","sticky":false,"template":"","format":"standard","meta":{"_jetpack_memberships_contains_paid_content":false,"footnotes":""},"categories":[51,54,56],"tags":[7900],"featured_image_src":{"landsacpe":["https:\/\/revistaempresarios.net\/web\/wp-content\/uploads\/2023\/07\/fcfcdfcfeddac3055f94a6bf29a4c81b_M-900x445.jpg",900,445,true],"list":["https:\/\/revistaempresarios.net\/web\/wp-content\/uploads\/2023\/07\/fcfcdfcfeddac3055f94a6bf29a4c81b_M-463x348.jpg",463,348,true],"medium":["https:\/\/revistaempresarios.net\/web\/wp-content\/uploads\/2023\/07\/fcfcdfcfeddac3055f94a6bf29a4c81b_M-300x289.jpg",300,289,true],"full":["https:\/\/revistaempresarios.net\/web\/wp-content\/uploads\/2023\/07\/fcfcdfcfeddac3055f94a6bf29a4c81b_M.jpg",900,866,false]},"jetpack_sharing_enabled":true,"jetpack_featured_media_url":"https:\/\/revistaempresarios.net\/web\/wp-content\/uploads\/2023\/07\/fcfcdfcfeddac3055f94a6bf29a4c81b_M.jpg","jetpack-related-posts":[],"_links":{"self":[{"href":"https:\/\/revistaempresarios.net\/web\/wp-json\/wp\/v2\/posts\/10640"}],"collection":[{"href":"https:\/\/revistaempresarios.net\/web\/wp-json\/wp\/v2\/posts"}],"about":[{"href":"https:\/\/revistaempresarios.net\/web\/wp-json\/wp\/v2\/types\/post"}],"author":[{"embeddable":true,"href":"https:\/\/revistaempresarios.net\/web\/wp-json\/wp\/v2\/users\/2"}],"replies":[{"embeddable":true,"href":"https:\/\/revistaempresarios.net\/web\/wp-json\/wp\/v2\/comments?post=10640"}],"version-history":[{"count":1,"href":"https:\/\/revistaempresarios.net\/web\/wp-json\/wp\/v2\/posts\/10640\/revisions"}],"predecessor-version":[{"id":10642,"href":"https:\/\/revistaempresarios.net\/web\/wp-json\/wp\/v2\/posts\/10640\/revisions\/10642"}],"wp:featuredmedia":[{"embeddable":true,"href":"https:\/\/revistaempresarios.net\/web\/wp-json\/wp\/v2\/media\/10641"}],"wp:attachment":[{"href":"https:\/\/revistaempresarios.net\/web\/wp-json\/wp\/v2\/media?parent=10640"}],"wp:term":[{"taxonomy":"category","embeddable":true,"href":"https:\/\/revistaempresarios.net\/web\/wp-json\/wp\/v2\/categories?post=10640"},{"taxonomy":"post_tag","embeddable":true,"href":"https:\/\/revistaempresarios.net\/web\/wp-json\/wp\/v2\/tags?post=10640"}],"curies":[{"name":"wp","href":"https:\/\/api.w.org\/{rel}","templated":true}]}}