{"id":10606,"date":"2023-07-09T13:27:38","date_gmt":"2023-07-09T16:27:38","guid":{"rendered":"https:\/\/revistaempresarios.net\/web\/?p=10606"},"modified":"2023-07-09T13:27:38","modified_gmt":"2023-07-09T16:27:38","slug":"guarde-aqui-pioneiro-em-self-storage-do-pais-cresce-35","status":"publish","type":"post","link":"https:\/\/revistaempresarios.net\/web\/2023\/07\/09\/guarde-aqui-pioneiro-em-self-storage-do-pais-cresce-35\/","title":{"rendered":"Guarde Aqui, pioneiro em self storage do pa\u00eds, cresce 35%"},"content":{"rendered":"<p>Apartamentos menores, press\u00e3o para a redu\u00e7\u00e3o do carbono e encurtamento no tempo de entrega de produtos contribu\u00edram para o crescimento<\/p>\n<div class=\"data\">\n<p>O Guarde Aqui, pioneiro no setor de self storage e presente em dez cidades do pa\u00eds, apresentou em 2022 crescimento de 35% em Ebitda, indicador financeiro utilizado para avaliar a gera\u00e7\u00e3o de caixa de uma institui\u00e7\u00e3o.<\/p>\n<p>\u201cA companhia vive um excelente momento. Crescemos dois d\u00edgitos pelo segundo ano consecutivo, isso \u00e9 muito representativo para uma empresa que tem mais de 15 anos de trajet\u00f3ria. Mesmo com a turbul\u00eancia do mercado global, conseguimos performar nesses patamares. Hoje vemos um movimento estrutural que beneficia o nosso segmento e alguns pontos nos chamam a aten\u00e7\u00e3o, como por exemplo: cada vez mais somos a extens\u00e3o da casa das pessoas e apoiamos empresas que buscam melhorar a cadeia log\u00edstica de \u00faltima milha\u201d, detalha Mariane Wiederkehr, CEO do Guarde Aqui.<\/p>\n<p>Dados do Secovi-SP (Sindicato das Empresas de Compra, Venda, Loca\u00e7\u00e3o e Administra\u00e7\u00e3o de Im\u00f3veis Residenciais e Comerciais de S\u00e3o Paulo) apontam que nos \u00faltimos sete anos, os microapartamentos \u2013 im\u00f3veis com menos de 30 m\u00b2 \u2013 cresceram consideravelmente na capital paulista, passando de 0,8% para 22% do total de lan\u00e7amentos imobili\u00e1rios realizados entre os meses de janeiro e maio.<\/p>\n<p>\u201cEssas pessoas est\u00e3o buscando espa\u00e7os para armazenar os seus itens pessoais em localiza\u00e7\u00f5es privilegiadas, perto das suas casas. A quantidade de brasileiros que conheciam as solu\u00e7\u00f5es de auto armazenagem era pequena e aumentou muito nos \u00faltimos anos\u201d, explica Mariane.<\/p>\n<p><strong>\u2013\u00a0<a href=\"https:\/\/emobile.com.br\/site\/varejo\/varejo-de-moveis-e-eletrodomesticos-cresce-13\/\">Varejo de m\u00f3veis e eletros cresce 1,3% em janeiro<\/a><\/strong><\/p>\n<p>Pessoas f\u00edsicas correspondem a cerca de 60% dos clientes da empresa e pessoas jur\u00eddicas est\u00e3o em um percentual crescente e hoje j\u00e1 s\u00e3o 40%, como grandes varejistas, ind\u00fastrias e pequenos empres\u00e1rios. \u201cEm rela\u00e7\u00e3o ao atendimento de pessoa jur\u00eddica, percebemos tr\u00eas movimentos que contribuem para o crescimento do setor: a restri\u00e7\u00e3o do hor\u00e1rio de circula\u00e7\u00e3o dos caminh\u00f5es, empresas cada vez mais preocupadas com a redu\u00e7\u00e3o do carbono, a press\u00e3o para o encurtamento no tempo de entrega de produtos e um cliente mais atento ao cumprimento dos prazos\u201d, comenta a CEO.<\/p>\n<p>\u00c9 nesse contexto que o Guarde Aqui contribui com o desenvolvimento de cidades mais sustent\u00e1veis e um ecossistema log\u00edstico \u00e1gil. A companhia oferece solu\u00e7\u00f5es completas para empresas de diferentes portes, fornecendo desde espa\u00e7o para estoques, at\u00e9 salas exclusivas voltadas \u00e0s etapas de armazenamento, separa\u00e7\u00e3o, embalagem e despacho de produtos vendidos no e-commerce, tamb\u00e9m conhecidas como dark stores. Por estar localizado nos grandes centros urbanos, o Guarde Aqui facilita e agiliza a entrega de produtos at\u00e9 o cliente final, etapa conhecida como \u00faltima milha ou\u00a0<a href=\"https:\/\/pt.wikipedia.org\/wiki\/Mobilidade_de_%C3%BAltimo_quil%C3%B4metro\"><strong>last mile<\/strong><\/a>.<\/p>\n<p>Em 2023, ser\u00e1 inaugurada uma nova unidade, localizada no bairro do Brooklin, em S\u00e3o Paulo. De acordo com Fernanda Pires, COO do Guarde Aqui, o crescimento da empresa acompanha o crescimento do segmento. \u201cNosso foco \u00e9 ganhar escala e estar presente em localiza\u00e7\u00f5es cada vez mais estrat\u00e9gicas perto dos grandes centros urbanos\u201d, explica. A companhia, que atualmente n\u00e3o est\u00e1 alavancada, ou seja, n\u00e3o apresenta contrata\u00e7\u00e3o de financiamentos, tem como foco oportunidades de fus\u00f5es e aquisi\u00e7\u00f5es que contribuam para o crescimento em escala.<\/p>\n<p>Com 26 unidades, o Guarde Aqui est\u00e1 presente nos estados de S\u00e3o Paulo, Rio de Janeiro, Minas Gerais e Distrito Federal. Possui boxes a partir de 1 m\u00b2 e os espa\u00e7os s\u00e3o flex\u00edveis e modulados de acordo com a demanda de cada cliente, em um modelo de contrato mensal, sem taxas ou necessidade de fiador como na loca\u00e7\u00e3o tradicional, e sem burocracia.<\/p>\n<h2>Guarde Aqui<\/h2>\n<p>Refer\u00eancia em auto armazenagem urbana, o Guarde Aqui \u00e9 uma solu\u00e7\u00e3o moderna e inteligente de loca\u00e7\u00e3o de espa\u00e7os pensada em quem precisa guardar objetos pessoais e tornar sua casa, sua esta\u00e7\u00e3o de trabalho ou estudos mais produtivo, agrad\u00e1vel e organizado. Tamb\u00e9m atende demanda de clientes pessoa jur\u00eddica, oferecendo armazenagem de estoques para que os produtos de varejistas e empresas do setor log\u00edstico cheguem mais r\u00e1pido ao cliente final.<\/p>\n<\/div>\n","protected":false},"excerpt":{"rendered":"<p>Apartamentos menores, press\u00e3o para a redu\u00e7\u00e3o do carbono e encurtamento no tempo de entrega de produtos contribu\u00edram para o crescimento O Guarde Aqui, pioneiro no setor de self storage e presente em dez cidades do pa\u00eds, apresentou em 2022 crescimento de 35% em Ebitda, indicador financeiro utilizado para avaliar a gera\u00e7\u00e3o de caixa de uma [&hellip;]<\/p>\n","protected":false},"author":2,"featured_media":10607,"comment_status":"open","ping_status":"open","sticky":false,"template":"","format":"standard","meta":{"_jetpack_memberships_contains_paid_content":false,"footnotes":""},"categories":[51,54,57,60],"tags":[7884,7882,7883],"featured_image_src":{"landsacpe":["https:\/\/revistaempresarios.net\/web\/wp-content\/uploads\/2023\/07\/Guarde-Aqui-Empresa-Self-Storage-1-1140x445.jpeg",1140,445,true],"list":["https:\/\/revistaempresarios.net\/web\/wp-content\/uploads\/2023\/07\/Guarde-Aqui-Empresa-Self-Storage-1-463x348.jpeg",463,348,true],"medium":["https:\/\/revistaempresarios.net\/web\/wp-content\/uploads\/2023\/07\/Guarde-Aqui-Empresa-Self-Storage-1-237x300.jpeg",237,300,true],"full":["https:\/\/revistaempresarios.net\/web\/wp-content\/uploads\/2023\/07\/Guarde-Aqui-Empresa-Self-Storage-1.jpeg",1262,1600,false]},"jetpack_sharing_enabled":true,"jetpack_featured_media_url":"https:\/\/revistaempresarios.net\/web\/wp-content\/uploads\/2023\/07\/Guarde-Aqui-Empresa-Self-Storage-1.jpeg","jetpack-related-posts":[],"_links":{"self":[{"href":"https:\/\/revistaempresarios.net\/web\/wp-json\/wp\/v2\/posts\/10606"}],"collection":[{"href":"https:\/\/revistaempresarios.net\/web\/wp-json\/wp\/v2\/posts"}],"about":[{"href":"https:\/\/revistaempresarios.net\/web\/wp-json\/wp\/v2\/types\/post"}],"author":[{"embeddable":true,"href":"https:\/\/revistaempresarios.net\/web\/wp-json\/wp\/v2\/users\/2"}],"replies":[{"embeddable":true,"href":"https:\/\/revistaempresarios.net\/web\/wp-json\/wp\/v2\/comments?post=10606"}],"version-history":[{"count":1,"href":"https:\/\/revistaempresarios.net\/web\/wp-json\/wp\/v2\/posts\/10606\/revisions"}],"predecessor-version":[{"id":10608,"href":"https:\/\/revistaempresarios.net\/web\/wp-json\/wp\/v2\/posts\/10606\/revisions\/10608"}],"wp:featuredmedia":[{"embeddable":true,"href":"https:\/\/revistaempresarios.net\/web\/wp-json\/wp\/v2\/media\/10607"}],"wp:attachment":[{"href":"https:\/\/revistaempresarios.net\/web\/wp-json\/wp\/v2\/media?parent=10606"}],"wp:term":[{"taxonomy":"category","embeddable":true,"href":"https:\/\/revistaempresarios.net\/web\/wp-json\/wp\/v2\/categories?post=10606"},{"taxonomy":"post_tag","embeddable":true,"href":"https:\/\/revistaempresarios.net\/web\/wp-json\/wp\/v2\/tags?post=10606"}],"curies":[{"name":"wp","href":"https:\/\/api.w.org\/{rel}","templated":true}]}}