{"id":10537,"date":"2023-07-06T19:37:00","date_gmt":"2023-07-06T22:37:00","guid":{"rendered":"https:\/\/revistaempresarios.net\/web\/?p=10537"},"modified":"2023-07-06T19:37:00","modified_gmt":"2023-07-06T22:37:00","slug":"metaverso-vai-impulsionar-novos-aplicativos-e-experiencias-nos-negocios-por-roberto-abreu-diretor-de-solucoes-da-blend-it","status":"publish","type":"post","link":"https:\/\/revistaempresarios.net\/web\/2023\/07\/06\/metaverso-vai-impulsionar-novos-aplicativos-e-experiencias-nos-negocios-por-roberto-abreu-diretor-de-solucoes-da-blend-it\/","title":{"rendered":"Metaverso vai impulsionar novos aplicativos e experi\u00eancias nos neg\u00f3cios &#8211; Por: Roberto Abreu, diretor de solu\u00e7\u00f5es da Blend IT"},"content":{"rendered":"<div class=\"itemBody\">\n<div class=\"itemFullText\">\n<p>O conceito de metaverso apareceu pela primeira vez em 1992 com o escritor norte-americano Neal Stephenson. Em sua obra Snow Crash, ele descreveu uma esp\u00e9cie de espa\u00e7o virtual coletivo compat\u00edvel e convergente com a realidade. No final de 2021, o termo saiu das p\u00e1ginas de fic\u00e7\u00e3o quando Mark Zuckemberg trouxe para sua apresenta\u00e7\u00e3o na Confer\u00eancia Connect.<\/p>\n<p>O metaverso deve estar em todos os setores nos pr\u00f3ximos anos, culminando em uma oportunidade de mercado de mais de US$ 1 trilh\u00e3o em receita anual, de acordo com a JP Morgan. A Meta de Zuckerberg \u00e9 de que o metaverso seja a maior oportunidade para os neg\u00f3cios modernos desde a cria\u00e7\u00e3o da internet. Ele tra\u00e7ou planos para gastar mais de US$ 10 bilh\u00f5es no desenvolvimento de software e hardware de realidade virtual.<\/p>\n<p>Uma pesquisa da Accenture, mostrou que para 71% dos entrevistados, a mudan\u00e7a para o metaverso provavelmente ter\u00e1 um impacto positivo nos neg\u00f3cios, e 42% dizem que ser\u00e1 \u201cinovador\u201d ou \u201ctransformador\u201d. Outra pesquisa, conduzida pela Nokia, apontou que dois ter\u00e7os das empresas B2B ouvidas disseram que est\u00e3o se educando sobre as possibilidades, enquanto 5% se revelaram como adotantes iniciais, j\u00e1 investindo em tecnologias e expertise do metaverso.<\/p>\n<p>Com novos casos de uso surgindo o tempo todo, e as tecnologias do metaverso evoluindo rapidamente, pode n\u00e3o demorar muito at\u00e9 que os \u00f3culos RA (Realidade Aumentada) e RV (Realidade Virtual) sejam t\u00e3o onipresentes no local de trabalho quanto os notebooks e smartphones s\u00e3o hoje.<\/p>\n<p>Nos \u00faltimos dois anos notamos uma grande mudan\u00e7a com as empresas se tornando mais online e o trabalho remoto uma realidade. Essas transforma\u00e7\u00f5es devem continuar evoluindo, acompanhando as novas tecnologias em dire\u00e7\u00e3o ao metaverso.<\/p>\n<p><strong>Experi\u00eancia imersiva de vendas<\/strong><\/p>\n<p>Com o surgimento do metaverso, as empresas podem explorar oportunidades para construir relacionamentos mais pr\u00f3ximos com os clientes e criar experi\u00eancias de compra mais imersivas, e essas intera\u00e7\u00f5es aprimoradas podem tornar as vendas mais f\u00e1ceis do que as formas tradicionais. \u00c9 como juntar a experi\u00eancia de uma negocia\u00e7\u00e3o presencial com a comodidade de uma videochamada.<\/p>\n<p>Ao estabelecer uma presen\u00e7a no espa\u00e7o digital, as empresas podem alcan\u00e7ar novos mercados e explorar novas fontes de receita. O metaverso tamb\u00e9m tem o potencial de aumentar a produtividade das vendas. Por exemplo, um vendedor pode realizar v\u00e1rias reuni\u00f5es com compradores de diferentes partes do mundo em um mesmo dia.<\/p>\n<p>Isso tamb\u00e9m possibilita a redu\u00e7\u00e3o de custos, uma organiza\u00e7\u00e3o com clientela global pode usar o metaverso para reduzir seus custos de viagem. Com as reuni\u00f5es no ambiente virtual, n\u00e3o h\u00e1 necessidade de reservar passagens a\u00e9reas ou pagar por quartos de hotel. E n\u00e3o \u00e9 apenas econ\u00f4mico, mas tamb\u00e9m ecol\u00f3gico.<\/p>\n<p><strong>Treinamentos e integra\u00e7\u00f5es<\/strong><\/p>\n<p>Outro uso para as tecnologias de metaverso \u00e9 o treinamento. A Realidade Virtual (RV), em particular, pode unir as pessoas sem as despesas e o tempo de inatividade associados \u00e0 viagem para um local de treinamento central. Isso coloca a RV como uma progress\u00e3o natural de reunir pessoas em ferramentas de videoconfer\u00eancia. Embora o treinamento em videoconfer\u00eancia possa ser unidirecional, a RV torna o aprendizado uma experi\u00eancia muito mais pr\u00e1tica.<\/p>\n<p>Al\u00e9m disso, esses recursos podem tornar vis\u00edvel o que \u00e9 invis\u00edvel, como, por exemplo, as ondas de r\u00e1dio que se propagam s\u00e3o invis\u00edveis no mundo real, mas em RV e RA elas podem se tornar vis\u00edveis, para que os trainees possam entender melhor recursos como forma\u00e7\u00e3o de feixe de antena.<\/p>\n<p>Pode parecer loucura que seus funcion\u00e1rios possam passar uma parte do dia atr\u00e1s de um \u00f3culos de realidade virtual em uma sess\u00e3o de aprendizado ou testando um conceito de design para ver se a estrutura de um edif\u00edcio pode resistir a um furac\u00e3o. O metaverso j\u00e1 est\u00e1 girando em torno de nosso mundo de trabalho com uma gama de tecnologias emergentes e casos de uso que podem se tornar a pr\u00f3xima grande novidade.<\/p>\n<p>Independentemente de como isso ir\u00e1 evoluir, uma coisa \u00e9 certa: o metaverso vai impulsionar novos aplicativos e experi\u00eancias \u2013 tanto nos neg\u00f3cios quanto na esfera do consumidor, sendo necess\u00e1rio estar preparado para a pr\u00f3xima gera\u00e7\u00e3o da internet.<\/p>\n<\/div>\n<\/div>\n<div class=\"e-mailit_toolbox circular  size48\">\n<div class=\"e-mailit_btn_EMAILiT\"><\/div>\n<\/div>\n","protected":false},"excerpt":{"rendered":"<p>O conceito de metaverso apareceu pela primeira vez em 1992 com o escritor norte-americano Neal Stephenson. Em sua obra Snow Crash, ele descreveu uma esp\u00e9cie de espa\u00e7o virtual coletivo compat\u00edvel e convergente com a realidade. No final de 2021, o termo saiu das p\u00e1ginas de fic\u00e7\u00e3o quando Mark Zuckemberg trouxe para sua apresenta\u00e7\u00e3o na Confer\u00eancia [&hellip;]<\/p>\n","protected":false},"author":2,"featured_media":10539,"comment_status":"open","ping_status":"open","sticky":false,"template":"","format":"standard","meta":{"_jetpack_memberships_contains_paid_content":false,"footnotes":""},"categories":[1],"tags":[7855,7854],"featured_image_src":{"landsacpe":["https:\/\/revistaempresarios.net\/web\/wp-content\/uploads\/2023\/07\/9557116642536db57d689ee064fabc3e_XL-1140x445.jpg",1140,445,true],"list":["https:\/\/revistaempresarios.net\/web\/wp-content\/uploads\/2023\/07\/9557116642536db57d689ee064fabc3e_XL-463x348.jpg",463,348,true],"medium":["https:\/\/revistaempresarios.net\/web\/wp-content\/uploads\/2023\/07\/9557116642536db57d689ee064fabc3e_XL-268x300.jpg",268,300,true],"full":["https:\/\/revistaempresarios.net\/web\/wp-content\/uploads\/2023\/07\/9557116642536db57d689ee064fabc3e_XL.jpg",1220,1365,false]},"jetpack_sharing_enabled":true,"jetpack_featured_media_url":"https:\/\/revistaempresarios.net\/web\/wp-content\/uploads\/2023\/07\/9557116642536db57d689ee064fabc3e_XL.jpg","jetpack-related-posts":[],"_links":{"self":[{"href":"https:\/\/revistaempresarios.net\/web\/wp-json\/wp\/v2\/posts\/10537"}],"collection":[{"href":"https:\/\/revistaempresarios.net\/web\/wp-json\/wp\/v2\/posts"}],"about":[{"href":"https:\/\/revistaempresarios.net\/web\/wp-json\/wp\/v2\/types\/post"}],"author":[{"embeddable":true,"href":"https:\/\/revistaempresarios.net\/web\/wp-json\/wp\/v2\/users\/2"}],"replies":[{"embeddable":true,"href":"https:\/\/revistaempresarios.net\/web\/wp-json\/wp\/v2\/comments?post=10537"}],"version-history":[{"count":2,"href":"https:\/\/revistaempresarios.net\/web\/wp-json\/wp\/v2\/posts\/10537\/revisions"}],"predecessor-version":[{"id":10540,"href":"https:\/\/revistaempresarios.net\/web\/wp-json\/wp\/v2\/posts\/10537\/revisions\/10540"}],"wp:featuredmedia":[{"embeddable":true,"href":"https:\/\/revistaempresarios.net\/web\/wp-json\/wp\/v2\/media\/10539"}],"wp:attachment":[{"href":"https:\/\/revistaempresarios.net\/web\/wp-json\/wp\/v2\/media?parent=10537"}],"wp:term":[{"taxonomy":"category","embeddable":true,"href":"https:\/\/revistaempresarios.net\/web\/wp-json\/wp\/v2\/categories?post=10537"},{"taxonomy":"post_tag","embeddable":true,"href":"https:\/\/revistaempresarios.net\/web\/wp-json\/wp\/v2\/tags?post=10537"}],"curies":[{"name":"wp","href":"https:\/\/api.w.org\/{rel}","templated":true}]}}