{"id":10456,"date":"2023-07-06T09:39:54","date_gmt":"2023-07-06T12:39:54","guid":{"rendered":"https:\/\/revistaempresarios.net\/web\/?p=10456"},"modified":"2023-07-06T09:39:54","modified_gmt":"2023-07-06T12:39:54","slug":"as-solucoes-que-a-oratoria-traz-na-vida-pessoal-e-profissional-das-pessoas","status":"publish","type":"post","link":"https:\/\/revistaempresarios.net\/web\/2023\/07\/06\/as-solucoes-que-a-oratoria-traz-na-vida-pessoal-e-profissional-das-pessoas\/","title":{"rendered":"As solu\u00e7\u00f5es que a orat\u00f3ria traz na vida pessoal e profissional das pessoas"},"content":{"rendered":"<p><em>Especialista em comunica\u00e7\u00e3o e orat\u00f3ria explica como falar\u00a0<\/em><em>e se expressar bem pode fazer uma grande diferen\u00e7a<\/em><\/p>\n<p>A orat\u00f3ria \u00e9 uma habilidade de comunica\u00e7\u00e3o, que envolve falar bem, de maneira clara e assertiva, sobre os mais diversos assuntos. Por essa raz\u00e3o, a orat\u00f3ria afeta diretamente as pessoas, pois o ato de se comunicar est\u00e1 relacionado \u00e0 forma como absorvem e se expressam no mundo, ou seja, a vis\u00e3o que possuem sobre a vida.<\/p>\n<p>De acordo com\u00a0<strong>Fran Rorato<\/strong>, especialista em comunica\u00e7\u00e3o e orat\u00f3ria, a orat\u00f3ria pode ajudar a vida de uma pessoa.\u00a0No lado pessoal, a orat\u00f3ria contribui efetivamente para a melhoria dos relacionamentos, al\u00e9m de colaborar para mapear o seu lugar no mundo, defendendo opini\u00f5es e posi\u00e7\u00f5es de forma confiante. J\u00e1 no \u00e2mbito profissional, a orat\u00f3ria \u00e9 uma importante forma de construir networking, liderar, vender suas compet\u00eancias, ideias, ou mesmo, produtos.<\/p>\n<p>Para Fran, este \u00e9 um caminho para transformar a vida das pessoas. \u201cVivemos em um momento em que a competi\u00e7\u00e3o faz as pessoas exaustas de tanta bagagem e muitas vezes, justamente por causa disso, n\u00e3o conseguem comunicar de fato tudo o que s\u00e3o. Ent\u00e3o a orat\u00f3ria entra como um processo de liberta\u00e7\u00e3o, onde elas ganham a capacidade de expor quem \u00e9 e o que pensa\u201d, explica.<\/p>\n<p>Em rela\u00e7\u00e3o a pessoas t\u00edmidas, engana-se quem pensa que apresentar essa carater\u00edstica \u00e9 sinal de que n\u00e3o vai conseguir ter uma boa orat\u00f3ria. A especialista acredita que n\u00e3o existe problema em ser t\u00edmido, mas a partir do momento que atrapalha o crescimento pessoal e tamb\u00e9m a marca de cada um no mundo, \u00e9 a hora certa de buscar ajuda profissional para conseguir superar eventuais dificuldades.<\/p>\n<p>Segundo Fran, a diferen\u00e7a entre quem quer ter uma boa orat\u00f3ria para quem n\u00e3o considera relevante \u00e9 a expectativa de futuro. \u201cQuem busca construir coisas grandes, crescer, deixar sua marca por onde passa, n\u00e3o conseguir\u00e1 fazer isso sem comunica\u00e7\u00e3o eficiente. Os grandes l\u00edderes da hist\u00f3ria, empres\u00e1rios e pensadores, todos tinham essa habilidade em comum. Quem n\u00e3o alimenta expectativa de crescimento ou mesmo prefere a zona de conforto, realmente n\u00e3o precisa se preocupar em desenvolver essa habilidade\u201d, afirma.<\/p>\n<p>Visto este cen\u00e1rio, fica mais f\u00e1cil entender o motivo de algumas pessoas conseguirem mais destaque que outras, principalmente no mercado de trabalho. No entanto, apesar do objetivo inicial ser o\u00a0 sucesso no lado profissional, o lado pessoal tamb\u00e9m ser\u00e1 transformado, pois a orat\u00f3ria \u00e9 um processo que atinge todos os \u00e2mbitos da vida.<\/p>\n<p>Por isso, \u00e9 preciso prestar aten\u00e7\u00e3o sobre quais s\u00e3o os pontos que precisam ser melhorados para conseguir \u00eaxito. \u201cExiste concorr\u00eancia em todos os lugares e cada vez mais as pessoas sentem necessidade de ter uma boa orat\u00f3ria, e essa percep\u00e7\u00e3o representa um bom sinal. \u00c9 claro que alguns precisam se desenvolver mais e outros menos, mas o primeiro passo para o sucesso \u00e9 perceber que o esfor\u00e7o vale a pena e que a iniciativa de transformar sua vida\u00a0 por meio da orat\u00f3ria precisa ser sua. Nada \u00e9 fruto do acaso\u201d, finaliza Fran.<\/p>\n<p>&nbsp;<\/p>\n<p><strong>Sobre Fran Rorato<\/strong><\/p>\n<p><a href=\"https:\/\/www.linkedin.com\/in\/fran-rorato\/?originalSubdomain=br\">Fran Rorato<\/a>\u00a0\u00e9\u00a0atriz, jornalista, especialista em comunica\u00e7\u00e3o e orat\u00f3ria, fundadora da\u00a0<a href=\"https:\/\/www.linkedin.com\/company\/2talk-show\/\">2Talk Show<\/a>\u00a0e CEO da rede de escolas de orat\u00f3ria\u00a0<a href=\"https:\/\/conteudos.vox2you.com.br\/curso-de-oratoria-em-sao-paulo-moema?gclid=CjwKCAiAu5agBhBzEiwAdiR5tKXikgJxMRFLBSN3f2jB3awR1tyTmkuOF9NpQjccDwWMyLK22kv0hxoCxkQQAvD_BwE\">Vox2You<\/a>\u00a0em S\u00e3o Paulo. Ao longo da carreira atuou como apresentadora em programas de TV na Record, RedeTV e \u00c9+TV e liderou projetos de treinamentos e mentorias voltados para orat\u00f3ria. Atualmente \u00e9 reconhecida pelo mercado como uma das maiores especialistas do pa\u00eds em comunica\u00e7\u00e3o.<\/p>\n<p>Com conhecimento e pr\u00e1tica, idealizou e fundou\u00a0a 2Talk Show, empresa de agenciamento e dire\u00e7\u00e3o art\u00edstica de palestras, a constru\u00e7\u00e3o de \u201cpalestra show\u201d. A empres\u00e1ria \u00e9 tamb\u00e9m conselheira da Vox2You,\u00a0primeira e maior rede de escolas de orat\u00f3ria da Am\u00e9rica Latina, com 145 unidades distribu\u00eddas em todo territ\u00f3rio nacional. Fran lidera a opera\u00e7\u00e3o de S\u00e3o Paulo que re\u00fane tr\u00eas franquias: Moema e Itaim (operando) e Paulista (em fase de projeto criativo &#8211; layout da escola). \u00c9 formada em Artes C\u00eanicas, pela Casa das Artes de Laranjeiras (CAL), no Rio de Janeiro; graduada em\u00a0Rela\u00e7\u00f5es Internacionais pela Universidade C\u00e2ndido Mendes, no Rio de Janeiro e cursou Psican\u00e1lise no Instituto Brasileiro de Psican\u00e1lise.<\/p>\n","protected":false},"excerpt":{"rendered":"<p>Especialista em comunica\u00e7\u00e3o e orat\u00f3ria explica como falar\u00a0e se expressar bem pode fazer uma grande diferen\u00e7a A orat\u00f3ria \u00e9 uma habilidade de comunica\u00e7\u00e3o, que envolve falar bem, de maneira clara e assertiva, sobre os mais diversos assuntos. Por essa raz\u00e3o, a orat\u00f3ria afeta diretamente as pessoas, pois o ato de se comunicar est\u00e1 relacionado \u00e0 [&hellip;]<\/p>\n","protected":false},"author":2,"featured_media":10457,"comment_status":"open","ping_status":"open","sticky":false,"template":"","format":"standard","meta":{"_jetpack_memberships_contains_paid_content":false,"_joinchat":[],"footnotes":""},"categories":[51,56,57],"tags":[7829],"featured_image_src":{"landsacpe":["https:\/\/revistaempresarios.net\/web\/wp-content\/uploads\/2023\/07\/Fran-Rorato-especialista-em-comunicacao-e-oratoria.png",709,404,false],"list":["https:\/\/revistaempresarios.net\/web\/wp-content\/uploads\/2023\/07\/Fran-Rorato-especialista-em-comunicacao-e-oratoria-463x348.png",463,348,true],"medium":["https:\/\/revistaempresarios.net\/web\/wp-content\/uploads\/2023\/07\/Fran-Rorato-especialista-em-comunicacao-e-oratoria-300x171.png",300,171,true],"full":["https:\/\/revistaempresarios.net\/web\/wp-content\/uploads\/2023\/07\/Fran-Rorato-especialista-em-comunicacao-e-oratoria.png",709,404,false]},"jetpack_sharing_enabled":true,"jetpack_featured_media_url":"https:\/\/revistaempresarios.net\/web\/wp-content\/uploads\/2023\/07\/Fran-Rorato-especialista-em-comunicacao-e-oratoria.png","jetpack-related-posts":[],"_links":{"self":[{"href":"https:\/\/revistaempresarios.net\/web\/wp-json\/wp\/v2\/posts\/10456"}],"collection":[{"href":"https:\/\/revistaempresarios.net\/web\/wp-json\/wp\/v2\/posts"}],"about":[{"href":"https:\/\/revistaempresarios.net\/web\/wp-json\/wp\/v2\/types\/post"}],"author":[{"embeddable":true,"href":"https:\/\/revistaempresarios.net\/web\/wp-json\/wp\/v2\/users\/2"}],"replies":[{"embeddable":true,"href":"https:\/\/revistaempresarios.net\/web\/wp-json\/wp\/v2\/comments?post=10456"}],"version-history":[{"count":1,"href":"https:\/\/revistaempresarios.net\/web\/wp-json\/wp\/v2\/posts\/10456\/revisions"}],"predecessor-version":[{"id":10458,"href":"https:\/\/revistaempresarios.net\/web\/wp-json\/wp\/v2\/posts\/10456\/revisions\/10458"}],"wp:featuredmedia":[{"embeddable":true,"href":"https:\/\/revistaempresarios.net\/web\/wp-json\/wp\/v2\/media\/10457"}],"wp:attachment":[{"href":"https:\/\/revistaempresarios.net\/web\/wp-json\/wp\/v2\/media?parent=10456"}],"wp:term":[{"taxonomy":"category","embeddable":true,"href":"https:\/\/revistaempresarios.net\/web\/wp-json\/wp\/v2\/categories?post=10456"},{"taxonomy":"post_tag","embeddable":true,"href":"https:\/\/revistaempresarios.net\/web\/wp-json\/wp\/v2\/tags?post=10456"}],"curies":[{"name":"wp","href":"https:\/\/api.w.org\/{rel}","templated":true}]}}